{"id":993,"date":"2016-02-15T13:23:36","date_gmt":"2016-02-15T12:23:36","guid":{"rendered":"http:\/\/www.ciberbullying.com\/cyberbullying\/?p=993"},"modified":"2016-02-15T13:23:36","modified_gmt":"2016-02-15T12:23:36","slug":"1-de-4-internautas-tuvo-problemas-relacionados-con-la-seguridad-en-2015","status":"publish","type":"post","link":"https:\/\/www.ciberbullying.com\/cyberbullying\/2016\/02\/15\/1-de-4-internautas-tuvo-problemas-relacionados-con-la-seguridad-en-2015\/","title":{"rendered":"1 de 4 internautas tuvo problemas relacionados con la seguridad en 2015"},"content":{"rendered":"<p><strong>Un estudio elaborado por el Eurostat revela que\u00a0cada vez son m\u00e1s las\u00a0personas conscientes de los riesgos que supone la p\u00e9rdida de privacidad en la red.<\/strong><\/p>\n<div id=\"attachment_996\" style=\"width: 760px\" class=\"wp-caption alignnone\"><a href=\"http:\/\/www.ciberbullying.com\/cyberbullying\/wp-content\/uploads\/2016\/02\/15226344703_255d45c825_k.jpg\"><img fetchpriority=\"high\" decoding=\"async\" aria-describedby=\"caption-attachment-996\" class=\"wp-image-996\" src=\"http:\/\/www.ciberbullying.com\/cyberbullying\/wp-content\/uploads\/2016\/02\/15226344703_255d45c825_k.jpg\" alt=\"15226344703_255d45c825_k\" width=\"750\" height=\"500\" srcset=\"https:\/\/www.ciberbullying.com\/cyberbullying\/wp-content\/uploads\/2016\/02\/15226344703_255d45c825_k.jpg 2048w, https:\/\/www.ciberbullying.com\/cyberbullying\/wp-content\/uploads\/2016\/02\/15226344703_255d45c825_k-300x200.jpg 300w, https:\/\/www.ciberbullying.com\/cyberbullying\/wp-content\/uploads\/2016\/02\/15226344703_255d45c825_k-1024x683.jpg 1024w\" sizes=\"(max-width: 750px) 100vw, 750px\" \/><\/a><p id=\"caption-attachment-996\" class=\"wp-caption-text\">Fuente: Dennis Skley (Flickr)<\/p><\/div>\n<p>En la <a href=\"http:\/\/europa.eu\/index_es.htm\" target=\"_blank\">U<strong>ni\u00f3n Europea<\/strong><\/a> (UE), la proporci\u00f3n de internautas que durante 2015 han experimentado ciertos problemas de seguridad,\u00a0como\u00a0infecci\u00f3n virus, p\u00e9rdida de privacidad, estafas\u00a0econ\u00f3micos o\u00a0el acceso a sitios web inapropiados, se situ\u00f3 en el 25%. O lo que es lo mismo: <strong>1 de 4 usuarias y usuarias de Internet de Europa experimentaron problemas de seguridad el a\u00f1o pasado.\u00a0<\/strong><\/p>\n<p><!--more--><\/p>\n<p>Los problemas de seguridad provoca que la gran mayor\u00eda de internautas todav\u00eda no tengan la confianza suficiente para realizar sus compras en l\u00ednea (apenas 1 de cada 5) o para llevar a cabo actividades bancarias (18%). Destaca tambi\u00e9n el poco uso de las redes p\u00fablicas (13%), debido, seg\u00fan el estudio, a los problemas de seguridad que se experimentan con las conexiones a redes abiertas.<\/p>\n<h4>Los Internautas\u00a0menos afectados por los problemas de seguridad<\/h4>\n<p>Los habitantes\u00a0de<strong> Rep\u00fablica Checa y los Pa\u00edses Bajos son los que menos problemas de seguridad han experimentado<\/strong> durante el a\u00f1o 2015, mientras que, como se puede visualizar en el gr\u00e1fico, los croatas son los que m\u00e1s ataques han sufrido. Entre los pa\u00edses miembros\u00a0son los franceses los ciudadanos que\u00a0peores experiencias han tenido (33%).<\/p>\n<p><a href=\"http:\/\/www.ciberbullying.com\/cyberbullying\/wp-content\/uploads\/2016\/02\/Datos_preocupaci\u00f3n_Internet_2015_Uni\u00f3n_Europea.png\"><img decoding=\"async\" class=\"alignnone size-full wp-image-994 lazyload\" data-src=\"http:\/\/www.ciberbullying.com\/cyberbullying\/wp-content\/uploads\/2016\/02\/Datos_preocupaci\u00f3n_Internet_2015_Uni\u00f3n_Europea.png\" alt=\"Datos_preocupaci\u00f3n_Internet_2015_Uni\u00f3n_Europea\" width=\"725\" height=\"423\" data-srcset=\"https:\/\/www.ciberbullying.com\/cyberbullying\/wp-content\/uploads\/2016\/02\/Datos_preocupaci\u00f3n_Internet_2015_Uni\u00f3n_Europea.png 725w, https:\/\/www.ciberbullying.com\/cyberbullying\/wp-content\/uploads\/2016\/02\/Datos_preocupaci\u00f3n_Internet_2015_Uni\u00f3n_Europea-300x175.png 300w\" data-sizes=\"(max-width: 725px) 100vw, 725px\" src=\"data:image\/svg+xml;base64,PHN2ZyB3aWR0aD0iMSIgaGVpZ2h0PSIxIiB4bWxucz0iaHR0cDovL3d3dy53My5vcmcvMjAwMC9zdmciPjwvc3ZnPg==\" style=\"--smush-placeholder-width: 725px; --smush-placeholder-aspect-ratio: 725\/423;\" \/><\/a><\/p>\n<p>El estudio tambi\u00e9n revela<strong> la preocupaci\u00f3n de la ciudadan\u00eda por el uso de sus datos personales y p\u00e9rdida de privacidad<\/strong>. Si bien la infecci\u00f3n de virus contin\u00faa siendo el rasgo que m\u00e1s preocupaci\u00f3n suscita, cada vez son m\u00e1s las\u00a0personas conscientes de los riesgos que supone la p\u00e9rdida de privacidad en la red. A continuaci\u00f3n el porcentaje de usuarios que captaron alg\u00fan virus en 2015:<\/p>\n<p><a href=\"http:\/\/www.ciberbullying.com\/cyberbullying\/wp-content\/uploads\/2016\/02\/Datos_infecci\u00f3n_virus_2015_Uni\u00f3n_Europea.png\"><img decoding=\"async\" class=\"alignnone wp-image-995 lazyload\" data-src=\"http:\/\/www.ciberbullying.com\/cyberbullying\/wp-content\/uploads\/2016\/02\/Datos_infecci\u00f3n_virus_2015_Uni\u00f3n_Europea.png\" alt=\"Datos_infecci\u00f3n_virus_2015_Uni\u00f3n_Europea\" width=\"750\" height=\"703\" data-srcset=\"https:\/\/www.ciberbullying.com\/cyberbullying\/wp-content\/uploads\/2016\/02\/Datos_infecci\u00f3n_virus_2015_Uni\u00f3n_Europea.png 557w, https:\/\/www.ciberbullying.com\/cyberbullying\/wp-content\/uploads\/2016\/02\/Datos_infecci\u00f3n_virus_2015_Uni\u00f3n_Europea-300x281.png 300w\" data-sizes=\"(max-width: 750px) 100vw, 750px\" src=\"data:image\/svg+xml;base64,PHN2ZyB3aWR0aD0iMSIgaGVpZ2h0PSIxIiB4bWxucz0iaHR0cDovL3d3dy53My5vcmcvMjAwMC9zdmciPjwvc3ZnPg==\" style=\"--smush-placeholder-width: 750px; --smush-placeholder-aspect-ratio: 750\/703;\" \/><\/a><\/p>\n<h4><strong>Nuevos retos y riesgos de Internet y las nuevas tecnolog\u00edas<\/strong><\/h4>\n<p>La irrupci\u00f3n de las nuevas tecnolog\u00edas ha tra\u00eddo consigo<strong>\u00a0nuevos retos y riesgos a quienes usan Internet,<\/strong> siendo la p\u00e9rdida de privacidad uno de los m\u00e1s destacados.\u00a0Es un hecho constatado que las redes sociales, en cuanto que giran en torno a personas identificadas e identificables, han puesto en compromiso la privacidad de quienes navegan.<\/p>\n<p>Supone adem\u00e1s un factor de riesgo o catalizador en otras circunstancias desagradables puesto que\u00a0<strong>cuanto m\u00e1s se sepa de una persona, sin duda, m\u00e1s vulnerable es<\/strong>. Un efecto derivado y poco deseable relacionado con la p\u00e9rdida de privacidad es una conformaci\u00f3n de la identidad digital m\u00e1s compleja, compuesta de m\u00e1s informaciones, y m\u00e1s diferida, en tanto que depende en mayor medida de lo que las dem\u00e1s personas refieran respecto de uno.<\/p>\n<p>La protecci\u00f3n de la privacidad debe ser un tema relevante en la formaci\u00f3n de \u00a0menores que, seg\u00fan los estudios,<strong>desde los once a\u00f1os comienzan a coquetear con estos entornos<\/strong>.\u00a0Bajo esa premisa, Flores centrar\u00e1 su\u00a0ponencia en\u00a0<strong>la gesti\u00f3n responsable de los datos personales<\/strong> cuando se utilizan las nuevas tecnolog\u00edas e Internet.<\/p>\n<p>El cuidado de la privacidad, el uso sin abuso, los riesgos del <a href=\"https:\/\/www.youtube.com\/playlist?list=PL17350D2F33BC2602\" target=\"_blank\"><strong>sexting<\/strong><\/a>, la prevenci\u00f3n del<strong><a href=\"https:\/\/www.youtube.com\/playlist?list=PLC186BF9FE0418ED2\" target=\"_blank\"> ciberbullying<\/a><\/strong>, las responsabilidades legales en Internet o el<strong> uso responsable de smartphones<\/strong> ser\u00e1n algunos\u00a0de los retos abordados junto con el desarrollo del pensamiento cr\u00edtico y la empat\u00eda.<\/p>\n<p><strong>PantallasAmigas lleva desde 2004 impulsando acciones que buscan estimular la capacidad de menores,<\/strong>padres y madres, docentes y profesionales en la protecci\u00f3n de sus datos personales Recursos como las animaciones del<strong><a href=\"https:\/\/www.youtube.com\/channel\/UCV4VpXz_0IujThjnmGwzKbw\" target=\"_blank\">Canal de Youtube de PantallasAmigas<\/a><\/strong>, el <strong><a href=\"http:\/\/www.simuladordeprivacidad.com\/\" target=\"_blank\">Simulador de Privacidad<\/a><\/strong>, los videojuejos <strong><a href=\"http:\/\/www.pantallasamigas.net\/SaferIntenetDay-App-Videogame-SmartPrivial\/\" target=\"_blank\">SmartPRIVIAL<\/a><\/strong> o<strong><a href=\"http:\/\/www.peterytwitter.com\/\" target=\"_blank\">Peter y Twitter, el Dec\u00e1logo por la Ciberconvivencia Positiva<\/a><\/strong>, o <strong><a href=\"http:\/\/www.netiquetate.com\/\" target=\"_blank\">Netiquetate<\/a><\/strong> as\u00ed como campa\u00f1as como \u2018<strong><a href=\"http:\/\/www.cuidatuimagenonline.com\/\" target=\"_blank\">Cuida tu imagen online<\/a><\/strong>\u2018, \u2018<strong><a href=\"http:\/\/www.cuidadoconlawebcam.com\/advertencia-webcam-1.shtml\" target=\"_blank\">Cuidado con la webcam<\/a><\/strong>\u2018, \u2018<strong><a href=\"http:\/\/www.etiquetassinproblemas.com\/\" target=\"_blank\">Etiquetas sin problemas<\/a><\/strong>\u2018, \u2018<strong><a href=\"http:\/\/www.pantallasamigas.net\/recursos-educativos-materiales-didacticos\/etiquetas-sin-permiso-NO\/\" target=\"_blank\">Etiquetas sin permiso NO<\/a><\/strong>\u2018 o \u2018<strong><a href=\"http:\/\/www.peterytwitter.com\/\" target=\"_blank\">Peter y Twitter: educaci\u00f3n para la ciudadan\u00eda<\/a><\/strong>\u2018 demuestran el trabajo y compromiso de PantallasAmigas en la protecci\u00f3n de las y los menores de edad.<\/p>\n","protected":false},"excerpt":{"rendered":"<p>Un estudio elaborado por el Eurostat revela que\u00a0cada vez son m\u00e1s las\u00a0personas conscientes de los riesgos que supone la p\u00e9rdida de privacidad en la red. En la Uni\u00f3n Europea (UE), la proporci\u00f3n de internautas que durante 2015 han experimentado ciertos problemas de seguridad,\u00a0como\u00a0infecci\u00f3n virus, p\u00e9rdida de privacidad, estafas\u00a0econ\u00f3micos o\u00a0el acceso a sitios web inapropiados, se [&hellip;]<\/p>\n","protected":false},"author":1,"featured_media":994,"comment_status":"open","ping_status":"open","sticky":false,"template":"","format":"standard","meta":{"footnotes":""},"categories":[277,805,279,806],"tags":[27,8,10,55,73,81,152,291,868,294,179,201,235,57,58,48,141,814,160,36,89,867],"class_list":["post-993","post","type-post","status-publish","format-standard","has-post-thumbnail","hentry","category-articulos","category-estadisticas","category-categoria-estudios","category-investigacion","tag-ciberacoso","tag-ciberbullying-2","tag-consejos","tag-datos-personales","tag-estadisticas","tag-estudios","tag-europa","tag-eventos","tag-internautas","tag-pantallasamigas","tag-peligros","tag-politicas-publicas","tag-prevencion","tag-privacidad","tag-redes-sociales","tag-riesgos","tag-seguridad","tag-seguridad-en-internet","tag-sexting","tag-telefonos-moviles","tag-ue","tag-union-europea"],"yoast_head":"<!-- This site is optimized with the Yoast SEO plugin v27.5 - https:\/\/yoast.com\/product\/yoast-seo-wordpress\/ -->\n<title>1 de 4 internautas tuvo problemas relacionados con la seguridad en 2015 - CIBERBULLYING<\/title>\n<meta name=\"robots\" content=\"index, follow, max-snippet:-1, max-image-preview:large, max-video-preview:-1\" \/>\n<link rel=\"canonical\" href=\"https:\/\/www.ciberbullying.com\/cyberbullying\/2016\/02\/15\/1-de-4-internautas-tuvo-problemas-relacionados-con-la-seguridad-en-2015\/\" \/>\n<meta property=\"og:locale\" content=\"es_ES\" \/>\n<meta property=\"og:type\" content=\"article\" \/>\n<meta property=\"og:title\" content=\"1 de 4 internautas tuvo problemas relacionados con la seguridad en 2015 - CIBERBULLYING\" \/>\n<meta property=\"og:description\" content=\"Un estudio elaborado por el Eurostat revela que\u00a0cada vez son m\u00e1s las\u00a0personas conscientes de los riesgos que supone la p\u00e9rdida de privacidad en la red. En la Uni\u00f3n Europea (UE), la proporci\u00f3n de internautas que durante 2015 han experimentado ciertos problemas de seguridad,\u00a0como\u00a0infecci\u00f3n virus, p\u00e9rdida de privacidad, estafas\u00a0econ\u00f3micos o\u00a0el acceso a sitios web inapropiados, se [&hellip;]\" \/>\n<meta property=\"og:url\" content=\"https:\/\/www.ciberbullying.com\/cyberbullying\/2016\/02\/15\/1-de-4-internautas-tuvo-problemas-relacionados-con-la-seguridad-en-2015\/\" \/>\n<meta property=\"og:site_name\" content=\"CIBERBULLYING\" \/>\n<meta property=\"article:published_time\" content=\"2016-02-15T12:23:36+00:00\" \/>\n<meta property=\"og:image\" content=\"https:\/\/www.ciberbullying.com\/cyberbullying\/wp-content\/uploads\/2016\/02\/Datos_preocupaci\u00f3n_Internet_2015_Uni\u00f3n_Europea.png\" \/>\n\t<meta property=\"og:image:width\" content=\"725\" \/>\n\t<meta property=\"og:image:height\" content=\"423\" \/>\n\t<meta property=\"og:image:type\" content=\"image\/png\" \/>\n<meta name=\"author\" content=\"PantallasAmigas\" \/>\n<meta name=\"twitter:card\" content=\"summary_large_image\" \/>\n<meta name=\"twitter:label1\" content=\"Escrito por\" \/>\n\t<meta name=\"twitter:data1\" content=\"PantallasAmigas\" \/>\n\t<meta name=\"twitter:label2\" content=\"Tiempo de lectura\" \/>\n\t<meta name=\"twitter:data2\" content=\"3 minutos\" \/>\n<script type=\"application\/ld+json\" class=\"yoast-schema-graph\">{\"@context\":\"https:\\\/\\\/schema.org\",\"@graph\":[{\"@type\":\"Article\",\"@id\":\"https:\\\/\\\/www.ciberbullying.com\\\/cyberbullying\\\/2016\\\/02\\\/15\\\/1-de-4-internautas-tuvo-problemas-relacionados-con-la-seguridad-en-2015\\\/#article\",\"isPartOf\":{\"@id\":\"https:\\\/\\\/www.ciberbullying.com\\\/cyberbullying\\\/2016\\\/02\\\/15\\\/1-de-4-internautas-tuvo-problemas-relacionados-con-la-seguridad-en-2015\\\/\"},\"author\":{\"name\":\"PantallasAmigas\",\"@id\":\"https:\\\/\\\/www.ciberbullying.com\\\/cyberbullying\\\/#\\\/schema\\\/person\\\/dff89bf66ee732b07375d9552d359416\"},\"headline\":\"1 de 4 internautas tuvo problemas relacionados con la seguridad en 2015\",\"datePublished\":\"2016-02-15T12:23:36+00:00\",\"mainEntityOfPage\":{\"@id\":\"https:\\\/\\\/www.ciberbullying.com\\\/cyberbullying\\\/2016\\\/02\\\/15\\\/1-de-4-internautas-tuvo-problemas-relacionados-con-la-seguridad-en-2015\\\/\"},\"wordCount\":683,\"commentCount\":1,\"image\":{\"@id\":\"https:\\\/\\\/www.ciberbullying.com\\\/cyberbullying\\\/2016\\\/02\\\/15\\\/1-de-4-internautas-tuvo-problemas-relacionados-con-la-seguridad-en-2015\\\/#primaryimage\"},\"thumbnailUrl\":\"https:\\\/\\\/www.ciberbullying.com\\\/cyberbullying\\\/wp-content\\\/uploads\\\/2016\\\/02\\\/Datos_preocupaci\u00f3n_Internet_2015_Uni\u00f3n_Europea.png\",\"keywords\":[\"ciberacoso\",\"ciberbullying\",\"consejos\",\"datos personales\",\"estad\u00edsticas\",\"estudios\",\"europa\",\"eventos\",\"internautas\",\"pantallasamigas\",\"peligros\",\"pol\u00edticas p\u00fablicas\",\"prevenci\u00f3n\",\"privacidad\",\"redes sociales\",\"riesgos\",\"seguridad\",\"seguridad en Internet\",\"sexting\",\"tel\u00e9fonos m\u00f3viles\",\"ue\",\"Uni\u00f3n europea\"],\"articleSection\":[\"Art\u00edculos\",\"Estad\u00edsticas\",\"Estudios\",\"Investigaci\u00f3n\"],\"inLanguage\":\"es\",\"potentialAction\":[{\"@type\":\"CommentAction\",\"name\":\"Comment\",\"target\":[\"https:\\\/\\\/www.ciberbullying.com\\\/cyberbullying\\\/2016\\\/02\\\/15\\\/1-de-4-internautas-tuvo-problemas-relacionados-con-la-seguridad-en-2015\\\/#respond\"]}]},{\"@type\":\"WebPage\",\"@id\":\"https:\\\/\\\/www.ciberbullying.com\\\/cyberbullying\\\/2016\\\/02\\\/15\\\/1-de-4-internautas-tuvo-problemas-relacionados-con-la-seguridad-en-2015\\\/\",\"url\":\"https:\\\/\\\/www.ciberbullying.com\\\/cyberbullying\\\/2016\\\/02\\\/15\\\/1-de-4-internautas-tuvo-problemas-relacionados-con-la-seguridad-en-2015\\\/\",\"name\":\"1 de 4 internautas tuvo problemas relacionados con la seguridad en 2015 - CIBERBULLYING\",\"isPartOf\":{\"@id\":\"https:\\\/\\\/www.ciberbullying.com\\\/cyberbullying\\\/#website\"},\"primaryImageOfPage\":{\"@id\":\"https:\\\/\\\/www.ciberbullying.com\\\/cyberbullying\\\/2016\\\/02\\\/15\\\/1-de-4-internautas-tuvo-problemas-relacionados-con-la-seguridad-en-2015\\\/#primaryimage\"},\"image\":{\"@id\":\"https:\\\/\\\/www.ciberbullying.com\\\/cyberbullying\\\/2016\\\/02\\\/15\\\/1-de-4-internautas-tuvo-problemas-relacionados-con-la-seguridad-en-2015\\\/#primaryimage\"},\"thumbnailUrl\":\"https:\\\/\\\/www.ciberbullying.com\\\/cyberbullying\\\/wp-content\\\/uploads\\\/2016\\\/02\\\/Datos_preocupaci\u00f3n_Internet_2015_Uni\u00f3n_Europea.png\",\"datePublished\":\"2016-02-15T12:23:36+00:00\",\"author\":{\"@id\":\"https:\\\/\\\/www.ciberbullying.com\\\/cyberbullying\\\/#\\\/schema\\\/person\\\/dff89bf66ee732b07375d9552d359416\"},\"breadcrumb\":{\"@id\":\"https:\\\/\\\/www.ciberbullying.com\\\/cyberbullying\\\/2016\\\/02\\\/15\\\/1-de-4-internautas-tuvo-problemas-relacionados-con-la-seguridad-en-2015\\\/#breadcrumb\"},\"inLanguage\":\"es\",\"potentialAction\":[{\"@type\":\"ReadAction\",\"target\":[\"https:\\\/\\\/www.ciberbullying.com\\\/cyberbullying\\\/2016\\\/02\\\/15\\\/1-de-4-internautas-tuvo-problemas-relacionados-con-la-seguridad-en-2015\\\/\"]}]},{\"@type\":\"ImageObject\",\"inLanguage\":\"es\",\"@id\":\"https:\\\/\\\/www.ciberbullying.com\\\/cyberbullying\\\/2016\\\/02\\\/15\\\/1-de-4-internautas-tuvo-problemas-relacionados-con-la-seguridad-en-2015\\\/#primaryimage\",\"url\":\"https:\\\/\\\/www.ciberbullying.com\\\/cyberbullying\\\/wp-content\\\/uploads\\\/2016\\\/02\\\/Datos_preocupaci\u00f3n_Internet_2015_Uni\u00f3n_Europea.png\",\"contentUrl\":\"https:\\\/\\\/www.ciberbullying.com\\\/cyberbullying\\\/wp-content\\\/uploads\\\/2016\\\/02\\\/Datos_preocupaci\u00f3n_Internet_2015_Uni\u00f3n_Europea.png\",\"width\":725,\"height\":423},{\"@type\":\"BreadcrumbList\",\"@id\":\"https:\\\/\\\/www.ciberbullying.com\\\/cyberbullying\\\/2016\\\/02\\\/15\\\/1-de-4-internautas-tuvo-problemas-relacionados-con-la-seguridad-en-2015\\\/#breadcrumb\",\"itemListElement\":[{\"@type\":\"ListItem\",\"position\":1,\"name\":\"Portada\",\"item\":\"https:\\\/\\\/www.ciberbullying.com\\\/cyberbullying\\\/\"},{\"@type\":\"ListItem\",\"position\":2,\"name\":\"1 de 4 internautas tuvo problemas relacionados con la seguridad en 2015\"}]},{\"@type\":\"WebSite\",\"@id\":\"https:\\\/\\\/www.ciberbullying.com\\\/cyberbullying\\\/#website\",\"url\":\"https:\\\/\\\/www.ciberbullying.com\\\/cyberbullying\\\/\",\"name\":\"CIBERBULLYING\",\"description\":\"Acoso escolar \u2013 Ciberacoso entre iguales\",\"potentialAction\":[{\"@type\":\"SearchAction\",\"target\":{\"@type\":\"EntryPoint\",\"urlTemplate\":\"https:\\\/\\\/www.ciberbullying.com\\\/cyberbullying\\\/?s={search_term_string}\"},\"query-input\":{\"@type\":\"PropertyValueSpecification\",\"valueRequired\":true,\"valueName\":\"search_term_string\"}}],\"inLanguage\":\"es\"},{\"@type\":\"Person\",\"@id\":\"https:\\\/\\\/www.ciberbullying.com\\\/cyberbullying\\\/#\\\/schema\\\/person\\\/dff89bf66ee732b07375d9552d359416\",\"name\":\"PantallasAmigas\",\"image\":{\"@type\":\"ImageObject\",\"inLanguage\":\"es\",\"@id\":\"https:\\\/\\\/secure.gravatar.com\\\/avatar\\\/5eab05966ee30ba2d4bdbc7f83f1eb6c99c4e78cb319c02061c4bb4b7dd85bd8?s=96&d=mm&r=g\",\"url\":\"https:\\\/\\\/secure.gravatar.com\\\/avatar\\\/5eab05966ee30ba2d4bdbc7f83f1eb6c99c4e78cb319c02061c4bb4b7dd85bd8?s=96&d=mm&r=g\",\"contentUrl\":\"https:\\\/\\\/secure.gravatar.com\\\/avatar\\\/5eab05966ee30ba2d4bdbc7f83f1eb6c99c4e78cb319c02061c4bb4b7dd85bd8?s=96&d=mm&r=g\",\"caption\":\"PantallasAmigas\"},\"description\":\"PantallasAmigas es una iniciativa fundada en 2004 cuya misi\u00f3n es promover el uso seguro y saludable de las nuevas tecnolog\u00edas as\u00ed como una ciudadan\u00eda digital responsable en la infancia y la adolescencia.\",\"sameAs\":[\"http:\\\/\\\/www.pantallasamigas.net\"]}]}<\/script>\n<!-- \/ Yoast SEO plugin. -->","yoast_head_json":{"title":"1 de 4 internautas tuvo problemas relacionados con la seguridad en 2015 - CIBERBULLYING","robots":{"index":"index","follow":"follow","max-snippet":"max-snippet:-1","max-image-preview":"max-image-preview:large","max-video-preview":"max-video-preview:-1"},"canonical":"https:\/\/www.ciberbullying.com\/cyberbullying\/2016\/02\/15\/1-de-4-internautas-tuvo-problemas-relacionados-con-la-seguridad-en-2015\/","og_locale":"es_ES","og_type":"article","og_title":"1 de 4 internautas tuvo problemas relacionados con la seguridad en 2015 - CIBERBULLYING","og_description":"Un estudio elaborado por el Eurostat revela que\u00a0cada vez son m\u00e1s las\u00a0personas conscientes de los riesgos que supone la p\u00e9rdida de privacidad en la red. En la Uni\u00f3n Europea (UE), la proporci\u00f3n de internautas que durante 2015 han experimentado ciertos problemas de seguridad,\u00a0como\u00a0infecci\u00f3n virus, p\u00e9rdida de privacidad, estafas\u00a0econ\u00f3micos o\u00a0el acceso a sitios web inapropiados, se [&hellip;]","og_url":"https:\/\/www.ciberbullying.com\/cyberbullying\/2016\/02\/15\/1-de-4-internautas-tuvo-problemas-relacionados-con-la-seguridad-en-2015\/","og_site_name":"CIBERBULLYING","article_published_time":"2016-02-15T12:23:36+00:00","og_image":[{"width":725,"height":423,"url":"https:\/\/www.ciberbullying.com\/cyberbullying\/wp-content\/uploads\/2016\/02\/Datos_preocupaci\u00f3n_Internet_2015_Uni\u00f3n_Europea.png","type":"image\/png"}],"author":"PantallasAmigas","twitter_card":"summary_large_image","twitter_misc":{"Escrito por":"PantallasAmigas","Tiempo de lectura":"3 minutos"},"schema":{"@context":"https:\/\/schema.org","@graph":[{"@type":"Article","@id":"https:\/\/www.ciberbullying.com\/cyberbullying\/2016\/02\/15\/1-de-4-internautas-tuvo-problemas-relacionados-con-la-seguridad-en-2015\/#article","isPartOf":{"@id":"https:\/\/www.ciberbullying.com\/cyberbullying\/2016\/02\/15\/1-de-4-internautas-tuvo-problemas-relacionados-con-la-seguridad-en-2015\/"},"author":{"name":"PantallasAmigas","@id":"https:\/\/www.ciberbullying.com\/cyberbullying\/#\/schema\/person\/dff89bf66ee732b07375d9552d359416"},"headline":"1 de 4 internautas tuvo problemas relacionados con la seguridad en 2015","datePublished":"2016-02-15T12:23:36+00:00","mainEntityOfPage":{"@id":"https:\/\/www.ciberbullying.com\/cyberbullying\/2016\/02\/15\/1-de-4-internautas-tuvo-problemas-relacionados-con-la-seguridad-en-2015\/"},"wordCount":683,"commentCount":1,"image":{"@id":"https:\/\/www.ciberbullying.com\/cyberbullying\/2016\/02\/15\/1-de-4-internautas-tuvo-problemas-relacionados-con-la-seguridad-en-2015\/#primaryimage"},"thumbnailUrl":"https:\/\/www.ciberbullying.com\/cyberbullying\/wp-content\/uploads\/2016\/02\/Datos_preocupaci\u00f3n_Internet_2015_Uni\u00f3n_Europea.png","keywords":["ciberacoso","ciberbullying","consejos","datos personales","estad\u00edsticas","estudios","europa","eventos","internautas","pantallasamigas","peligros","pol\u00edticas p\u00fablicas","prevenci\u00f3n","privacidad","redes sociales","riesgos","seguridad","seguridad en Internet","sexting","tel\u00e9fonos m\u00f3viles","ue","Uni\u00f3n europea"],"articleSection":["Art\u00edculos","Estad\u00edsticas","Estudios","Investigaci\u00f3n"],"inLanguage":"es","potentialAction":[{"@type":"CommentAction","name":"Comment","target":["https:\/\/www.ciberbullying.com\/cyberbullying\/2016\/02\/15\/1-de-4-internautas-tuvo-problemas-relacionados-con-la-seguridad-en-2015\/#respond"]}]},{"@type":"WebPage","@id":"https:\/\/www.ciberbullying.com\/cyberbullying\/2016\/02\/15\/1-de-4-internautas-tuvo-problemas-relacionados-con-la-seguridad-en-2015\/","url":"https:\/\/www.ciberbullying.com\/cyberbullying\/2016\/02\/15\/1-de-4-internautas-tuvo-problemas-relacionados-con-la-seguridad-en-2015\/","name":"1 de 4 internautas tuvo problemas relacionados con la seguridad en 2015 - CIBERBULLYING","isPartOf":{"@id":"https:\/\/www.ciberbullying.com\/cyberbullying\/#website"},"primaryImageOfPage":{"@id":"https:\/\/www.ciberbullying.com\/cyberbullying\/2016\/02\/15\/1-de-4-internautas-tuvo-problemas-relacionados-con-la-seguridad-en-2015\/#primaryimage"},"image":{"@id":"https:\/\/www.ciberbullying.com\/cyberbullying\/2016\/02\/15\/1-de-4-internautas-tuvo-problemas-relacionados-con-la-seguridad-en-2015\/#primaryimage"},"thumbnailUrl":"https:\/\/www.ciberbullying.com\/cyberbullying\/wp-content\/uploads\/2016\/02\/Datos_preocupaci\u00f3n_Internet_2015_Uni\u00f3n_Europea.png","datePublished":"2016-02-15T12:23:36+00:00","author":{"@id":"https:\/\/www.ciberbullying.com\/cyberbullying\/#\/schema\/person\/dff89bf66ee732b07375d9552d359416"},"breadcrumb":{"@id":"https:\/\/www.ciberbullying.com\/cyberbullying\/2016\/02\/15\/1-de-4-internautas-tuvo-problemas-relacionados-con-la-seguridad-en-2015\/#breadcrumb"},"inLanguage":"es","potentialAction":[{"@type":"ReadAction","target":["https:\/\/www.ciberbullying.com\/cyberbullying\/2016\/02\/15\/1-de-4-internautas-tuvo-problemas-relacionados-con-la-seguridad-en-2015\/"]}]},{"@type":"ImageObject","inLanguage":"es","@id":"https:\/\/www.ciberbullying.com\/cyberbullying\/2016\/02\/15\/1-de-4-internautas-tuvo-problemas-relacionados-con-la-seguridad-en-2015\/#primaryimage","url":"https:\/\/www.ciberbullying.com\/cyberbullying\/wp-content\/uploads\/2016\/02\/Datos_preocupaci\u00f3n_Internet_2015_Uni\u00f3n_Europea.png","contentUrl":"https:\/\/www.ciberbullying.com\/cyberbullying\/wp-content\/uploads\/2016\/02\/Datos_preocupaci\u00f3n_Internet_2015_Uni\u00f3n_Europea.png","width":725,"height":423},{"@type":"BreadcrumbList","@id":"https:\/\/www.ciberbullying.com\/cyberbullying\/2016\/02\/15\/1-de-4-internautas-tuvo-problemas-relacionados-con-la-seguridad-en-2015\/#breadcrumb","itemListElement":[{"@type":"ListItem","position":1,"name":"Portada","item":"https:\/\/www.ciberbullying.com\/cyberbullying\/"},{"@type":"ListItem","position":2,"name":"1 de 4 internautas tuvo problemas relacionados con la seguridad en 2015"}]},{"@type":"WebSite","@id":"https:\/\/www.ciberbullying.com\/cyberbullying\/#website","url":"https:\/\/www.ciberbullying.com\/cyberbullying\/","name":"CIBERBULLYING","description":"Acoso escolar \u2013 Ciberacoso entre iguales","potentialAction":[{"@type":"SearchAction","target":{"@type":"EntryPoint","urlTemplate":"https:\/\/www.ciberbullying.com\/cyberbullying\/?s={search_term_string}"},"query-input":{"@type":"PropertyValueSpecification","valueRequired":true,"valueName":"search_term_string"}}],"inLanguage":"es"},{"@type":"Person","@id":"https:\/\/www.ciberbullying.com\/cyberbullying\/#\/schema\/person\/dff89bf66ee732b07375d9552d359416","name":"PantallasAmigas","image":{"@type":"ImageObject","inLanguage":"es","@id":"https:\/\/secure.gravatar.com\/avatar\/5eab05966ee30ba2d4bdbc7f83f1eb6c99c4e78cb319c02061c4bb4b7dd85bd8?s=96&d=mm&r=g","url":"https:\/\/secure.gravatar.com\/avatar\/5eab05966ee30ba2d4bdbc7f83f1eb6c99c4e78cb319c02061c4bb4b7dd85bd8?s=96&d=mm&r=g","contentUrl":"https:\/\/secure.gravatar.com\/avatar\/5eab05966ee30ba2d4bdbc7f83f1eb6c99c4e78cb319c02061c4bb4b7dd85bd8?s=96&d=mm&r=g","caption":"PantallasAmigas"},"description":"PantallasAmigas es una iniciativa fundada en 2004 cuya misi\u00f3n es promover el uso seguro y saludable de las nuevas tecnolog\u00edas as\u00ed como una ciudadan\u00eda digital responsable en la infancia y la adolescencia.","sameAs":["http:\/\/www.pantallasamigas.net"]}]}},"_links":{"self":[{"href":"https:\/\/www.ciberbullying.com\/cyberbullying\/wp-json\/wp\/v2\/posts\/993","targetHints":{"allow":["GET"]}}],"collection":[{"href":"https:\/\/www.ciberbullying.com\/cyberbullying\/wp-json\/wp\/v2\/posts"}],"about":[{"href":"https:\/\/www.ciberbullying.com\/cyberbullying\/wp-json\/wp\/v2\/types\/post"}],"author":[{"embeddable":true,"href":"https:\/\/www.ciberbullying.com\/cyberbullying\/wp-json\/wp\/v2\/users\/1"}],"replies":[{"embeddable":true,"href":"https:\/\/www.ciberbullying.com\/cyberbullying\/wp-json\/wp\/v2\/comments?post=993"}],"version-history":[{"count":1,"href":"https:\/\/www.ciberbullying.com\/cyberbullying\/wp-json\/wp\/v2\/posts\/993\/revisions"}],"predecessor-version":[{"id":997,"href":"https:\/\/www.ciberbullying.com\/cyberbullying\/wp-json\/wp\/v2\/posts\/993\/revisions\/997"}],"wp:featuredmedia":[{"embeddable":true,"href":"https:\/\/www.ciberbullying.com\/cyberbullying\/wp-json\/wp\/v2\/media\/994"}],"wp:attachment":[{"href":"https:\/\/www.ciberbullying.com\/cyberbullying\/wp-json\/wp\/v2\/media?parent=993"}],"wp:term":[{"taxonomy":"category","embeddable":true,"href":"https:\/\/www.ciberbullying.com\/cyberbullying\/wp-json\/wp\/v2\/categories?post=993"},{"taxonomy":"post_tag","embeddable":true,"href":"https:\/\/www.ciberbullying.com\/cyberbullying\/wp-json\/wp\/v2\/tags?post=993"}],"curies":[{"name":"wp","href":"https:\/\/api.w.org\/{rel}","templated":true}]}}