{"id":813,"date":"2015-03-05T11:03:47","date_gmt":"2015-03-05T10:03:47","guid":{"rendered":"http:\/\/www.ciberbullying.com\/cyberbullying\/?p=813"},"modified":"2015-07-22T12:50:24","modified_gmt":"2015-07-22T11:50:24","slug":"congreso-internacional-de-innovacion-educativa-aborda-el-ciberbullying-en-mexico","status":"publish","type":"post","link":"https:\/\/www.ciberbullying.com\/cyberbullying\/2015\/03\/05\/congreso-internacional-de-innovacion-educativa-aborda-el-ciberbullying-en-mexico\/","title":{"rendered":"Congreso Internacional de Innovaci\u00f3n Educativa aborda el ciberbullying en M\u00e9xico"},"content":{"rendered":"<p style=\"text-align: justify\"><strong>Organizado por la Organizaci\u00f3n ORT de M\u00e9xico I.A.P. y la Asociaci\u00f3n Iberoamericana de Innovaci\u00f3n Educativa A.C, el evento cont\u00f3 con dos talleres, impartidos\u00a0por PantallasAmigas,\u00a0en los que se\u00a0trabaj\u00f3 para la prevenci\u00f3n del ciberacoso entre iguales.<\/strong><\/p>\n<div id=\"attachment_814\" style=\"width: 630px\" class=\"wp-caption alignnone\"><a href=\"http:\/\/www.ciberbullying.com\/cyberbullying\/wp-content\/uploads\/2015\/03\/Congreso-Internacional-de-innovaci\u00f3n-educativa-Taller-ciberbullying-urko-fernandez-pantallas-amigas.jpg\"><img fetchpriority=\"high\" decoding=\"async\" aria-describedby=\"caption-attachment-814\" class=\"wp-image-814\" title=\"Urko Fern\u00e1ndez explica c\u00f3mo prevenir el ciberbullying\" src=\"http:\/\/www.ciberbullying.com\/cyberbullying\/wp-content\/uploads\/2015\/03\/Congreso-Internacional-de-innovaci\u00f3n-educativa-Taller-ciberbullying-urko-fernandez-pantallas-amigas.jpg\" alt=\"Congreso-Internacional-de-innovaci\u00f3n-educativa-Taller-ciberbullying-urko-fernandez-pantallas-amigas-m\u00e9xico\" width=\"620\" height=\"465\" \/><\/a><p id=\"caption-attachment-814\" class=\"wp-caption-text\">Imagen del segundo taller, donde se trataron casos reales de ciberbullying<\/p><\/div>\n<p>Preocupados por las necesidades de desarrollo educativo que existe en M\u00e9xico, la\u00a0<a href=\"http:\/\/www.ort.org.mx\/\" target=\"_blank\"><strong>Organizaci\u00f3n ORT de M\u00e9xico I.A.P.<\/strong><\/a> y la <strong><a href=\"http:\/\/congreso.innovacioneducativa.org.mx\/\" target=\"_blank\">Asociaci\u00f3n Iberoamericana de Innovaci\u00f3n Educativa A.C<\/a>. <\/strong>organizaron un a\u00f1o m\u00e1s el<strong>\u00a0<a href=\"http:\/\/congreso.innovacioneducativa.org.mx\/\" target=\"_blank\">Congreso Internacional de Innovaci\u00f3n Educativa<\/a>,\u00a0 <\/strong>con el prop\u00f3sito de crear mejores profesionales, con una visi\u00f3n global que ayude a lograr una mejora en la docencia de M\u00e9xico.<\/p>\n<p style=\"text-align: justify\">El <strong>Congreso Internacional de Innovaci\u00f3n Educativa 2015<\/strong>, tuvo lugar en\u00a0M\u00e9xico DF los d\u00edas 3 y 4 de marzo de 2015. Considerado el\u00a0evento m\u00e1s importante sobre educaci\u00f3n de\u00a0M\u00e9xico, sus m\u00e1s de 2.000 participantes\u00a0atendieron\u00a0diversos temas relacionados con las \u00faltimas tendencias e innovaciones de educaci\u00f3n a nivel internacional.<\/p>\n<p style=\"text-align: justify\">Con el objetivo de <strong>conocer los riesgos de Internet, sus factores y evoluci\u00f3n<\/strong> para comprender c\u00f3mo se caracteriza el<strong> <a href=\"https:\/\/www.youtube.com\/watch?v=SEC_dOWFN5M\" target=\"_blank\">ciberbullying<\/a><\/strong> o ciberacoso entre iguales, y poder as\u00ed prevenir su ocurrencia, <strong><a href=\"http:\/\/www.pantallasamigas.net\/\" target=\"_blank\">PantallasAmigas <\/a><\/strong>imparti\u00f3 de la mano de su director de proyectos\u00a0dos talleres.<\/p>\n<p style=\"text-align: justify\">El primero de ellos<strong>, \u201cDisfrute sin riesgos de Internet: recomendaciones y recursos para la prevenci\u00f3n\u201d, <\/strong>fue\u00a0impartido\u00a0el martes 3 y<strong>\u00a0<\/strong>tuvo\u00a0como objetivo proporcionar a las y los participantes <strong>una visi\u00f3n clara de cu\u00e1les son las oportunidades y riesgos potenciales que ofrecen las nuevas tecnolog\u00edas<\/strong> para los menores de edad. Para elo, se mostraron\u00a0el origen y consecuencias de estos riesgos as\u00ed como las medidas preventivas a promover.<\/p>\n<div id=\"attachment_815\" style=\"width: 260px\" class=\"wp-caption alignright\"><a href=\"http:\/\/www.ciberbullying.com\/cyberbullying\/wp-content\/uploads\/2015\/03\/Urko-fern\u00e1ndez-director-de-proyecto-de-pantallas-amigas-congreso-internacional-de-innovaci\u00f3n-educativa-m\u00e9xico.jpg\"><img decoding=\"async\" aria-describedby=\"caption-attachment-815\" class=\"wp-image-815 lazyload\" title=\"Urko Fern\u00e1ndez posa con el cartel oficial minutos antes del primer taller\" data-src=\"http:\/\/www.ciberbullying.com\/cyberbullying\/wp-content\/uploads\/2015\/03\/Urko-fern\u00e1ndez-director-de-proyecto-de-pantallas-amigas-congreso-internacional-de-innovaci\u00f3n-educativa-m\u00e9xico.jpg\" alt=\"Urko-fern\u00e1ndez-director-de-proyecto-de-pantallas-amigas-congreso-internacional-de-innovaci\u00f3n-educativa-m\u00e9xico\" width=\"250\" height=\"333\" src=\"data:image\/svg+xml;base64,PHN2ZyB3aWR0aD0iMSIgaGVpZ2h0PSIxIiB4bWxucz0iaHR0cDovL3d3dy53My5vcmcvMjAwMC9zdmciPjwvc3ZnPg==\" style=\"--smush-placeholder-width: 250px; --smush-placeholder-aspect-ratio: 250\/333;\" \/><\/a><p id=\"caption-attachment-815\" class=\"wp-caption-text\">Urko Fern\u00e1ndez, director de proyectos de PantallasAmigas, en el evento<\/p><\/div>\n<p style=\"text-align: justify\">El segundo de los talleres, impartido\u00a0el mi\u00e9rcoles 4, trat\u00f3 sobre <strong>\u201cC\u00f3mo prevenir y combatir el ciberbullying en las escuelas\u201d<\/strong>. Adem\u00e1s de explicar el origen del\u00a0ciberbullying y\u00a0sus modos de manifestarse,\u00a0se ofrecieron una serie de pautas y medidas para prevenirlo, as\u00ed como los consejos necesarios para combatirlo cuando e manifieste.<\/p>\n<p style=\"text-align: justify\">Durante la sesi\u00f3n se trataron casos reales\u00a0de ciberbullying y se trabaj\u00f3 con recursos educativos que ayudaron a comprender <strong>las oportunidades y ventajas de Internet para la infancia y la adolescencia<\/strong>, as\u00ed como la importancia de <strong>la protecci\u00f3n de los datos personales y la imagen<\/strong>.<\/p>\n<p style=\"text-align: justify\">Se hizo especial hincapi\u00e9 no s\u00f3lo en la responsabilidad legal que tienen los menores de edad Internet, sino tambi\u00e9n la\u00a0<strong>responsabilidad del centro escolar<\/strong> donde se relacionen los menores implicados en un caso de ciberbullying, ya que el alumnado tiene <strong>derecho a protecci\u00f3n contra toda agresi\u00f3n f\u00edsica o moral<\/strong> y el centro educativo tiene <strong>obligaci\u00f3n de intervenir<\/strong>, siempre y cuando afecte o intervengan alumnos del mismo centro educativo, aunque estas agresiones ocurran en Internet, fuera del horario escolar y fuera del centro educativo.<\/p>\n<p style=\"text-align: justify\">En este magno evento se cont\u00f3 <strong>con la participaci\u00f3n de integrantes de m\u00e1s de 350 escuelas<\/strong> y la presencia de expertos en la impartici\u00f3n de talleres de alto nivel, tanto nacionales como extranjeros, reconocidos conferencistas de todo el continente americano y ponentes magistrales de talla mundial.<\/p>\n<p style=\"text-align: justify\"><strong>Colaboran:<\/strong><\/p>\n<p style=\"text-align: justify\"><a href=\"http:\/\/www.ciberbullying.com\/cyberbullying\/wp-content\/uploads\/2015\/03\/patrocinadores-congreso-educaci\u00f3n-innovaci\u00f3n-M\u00e9xico-Ciberbullying.png\"><img decoding=\"async\" class=\"wp-image-823 alignleft lazyload\" data-src=\"http:\/\/www.ciberbullying.com\/cyberbullying\/wp-content\/uploads\/2015\/03\/patrocinadores-congreso-educaci\u00f3n-innovaci\u00f3n-M\u00e9xico-Ciberbullying.png\" alt=\"patrocinadores-congreso-educaci\u00f3n-innovaci\u00f3n-M\u00e9xico-Ciberbullying\" width=\"620\" height=\"156\" src=\"data:image\/svg+xml;base64,PHN2ZyB3aWR0aD0iMSIgaGVpZ2h0PSIxIiB4bWxucz0iaHR0cDovL3d3dy53My5vcmcvMjAwMC9zdmciPjwvc3ZnPg==\" style=\"--smush-placeholder-width: 620px; --smush-placeholder-aspect-ratio: 620\/156;\" \/><\/a><\/p>\n","protected":false},"excerpt":{"rendered":"<p>Organizado por la Organizaci\u00f3n ORT de M\u00e9xico I.A.P. y la Asociaci\u00f3n Iberoamericana de Innovaci\u00f3n Educativa A.C, el evento cont\u00f3 con dos talleres, impartidos\u00a0por PantallasAmigas,\u00a0en los que se\u00a0trabaj\u00f3 para la prevenci\u00f3n del ciberacoso entre iguales. Preocupados por las necesidades de desarrollo educativo que existe en M\u00e9xico, la\u00a0Organizaci\u00f3n ORT de M\u00e9xico I.A.P. y la Asociaci\u00f3n Iberoamericana de [&hellip;]<\/p>\n","protected":false},"author":2,"featured_media":814,"comment_status":"open","ping_status":"open","sticky":false,"template":"","format":"standard","meta":{"footnotes":""},"categories":[1,310,229,804],"tags":[169,27,813,8,114,785,761,163,817,587,55,116,819,157,816,35,101,815,294,235,57,58,134,818,814,370],"class_list":["post-813","post","type-post","status-publish","format-standard","has-post-thumbnail","hentry","category-ciberbullying","category-eventos-2","category-noticias","category-prevencion","tag-adolescencia","tag-ciberacoso","tag-ciberacoso-entre-iguales","tag-ciberbullying-2","tag-ciberciudadania","tag-ciberhostigamiento","tag-cibermatoneo","tag-ciudadania-digital","tag-congreso-internacional-de-innovacion-educativa-2015","tag-cyberbullying","tag-datos-personales","tag-educacion","tag-habilidades-para-la-vida-digital","tag-infancia","tag-infancia-y-tecnologia","tag-internet","tag-mexico","tag-ninas-y-ninos","tag-pantallasamigas","tag-prevencion","tag-privacidad","tag-redes-sociales","tag-riesgos-de-internet","tag-riesgos-internet","tag-seguridad-en-internet","tag-tic"],"yoast_head":"<!-- This site is optimized with the Yoast SEO plugin v27.4 - https:\/\/yoast.com\/product\/yoast-seo-wordpress\/ -->\n<title>Congreso Internacional de Innovaci\u00f3n Educativa aborda el ciberbullying en M\u00e9xico - CIBERBULLYING<\/title>\n<meta name=\"robots\" content=\"index, follow, max-snippet:-1, max-image-preview:large, max-video-preview:-1\" \/>\n<link rel=\"canonical\" href=\"https:\/\/www.ciberbullying.com\/cyberbullying\/2015\/03\/05\/congreso-internacional-de-innovacion-educativa-aborda-el-ciberbullying-en-mexico\/\" \/>\n<meta property=\"og:locale\" content=\"es_ES\" \/>\n<meta property=\"og:type\" content=\"article\" \/>\n<meta property=\"og:title\" content=\"Congreso Internacional de Innovaci\u00f3n Educativa aborda el ciberbullying en M\u00e9xico - CIBERBULLYING\" \/>\n<meta property=\"og:description\" content=\"Organizado por la Organizaci\u00f3n ORT de M\u00e9xico I.A.P. y la Asociaci\u00f3n Iberoamericana de Innovaci\u00f3n Educativa A.C, el evento cont\u00f3 con dos talleres, impartidos\u00a0por PantallasAmigas,\u00a0en los que se\u00a0trabaj\u00f3 para la prevenci\u00f3n del ciberacoso entre iguales. Preocupados por las necesidades de desarrollo educativo que existe en M\u00e9xico, la\u00a0Organizaci\u00f3n ORT de M\u00e9xico I.A.P. y la Asociaci\u00f3n Iberoamericana de [&hellip;]\" \/>\n<meta property=\"og:url\" content=\"https:\/\/www.ciberbullying.com\/cyberbullying\/2015\/03\/05\/congreso-internacional-de-innovacion-educativa-aborda-el-ciberbullying-en-mexico\/\" \/>\n<meta property=\"og:site_name\" content=\"CIBERBULLYING\" \/>\n<meta property=\"article:published_time\" content=\"2015-03-05T10:03:47+00:00\" \/>\n<meta property=\"article:modified_time\" content=\"2015-07-22T11:50:24+00:00\" \/>\n<meta property=\"og:image\" content=\"https:\/\/www.ciberbullying.com\/cyberbullying\/wp-content\/uploads\/2015\/03\/Congreso-Internacional-de-innovaci\u00f3n-educativa-Taller-ciberbullying-urko-fernandez-pantallas-amigas.jpg\" \/>\n\t<meta property=\"og:image:width\" content=\"1024\" \/>\n\t<meta property=\"og:image:height\" content=\"768\" \/>\n\t<meta property=\"og:image:type\" content=\"image\/jpeg\" \/>\n<meta name=\"author\" content=\"PantallasAmigas\" \/>\n<meta name=\"twitter:card\" content=\"summary_large_image\" \/>\n<meta name=\"twitter:label1\" content=\"Escrito por\" \/>\n\t<meta name=\"twitter:data1\" content=\"PantallasAmigas\" \/>\n\t<meta name=\"twitter:label2\" content=\"Tiempo de lectura\" \/>\n\t<meta name=\"twitter:data2\" content=\"3 minutos\" \/>\n<script type=\"application\/ld+json\" class=\"yoast-schema-graph\">{\"@context\":\"https:\\\/\\\/schema.org\",\"@graph\":[{\"@type\":\"Article\",\"@id\":\"https:\\\/\\\/www.ciberbullying.com\\\/cyberbullying\\\/2015\\\/03\\\/05\\\/congreso-internacional-de-innovacion-educativa-aborda-el-ciberbullying-en-mexico\\\/#article\",\"isPartOf\":{\"@id\":\"https:\\\/\\\/www.ciberbullying.com\\\/cyberbullying\\\/2015\\\/03\\\/05\\\/congreso-internacional-de-innovacion-educativa-aborda-el-ciberbullying-en-mexico\\\/\"},\"author\":{\"name\":\"PantallasAmigas\",\"@id\":\"https:\\\/\\\/www.ciberbullying.com\\\/cyberbullying\\\/#\\\/schema\\\/person\\\/bc79ce6463875c98209d32fd4b2c008d\"},\"headline\":\"Congreso Internacional de Innovaci\u00f3n Educativa aborda el ciberbullying en M\u00e9xico\",\"datePublished\":\"2015-03-05T10:03:47+00:00\",\"dateModified\":\"2015-07-22T11:50:24+00:00\",\"mainEntityOfPage\":{\"@id\":\"https:\\\/\\\/www.ciberbullying.com\\\/cyberbullying\\\/2015\\\/03\\\/05\\\/congreso-internacional-de-innovacion-educativa-aborda-el-ciberbullying-en-mexico\\\/\"},\"wordCount\":572,\"commentCount\":2,\"image\":{\"@id\":\"https:\\\/\\\/www.ciberbullying.com\\\/cyberbullying\\\/2015\\\/03\\\/05\\\/congreso-internacional-de-innovacion-educativa-aborda-el-ciberbullying-en-mexico\\\/#primaryimage\"},\"thumbnailUrl\":\"https:\\\/\\\/www.ciberbullying.com\\\/cyberbullying\\\/wp-content\\\/uploads\\\/2015\\\/03\\\/Congreso-Internacional-de-innovaci\u00f3n-educativa-Taller-ciberbullying-urko-fernandez-pantallas-amigas.jpg\",\"keywords\":[\"adolescencia\",\"ciberacoso\",\"ciberacoso entre iguales\",\"ciberbullying\",\"ciberciudadan\u00eda\",\"ciberhostigamiento\",\"cibermatoneo\",\"ciudadan\u00eda digital\",\"Congreso Internacional de Innovaci\u00f3n Educativa 2015\",\"cyberbullying\",\"datos personales\",\"educaci\u00f3n\",\"habilidades para la vida digital\",\"infancia\",\"infancia y tecnolog\u00eda\",\"internet\",\"M\u00e9xico\",\"ni\u00f1as y ni\u00f1os\",\"pantallasamigas\",\"prevenci\u00f3n\",\"privacidad\",\"redes sociales\",\"riesgos de Internet\",\"riesgos Internet\",\"seguridad en Internet\",\"tic\"],\"articleSection\":[\"Ciberbullying\",\"Eventos\",\"Noticias\",\"Prevenci\u00f3n\"],\"inLanguage\":\"es\",\"potentialAction\":[{\"@type\":\"CommentAction\",\"name\":\"Comment\",\"target\":[\"https:\\\/\\\/www.ciberbullying.com\\\/cyberbullying\\\/2015\\\/03\\\/05\\\/congreso-internacional-de-innovacion-educativa-aborda-el-ciberbullying-en-mexico\\\/#respond\"]}]},{\"@type\":\"WebPage\",\"@id\":\"https:\\\/\\\/www.ciberbullying.com\\\/cyberbullying\\\/2015\\\/03\\\/05\\\/congreso-internacional-de-innovacion-educativa-aborda-el-ciberbullying-en-mexico\\\/\",\"url\":\"https:\\\/\\\/www.ciberbullying.com\\\/cyberbullying\\\/2015\\\/03\\\/05\\\/congreso-internacional-de-innovacion-educativa-aborda-el-ciberbullying-en-mexico\\\/\",\"name\":\"Congreso Internacional de Innovaci\u00f3n Educativa aborda el ciberbullying en M\u00e9xico - CIBERBULLYING\",\"isPartOf\":{\"@id\":\"https:\\\/\\\/www.ciberbullying.com\\\/cyberbullying\\\/#website\"},\"primaryImageOfPage\":{\"@id\":\"https:\\\/\\\/www.ciberbullying.com\\\/cyberbullying\\\/2015\\\/03\\\/05\\\/congreso-internacional-de-innovacion-educativa-aborda-el-ciberbullying-en-mexico\\\/#primaryimage\"},\"image\":{\"@id\":\"https:\\\/\\\/www.ciberbullying.com\\\/cyberbullying\\\/2015\\\/03\\\/05\\\/congreso-internacional-de-innovacion-educativa-aborda-el-ciberbullying-en-mexico\\\/#primaryimage\"},\"thumbnailUrl\":\"https:\\\/\\\/www.ciberbullying.com\\\/cyberbullying\\\/wp-content\\\/uploads\\\/2015\\\/03\\\/Congreso-Internacional-de-innovaci\u00f3n-educativa-Taller-ciberbullying-urko-fernandez-pantallas-amigas.jpg\",\"datePublished\":\"2015-03-05T10:03:47+00:00\",\"dateModified\":\"2015-07-22T11:50:24+00:00\",\"author\":{\"@id\":\"https:\\\/\\\/www.ciberbullying.com\\\/cyberbullying\\\/#\\\/schema\\\/person\\\/bc79ce6463875c98209d32fd4b2c008d\"},\"breadcrumb\":{\"@id\":\"https:\\\/\\\/www.ciberbullying.com\\\/cyberbullying\\\/2015\\\/03\\\/05\\\/congreso-internacional-de-innovacion-educativa-aborda-el-ciberbullying-en-mexico\\\/#breadcrumb\"},\"inLanguage\":\"es\",\"potentialAction\":[{\"@type\":\"ReadAction\",\"target\":[\"https:\\\/\\\/www.ciberbullying.com\\\/cyberbullying\\\/2015\\\/03\\\/05\\\/congreso-internacional-de-innovacion-educativa-aborda-el-ciberbullying-en-mexico\\\/\"]}]},{\"@type\":\"ImageObject\",\"inLanguage\":\"es\",\"@id\":\"https:\\\/\\\/www.ciberbullying.com\\\/cyberbullying\\\/2015\\\/03\\\/05\\\/congreso-internacional-de-innovacion-educativa-aborda-el-ciberbullying-en-mexico\\\/#primaryimage\",\"url\":\"https:\\\/\\\/www.ciberbullying.com\\\/cyberbullying\\\/wp-content\\\/uploads\\\/2015\\\/03\\\/Congreso-Internacional-de-innovaci\u00f3n-educativa-Taller-ciberbullying-urko-fernandez-pantallas-amigas.jpg\",\"contentUrl\":\"https:\\\/\\\/www.ciberbullying.com\\\/cyberbullying\\\/wp-content\\\/uploads\\\/2015\\\/03\\\/Congreso-Internacional-de-innovaci\u00f3n-educativa-Taller-ciberbullying-urko-fernandez-pantallas-amigas.jpg\",\"width\":1024,\"height\":768},{\"@type\":\"BreadcrumbList\",\"@id\":\"https:\\\/\\\/www.ciberbullying.com\\\/cyberbullying\\\/2015\\\/03\\\/05\\\/congreso-internacional-de-innovacion-educativa-aborda-el-ciberbullying-en-mexico\\\/#breadcrumb\",\"itemListElement\":[{\"@type\":\"ListItem\",\"position\":1,\"name\":\"Portada\",\"item\":\"https:\\\/\\\/www.ciberbullying.com\\\/cyberbullying\\\/\"},{\"@type\":\"ListItem\",\"position\":2,\"name\":\"Congreso Internacional de Innovaci\u00f3n Educativa aborda el ciberbullying en M\u00e9xico\"}]},{\"@type\":\"WebSite\",\"@id\":\"https:\\\/\\\/www.ciberbullying.com\\\/cyberbullying\\\/#website\",\"url\":\"https:\\\/\\\/www.ciberbullying.com\\\/cyberbullying\\\/\",\"name\":\"CIBERBULLYING\",\"description\":\"Acoso escolar \u2013 Ciberacoso entre iguales\",\"potentialAction\":[{\"@type\":\"SearchAction\",\"target\":{\"@type\":\"EntryPoint\",\"urlTemplate\":\"https:\\\/\\\/www.ciberbullying.com\\\/cyberbullying\\\/?s={search_term_string}\"},\"query-input\":{\"@type\":\"PropertyValueSpecification\",\"valueRequired\":true,\"valueName\":\"search_term_string\"}}],\"inLanguage\":\"es\"},{\"@type\":\"Person\",\"@id\":\"https:\\\/\\\/www.ciberbullying.com\\\/cyberbullying\\\/#\\\/schema\\\/person\\\/bc79ce6463875c98209d32fd4b2c008d\",\"name\":\"PantallasAmigas\",\"image\":{\"@type\":\"ImageObject\",\"inLanguage\":\"es\",\"@id\":\"https:\\\/\\\/secure.gravatar.com\\\/avatar\\\/daf356a6af08a2c8d8c24bccabcb8fd15052a8244cdd0f0b1a415728c5055242?s=96&d=mm&r=g\",\"url\":\"https:\\\/\\\/secure.gravatar.com\\\/avatar\\\/daf356a6af08a2c8d8c24bccabcb8fd15052a8244cdd0f0b1a415728c5055242?s=96&d=mm&r=g\",\"contentUrl\":\"https:\\\/\\\/secure.gravatar.com\\\/avatar\\\/daf356a6af08a2c8d8c24bccabcb8fd15052a8244cdd0f0b1a415728c5055242?s=96&d=mm&r=g\",\"caption\":\"PantallasAmigas\"},\"description\":\"PantallasAmigas es una iniciativa fundada en 2004 cuya misi\u00f3n es promover el uso seguro y saludable de las nuevas tecnolog\u00edas as\u00ed como una ciudadan\u00eda digital responsable en la infancia y la adolescencia.\",\"sameAs\":[\"http:\\\/\\\/www.pantallasamigas.net\"]}]}<\/script>\n<!-- \/ Yoast SEO plugin. -->","yoast_head_json":{"title":"Congreso Internacional de Innovaci\u00f3n Educativa aborda el ciberbullying en M\u00e9xico - CIBERBULLYING","robots":{"index":"index","follow":"follow","max-snippet":"max-snippet:-1","max-image-preview":"max-image-preview:large","max-video-preview":"max-video-preview:-1"},"canonical":"https:\/\/www.ciberbullying.com\/cyberbullying\/2015\/03\/05\/congreso-internacional-de-innovacion-educativa-aborda-el-ciberbullying-en-mexico\/","og_locale":"es_ES","og_type":"article","og_title":"Congreso Internacional de Innovaci\u00f3n Educativa aborda el ciberbullying en M\u00e9xico - CIBERBULLYING","og_description":"Organizado por la Organizaci\u00f3n ORT de M\u00e9xico I.A.P. y la Asociaci\u00f3n Iberoamericana de Innovaci\u00f3n Educativa A.C, el evento cont\u00f3 con dos talleres, impartidos\u00a0por PantallasAmigas,\u00a0en los que se\u00a0trabaj\u00f3 para la prevenci\u00f3n del ciberacoso entre iguales. Preocupados por las necesidades de desarrollo educativo que existe en M\u00e9xico, la\u00a0Organizaci\u00f3n ORT de M\u00e9xico I.A.P. y la Asociaci\u00f3n Iberoamericana de [&hellip;]","og_url":"https:\/\/www.ciberbullying.com\/cyberbullying\/2015\/03\/05\/congreso-internacional-de-innovacion-educativa-aborda-el-ciberbullying-en-mexico\/","og_site_name":"CIBERBULLYING","article_published_time":"2015-03-05T10:03:47+00:00","article_modified_time":"2015-07-22T11:50:24+00:00","og_image":[{"width":1024,"height":768,"url":"https:\/\/www.ciberbullying.com\/cyberbullying\/wp-content\/uploads\/2015\/03\/Congreso-Internacional-de-innovaci\u00f3n-educativa-Taller-ciberbullying-urko-fernandez-pantallas-amigas.jpg","type":"image\/jpeg"}],"author":"PantallasAmigas","twitter_card":"summary_large_image","twitter_misc":{"Escrito por":"PantallasAmigas","Tiempo de lectura":"3 minutos"},"schema":{"@context":"https:\/\/schema.org","@graph":[{"@type":"Article","@id":"https:\/\/www.ciberbullying.com\/cyberbullying\/2015\/03\/05\/congreso-internacional-de-innovacion-educativa-aborda-el-ciberbullying-en-mexico\/#article","isPartOf":{"@id":"https:\/\/www.ciberbullying.com\/cyberbullying\/2015\/03\/05\/congreso-internacional-de-innovacion-educativa-aborda-el-ciberbullying-en-mexico\/"},"author":{"name":"PantallasAmigas","@id":"https:\/\/www.ciberbullying.com\/cyberbullying\/#\/schema\/person\/bc79ce6463875c98209d32fd4b2c008d"},"headline":"Congreso Internacional de Innovaci\u00f3n Educativa aborda el ciberbullying en M\u00e9xico","datePublished":"2015-03-05T10:03:47+00:00","dateModified":"2015-07-22T11:50:24+00:00","mainEntityOfPage":{"@id":"https:\/\/www.ciberbullying.com\/cyberbullying\/2015\/03\/05\/congreso-internacional-de-innovacion-educativa-aborda-el-ciberbullying-en-mexico\/"},"wordCount":572,"commentCount":2,"image":{"@id":"https:\/\/www.ciberbullying.com\/cyberbullying\/2015\/03\/05\/congreso-internacional-de-innovacion-educativa-aborda-el-ciberbullying-en-mexico\/#primaryimage"},"thumbnailUrl":"https:\/\/www.ciberbullying.com\/cyberbullying\/wp-content\/uploads\/2015\/03\/Congreso-Internacional-de-innovaci\u00f3n-educativa-Taller-ciberbullying-urko-fernandez-pantallas-amigas.jpg","keywords":["adolescencia","ciberacoso","ciberacoso entre iguales","ciberbullying","ciberciudadan\u00eda","ciberhostigamiento","cibermatoneo","ciudadan\u00eda digital","Congreso Internacional de Innovaci\u00f3n Educativa 2015","cyberbullying","datos personales","educaci\u00f3n","habilidades para la vida digital","infancia","infancia y tecnolog\u00eda","internet","M\u00e9xico","ni\u00f1as y ni\u00f1os","pantallasamigas","prevenci\u00f3n","privacidad","redes sociales","riesgos de Internet","riesgos Internet","seguridad en Internet","tic"],"articleSection":["Ciberbullying","Eventos","Noticias","Prevenci\u00f3n"],"inLanguage":"es","potentialAction":[{"@type":"CommentAction","name":"Comment","target":["https:\/\/www.ciberbullying.com\/cyberbullying\/2015\/03\/05\/congreso-internacional-de-innovacion-educativa-aborda-el-ciberbullying-en-mexico\/#respond"]}]},{"@type":"WebPage","@id":"https:\/\/www.ciberbullying.com\/cyberbullying\/2015\/03\/05\/congreso-internacional-de-innovacion-educativa-aborda-el-ciberbullying-en-mexico\/","url":"https:\/\/www.ciberbullying.com\/cyberbullying\/2015\/03\/05\/congreso-internacional-de-innovacion-educativa-aborda-el-ciberbullying-en-mexico\/","name":"Congreso Internacional de Innovaci\u00f3n Educativa aborda el ciberbullying en M\u00e9xico - CIBERBULLYING","isPartOf":{"@id":"https:\/\/www.ciberbullying.com\/cyberbullying\/#website"},"primaryImageOfPage":{"@id":"https:\/\/www.ciberbullying.com\/cyberbullying\/2015\/03\/05\/congreso-internacional-de-innovacion-educativa-aborda-el-ciberbullying-en-mexico\/#primaryimage"},"image":{"@id":"https:\/\/www.ciberbullying.com\/cyberbullying\/2015\/03\/05\/congreso-internacional-de-innovacion-educativa-aborda-el-ciberbullying-en-mexico\/#primaryimage"},"thumbnailUrl":"https:\/\/www.ciberbullying.com\/cyberbullying\/wp-content\/uploads\/2015\/03\/Congreso-Internacional-de-innovaci\u00f3n-educativa-Taller-ciberbullying-urko-fernandez-pantallas-amigas.jpg","datePublished":"2015-03-05T10:03:47+00:00","dateModified":"2015-07-22T11:50:24+00:00","author":{"@id":"https:\/\/www.ciberbullying.com\/cyberbullying\/#\/schema\/person\/bc79ce6463875c98209d32fd4b2c008d"},"breadcrumb":{"@id":"https:\/\/www.ciberbullying.com\/cyberbullying\/2015\/03\/05\/congreso-internacional-de-innovacion-educativa-aborda-el-ciberbullying-en-mexico\/#breadcrumb"},"inLanguage":"es","potentialAction":[{"@type":"ReadAction","target":["https:\/\/www.ciberbullying.com\/cyberbullying\/2015\/03\/05\/congreso-internacional-de-innovacion-educativa-aborda-el-ciberbullying-en-mexico\/"]}]},{"@type":"ImageObject","inLanguage":"es","@id":"https:\/\/www.ciberbullying.com\/cyberbullying\/2015\/03\/05\/congreso-internacional-de-innovacion-educativa-aborda-el-ciberbullying-en-mexico\/#primaryimage","url":"https:\/\/www.ciberbullying.com\/cyberbullying\/wp-content\/uploads\/2015\/03\/Congreso-Internacional-de-innovaci\u00f3n-educativa-Taller-ciberbullying-urko-fernandez-pantallas-amigas.jpg","contentUrl":"https:\/\/www.ciberbullying.com\/cyberbullying\/wp-content\/uploads\/2015\/03\/Congreso-Internacional-de-innovaci\u00f3n-educativa-Taller-ciberbullying-urko-fernandez-pantallas-amigas.jpg","width":1024,"height":768},{"@type":"BreadcrumbList","@id":"https:\/\/www.ciberbullying.com\/cyberbullying\/2015\/03\/05\/congreso-internacional-de-innovacion-educativa-aborda-el-ciberbullying-en-mexico\/#breadcrumb","itemListElement":[{"@type":"ListItem","position":1,"name":"Portada","item":"https:\/\/www.ciberbullying.com\/cyberbullying\/"},{"@type":"ListItem","position":2,"name":"Congreso Internacional de Innovaci\u00f3n Educativa aborda el ciberbullying en M\u00e9xico"}]},{"@type":"WebSite","@id":"https:\/\/www.ciberbullying.com\/cyberbullying\/#website","url":"https:\/\/www.ciberbullying.com\/cyberbullying\/","name":"CIBERBULLYING","description":"Acoso escolar \u2013 Ciberacoso entre iguales","potentialAction":[{"@type":"SearchAction","target":{"@type":"EntryPoint","urlTemplate":"https:\/\/www.ciberbullying.com\/cyberbullying\/?s={search_term_string}"},"query-input":{"@type":"PropertyValueSpecification","valueRequired":true,"valueName":"search_term_string"}}],"inLanguage":"es"},{"@type":"Person","@id":"https:\/\/www.ciberbullying.com\/cyberbullying\/#\/schema\/person\/bc79ce6463875c98209d32fd4b2c008d","name":"PantallasAmigas","image":{"@type":"ImageObject","inLanguage":"es","@id":"https:\/\/secure.gravatar.com\/avatar\/daf356a6af08a2c8d8c24bccabcb8fd15052a8244cdd0f0b1a415728c5055242?s=96&d=mm&r=g","url":"https:\/\/secure.gravatar.com\/avatar\/daf356a6af08a2c8d8c24bccabcb8fd15052a8244cdd0f0b1a415728c5055242?s=96&d=mm&r=g","contentUrl":"https:\/\/secure.gravatar.com\/avatar\/daf356a6af08a2c8d8c24bccabcb8fd15052a8244cdd0f0b1a415728c5055242?s=96&d=mm&r=g","caption":"PantallasAmigas"},"description":"PantallasAmigas es una iniciativa fundada en 2004 cuya misi\u00f3n es promover el uso seguro y saludable de las nuevas tecnolog\u00edas as\u00ed como una ciudadan\u00eda digital responsable en la infancia y la adolescencia.","sameAs":["http:\/\/www.pantallasamigas.net"]}]}},"_links":{"self":[{"href":"https:\/\/www.ciberbullying.com\/cyberbullying\/wp-json\/wp\/v2\/posts\/813","targetHints":{"allow":["GET"]}}],"collection":[{"href":"https:\/\/www.ciberbullying.com\/cyberbullying\/wp-json\/wp\/v2\/posts"}],"about":[{"href":"https:\/\/www.ciberbullying.com\/cyberbullying\/wp-json\/wp\/v2\/types\/post"}],"author":[{"embeddable":true,"href":"https:\/\/www.ciberbullying.com\/cyberbullying\/wp-json\/wp\/v2\/users\/2"}],"replies":[{"embeddable":true,"href":"https:\/\/www.ciberbullying.com\/cyberbullying\/wp-json\/wp\/v2\/comments?post=813"}],"version-history":[{"count":9,"href":"https:\/\/www.ciberbullying.com\/cyberbullying\/wp-json\/wp\/v2\/posts\/813\/revisions"}],"predecessor-version":[{"id":825,"href":"https:\/\/www.ciberbullying.com\/cyberbullying\/wp-json\/wp\/v2\/posts\/813\/revisions\/825"}],"wp:featuredmedia":[{"embeddable":true,"href":"https:\/\/www.ciberbullying.com\/cyberbullying\/wp-json\/wp\/v2\/media\/814"}],"wp:attachment":[{"href":"https:\/\/www.ciberbullying.com\/cyberbullying\/wp-json\/wp\/v2\/media?parent=813"}],"wp:term":[{"taxonomy":"category","embeddable":true,"href":"https:\/\/www.ciberbullying.com\/cyberbullying\/wp-json\/wp\/v2\/categories?post=813"},{"taxonomy":"post_tag","embeddable":true,"href":"https:\/\/www.ciberbullying.com\/cyberbullying\/wp-json\/wp\/v2\/tags?post=813"}],"curies":[{"name":"wp","href":"https:\/\/api.w.org\/{rel}","templated":true}]}}