{"id":77,"date":"2009-10-01T08:26:58","date_gmt":"2009-10-01T08:26:58","guid":{"rendered":"http:\/\/www.ciberbullying.com\/cyberbullying\/?p=77"},"modified":"2015-07-22T12:50:28","modified_gmt":"2015-07-22T11:50:28","slug":"uso-seguro-de-internet-y-ciudadania-digital-responsable","status":"publish","type":"post","link":"https:\/\/www.ciberbullying.com\/cyberbullying\/2009\/10\/01\/uso-seguro-de-internet-y-ciudadania-digital-responsable\/","title":{"rendered":"Uso seguro de Internet y ciudadan\u00eda digital responsable"},"content":{"rendered":"<p><strong><i>La educaci\u00f3n para un uso seguro de Internet es imprescindible. Tras varios a\u00f1os de trayectoria, es necesario ahora un nuevo impulso que pasa por establecerla de manera curricular en el aula y por realizar una orientaci\u00f3n hacia la formaci\u00f3n de plenos ciudadanos y ciudadanas digitales.<\/i><\/strong><\/p>\n<h3>Trabajo imprescindible por una infancia en red sin riesgos<\/h3>\n<p><img decoding=\"async\" data-src=\"http:\/\/www.ciberbullying.com\/cyberbullying\/wp-content\/uploads\/2011\/04\/ilustracion-cyberbullying-cibermatoneo-acoso-escolar-COPYRIGHT-edex-crc-pantallasamigas-URL.jpg\" title=\"ilustraci\u00f3n copyright EDEX CRC (PantallasAmigas)\" align=\"right\" alt=\"(ilustraci\u00f3n)\" src=\"data:image\/svg+xml;base64,PHN2ZyB3aWR0aD0iMSIgaGVpZ2h0PSIxIiB4bWxucz0iaHR0cDovL3d3dy53My5vcmcvMjAwMC9zdmciPjwvc3ZnPg==\" class=\"lazyload\" \/>En Espa\u00f1a, al igual que en Europa y muchas otras partes del mundo, desde hace varios a\u00f1os y con intensidad creciente, se est\u00e1 trabajando para la informaci\u00f3n, la sensibilizaci\u00f3n y la formaci\u00f3n en el uso sin riesgos de Internet y tambi\u00e9n, aunque con menor \u00e9nfasis, de la telefon\u00eda m\u00f3vil y los videojuegos.<\/p>\n<p>La necesidad de esta labor de protecci\u00f3n de la infancia y la adolescencia se hace evidente no s\u00f3lo por los datos que arrojan los estudios referidos a estos riesgos o por el d\u00eda a d\u00eda que se vive en hogares y aulas sino tambi\u00e9n y, en especial, por el llamamiento que desde varias instancias se est\u00e1 produciendo. En el plano internacional, las Naciones Unidas dedic\u00f3 este a\u00f1o el del D\u00eda Mundial de las Telecomunicaciones y la Sociedad de la Informaci\u00f3n a \u201c<strong>Proteger a los ni\u00f1os en el Ciberespacio<\/strong>\u201d. En el marco de la Uni\u00f3n Europea, en Abril pasado, la Declaraci\u00f3n de Praga titulada \u201c<strong>Un nuevo enfoque europeo por una Internet m\u00e1s segura para los ni\u00f1os<\/strong>\u201d constataba la conveniencia de un compromiso interinstitucional de primer nivel para conseguir un entorno en l\u00ednea m\u00e1s seguro para las nuevas generaciones.<\/p>\n<p>No hay que olvidar tampoco, aunque fuera definido hace 20 a\u00f1os, el principio de<strong> inter\u00e9s superior del menor<\/strong> que recoge la Convenci\u00f3n de las Naciones Unidas sobre los Derechos del Ni\u00f1o y que nos exhorta a evaluar cualquier intervenci\u00f3n, incluida el desarrollo de Sociedad de la Informaci\u00f3n, desde un prisma preferente en clave de no colisi\u00f3n con los intereses de la infancia.<\/p>\n<h3>Educaci\u00f3n para una Internet m\u00e1s segura desde la escuela<\/h3>\n<p>Tenemos que precisar el escenario para el aprendizaje, que se puede realizar tanto de manera formal como en un contexto informal. Desde luego no son \u00e1mbitos excluyentes, pero dada la importancia de la cuesti\u00f3n todas las recomendaciones apuntan a que se incluya curricularmente. Hace un par de meses el propio Secretario de Estado para las Telecomunicaciones, se\u00f1alaba que el sistema educativo espa\u00f1ol deber\u00eda contar con una asignatura para ense\u00f1ar a los j\u00f3venes a navegar por Internet con Seguridad. En la misma l\u00ednea, Vivian Reding, desde la Comisi\u00f3n Europea, destacaba la necesidad de incluir de forma sistematizada la formaci\u00f3n en el uso seguro de Internet en los centros escolares.<\/p>\n<h3>Hacia una ciberciudadan\u00eda activa y responsable<\/h3>\n<p>Se ven\u00eda hablando de los riesgos de Internet y ahora hay que hablar de los riesgos en Internet. Antes los ni\u00f1os usaban Internet y ahora viven buena parte de su vida en ella. Es necesario ir evolucionando de una soluci\u00f3n de urgencia y adecuada a esos primeros tiempos hacia una apuesta de futuro. Por lo tanto, aunque sin abandonar el enfoque de \u201c<strong>uso seguro<\/strong>\u201d que sigue siendo necesario y es m\u00e1s adecuado para determinados colectivos y realidades, hay que abrazar nuevas l\u00edneas de intervenci\u00f3n con mayor alcance y proyecci\u00f3n en el tiempo. Hay que trabajar con intensidad en la \u201c<strong>educaci\u00f3n para la ciberciudadan\u00eda<\/strong>\u201d. Hablar de ciberciudadan\u00eda activa o de ciberciudadan\u00eda responsable es redundante en sentido estricto pero, en ocasiones conviene cualificar en lo esencial un sustantivo tan manido como vers\u00e1til y abstracto.<\/p>\n<p>Es claro que, en la medida en que la Red ha cobrado mayor protagonismo, por importancia e incidencia, como entorno de socializaci\u00f3n y convivencia se hace m\u00e1s evidente que ni\u00f1os, ni\u00f1as y adolescentes van a ser m\u00e1s aut\u00f3nomos y sujetos a sus propios criterios que a los consejos paternales y paternalistas de los que nos hemos venido sirviendo. Esos consejos han cumplido su misi\u00f3n y la siguen cumpliendo en las edades m\u00e1s tempranas pero van quedando insuficientes. Por ello, adem\u00e1s de personas informadas sobre las situaciones de riesgo y las medidas preventivas a adoptar, debemos aspirar a formar plenos ciudadanos digitales que, entre otras muchas cuestiones, sean capaces de disfrutar de sus derechos en connivencia con los derechos ajenos.<\/p>\n<p>Cabe destacar que detr\u00e1s de este planteamiento subyacen dos imperativos:<\/p>\n<ul>\n<li>Focalizar la acci\u00f3n en las personas y sus actitudes y no tanto en las tecnolog\u00edas que utilizan. Priorizar actitudes y valores frente a conceptos y procedimientos. Las personas prevalecen y las tecnolog\u00edas cambian.<\/li>\n<li>Considerar la seguridad en la red como una condici\u00f3n necesaria pero no suficiente. El objetivo sobre el desarrollo integral de las personas online debe ir m\u00e1s all\u00e1 de eludir ser v\u00edctimas de determinados peligros para procurar el desarrollo de competencias ciudadanas sobre la base de valores s\u00f3lidos y habilidades para la vida.<\/li>\n<\/ul>\n<h3>Ciudadan\u00eda y generaci\u00f3n digital. Retos.<\/h3>\n<p>Cuando se afronta una tarea como es la educaci\u00f3n para la ciberciudadan\u00eda responsable creo necesario comenzar por hacer un replanteamiento integral desde los cimientos. No se trata de sumar un discurso adicional o de incluir una nueva unidad did\u00e1ctica en el curr\u00edculo de centro. Plantear formaci\u00f3n de ciudadanos en el nuevo contexto digital presenta no pocas dificultades.<\/p>\n<ul>\n<li>La dificultad de formar ciudadanos\n<ul>\n<li>El debate est\u00e1 en la calle. Sin entrar en valoraciones o causas, creo que s\u00ed podemos decir que hay un porcentaje m\u00e1s alto de lo deseable de adolescentes que carecen de las actitudes c\u00edvicas y de los valores necesarios para ejercer la ciudadan\u00eda. Quiz\u00e1s no podamos aprovechar mucho de las recetas usadas hasta ahora porque no han dado el resultado deseable.<\/li>\n<\/ul>\n<\/li>\n<\/ul>\n<ul>\n<li>La concreci\u00f3n del concepto de ciudadan\u00eda digital\n<ul>\n<li>Es posible que no tengamos claro qu\u00e9 significa, c\u00f3mo se materializa, el concepto de ciudadan\u00eda digital para las nuevas generaciones. La vida online ha supuesto una ruptura radical con lo anterior y, en ese contexto, se han ido creando nuevos c\u00f3digos y convenciones de manera permanente. El concepto de ciudadan\u00eda incluye determinados valores universales que, acompa\u00f1ados de las competencias psicosociales necesarias y en funci\u00f3n de los conocimientos y circunstancias particulares, se traduce en procedimientos y actitudes. El concepto de ciudadan\u00eda puede estar consensuado en nuestra sociedad mientras que el de ciudadan\u00eda digital se est\u00e1 definiendo. Los diversos estudios sociol\u00f3gicos han constatado el comportamiento de la sociedad y su evoluci\u00f3n pero, sin embargo, todav\u00eda estamos tratando de saber qu\u00e9 hacen los nativos digitales en la Red y poco o nada sabemos del porqu\u00e9. Es complicado intervenir sobre lo que no se conoce bien y que tiene indicadores de progreso dif\u00edciles de obtener.<\/li>\n<\/ul>\n<\/li>\n<\/ul>\n<ul>\n<li>Sin ejemplo, presencia ni conocimiento.\n<ul>\n<li> A diferencia de otros contextos, en el ciberespacio carecemos de varias armas fundamentales para la educaci\u00f3n, en este caso de ciberciudadanos. Por orden de importancia, se pueden citar al menos tres recursos con los que no podemos contar: <\/li>\n<\/ul>\n<\/li>\n<\/ul>\n<ul>\n<ul>\n<ul>\n<li>un comportamiento propio que ofrecer como modelo a imitar<\/li>\n<li>la posibilidad de presencia para la orientaci\u00f3n, ayuda o intervenci\u00f3n<\/li>\n<li>el conocimiento del contexto<\/li>\n<\/ul>\n<p>\u00a1Qu\u00e9 dif\u00edcil! Sin que ellos puedan aprender de nuestra actitud, sin que podamos estar ah\u00ed para echar una mano o una reprimenda y con un pleno desconocimiento de qu\u00e9 es y qu\u00e9 se hace en la Red\u2026 se antoja misi\u00f3n muy complicada. <\/p>\n<\/ul>\n<\/ul>\n<ul>\n<li>Las caracter\u00edsticas diferentes del medio.\n<ul>\n<li> Un aspecto fundamental para el ejercicio de la ciudadan\u00eda es reconocerse y reconocer al otro como sujeto pleno de derechos y obligaciones. Tambi\u00e9n lo es, en el plano ya coercitivo, la existencia de l\u00edmites, de normas y leyes claramente definidas que facilitan la convivencia protegiendo nuestros derechos y estableciendo las reglas de juego. En la Red todo esto es mucho menos perceptible, m\u00e1s difuso y et\u00e9reo: \u00bfqui\u00e9n es el otro? \u00bfes realmente quien dice ser?\u00bfcu\u00e1l es el l\u00edmite?\u00bflograr\u00e1n saber que soy yo?\u00bfpagar\u00e9 las consecuencias?&#8230; Ciudadan\u00eda es implicaci\u00f3n, responsabilidad, respeto, cuidado del otro\u2026 La despersonalizaci\u00f3n y el anonimato no son los mejores aliados de la ciudadan\u00eda. La ciberconvivencia se encuentra as\u00ed comprometida con mayor facilidad. <\/li>\n<\/ul>\n<\/li>\n<\/ul>\n<h3>L\u00edneas de intervenci\u00f3n para educar ciberciudadanos.<\/h3>\n<p>A la vista de lo anterior, hay tres ideas que me gustar\u00eda destacar y que apuntan m\u00e1s a la soluci\u00f3n que al problema:<\/p>\n<ul>\n<li>Estimular los <strong>usos socialmente positivos de la Red<\/strong> porque ayudan a percibir el medio como una herramienta de poder, de participaci\u00f3n, de encuentro, de intervenci\u00f3n enriquecedora en la sociedad. Crear din\u00e1micas que canalicen el sentimiento de pertenencia al grupo y la colaboraci\u00f3n en torno a estos usos puede ser un extraordinario avance.<\/li>\n<li>Situar a los propios <strong>menores como eje y elemento activo de las din\u00e1micas educativas<\/strong>. Deben ser y sentirse motores del proceso de construcci\u00f3n de la nueva ciudadan\u00eda, de su propio contexto online.<\/li>\n<li><strong>Aumentar entre los adultos el conocimiento<\/strong> de los usos actuales de la Red por parte de los j\u00f3venes as\u00ed como de las aplicaciones m\u00e1s populares. Para proteger de peligros graves a un menor en la Red no es imprescindible saber de tecnolog\u00eda. Sin embargo, para educar un ciberciudadano se han de conocer los usos sociales y la propia realidad digital.<\/li>\n<\/ul>\n<p>Desde luego, es grande el envite, a la altura de los cambios y oportunidades que nos est\u00e1 tocando vivir. Ignorarlo es irresponsable y afrontarlo con prontitud y determinaci\u00f3n es, sin duda, la mejor inversi\u00f3n para nuestra inmediata sociedad. Poco hay que decir sino \u2026 \u00a1\u00e1nimo y manos a la obra!<\/p>\n<p><a href=\"http:\/\/www.jorgefloresfernandez.com\" title=\"Visita el blog del director de PantallasAmigas\"><img decoding=\"async\" data-src=\"http:\/\/www.ciberbullying.com\/cyberbullying\/wp-content\/uploads\/2011\/04\/jorge-flores-fernandez-photo-by-eroski-consumer-v2.png\" alt=\"Jorge Flores Fern\u00e1ndez\" align=\"left\" style=\"padding-right:15px;padding-top:6px;\" src=\"data:image\/svg+xml;base64,PHN2ZyB3aWR0aD0iMSIgaGVpZ2h0PSIxIiB4bWxucz0iaHR0cDovL3d3dy53My5vcmcvMjAwMC9zdmciPjwvc3ZnPg==\" class=\"lazyload\"><\/a><em><strong><a href=\"http:\/\/www.twitter.com\/JorgeFloresPPAA\">Jorge Flores Fern\u00e1ndez<br \/><img decoding=\"async\" data-src=\"http:\/\/twitter-badges.s3.amazonaws.com\/t_mini-a.png\" alt=\"Sigue al director de PantallasAmigas en Twitter\" style=\"margin-left: -2px;padding:0px;\" align=\"absmiddle\" src=\"data:image\/svg+xml;base64,PHN2ZyB3aWR0aD0iMSIgaGVpZ2h0PSIxIiB4bWxucz0iaHR0cDovL3d3dy53My5vcmcvMjAwMC9zdmciPjwvc3ZnPg==\" class=\"lazyload\"><\/a> <\/strong>Octubre 2009.<\/em><\/p>\n","protected":false},"excerpt":{"rendered":"<p>La educaci\u00f3n para un uso seguro de Internet es imprescindible. Tras varios a\u00f1os de trayectoria, es necesario ahora un nuevo impulso que pasa por establecerla de manera curricular en el aula y por realizar una orientaci\u00f3n hacia la formaci\u00f3n de plenos ciudadanos y ciudadanas digitales. Trabajo imprescindible por una infancia en red sin riesgos En [&hellip;]<\/p>\n","protected":false},"author":1,"featured_media":1686,"comment_status":"open","ping_status":"open","sticky":false,"template":"","format":"standard","meta":{"footnotes":""},"categories":[277,1],"tags":[22,20,120,114,54,123,126,18,88,129,122,10,116,127,128,35,135,121,9,13,131,21,119,132,134,133,130,124,117,125],"class_list":["post-77","post","type-post","status-publish","format-standard","has-post-thumbnail","hentry","category-articulos","category-ciberbullying","tag-adolescentes","tag-adultos","tag-beneficios-de-la-tecnologia","tag-ciberciudadania","tag-ciberderechos","tag-ciudadania","tag-civismo","tag-colegios","tag-comision-europea","tag-competencias-ciudadanas","tag-competencias-psicosociales","tag-consejos","tag-educacion","tag-generacion-digital","tag-habilidades-para-la-vida","tag-internet","tag-internet-segura","tag-intervencion","tag-jorge-flores","tag-menores","tag-ninas","tag-ninos","tag-participacion","tag-responsabilidad","tag-riesgos-de-internet","tag-riesgos-en-internet","tag-socializacion","tag-sociologia","tag-valores","tag-vida-online"],"yoast_head":"<!-- This site is optimized with the Yoast SEO plugin v27.5 - https:\/\/yoast.com\/product\/yoast-seo-wordpress\/ -->\n<title>Uso seguro de Internet y ciudadan\u00eda digital responsable - CIBERBULLYING<\/title>\n<meta name=\"robots\" content=\"index, follow, max-snippet:-1, max-image-preview:large, max-video-preview:-1\" \/>\n<link rel=\"canonical\" href=\"https:\/\/www.ciberbullying.com\/cyberbullying\/2009\/10\/01\/uso-seguro-de-internet-y-ciudadania-digital-responsable\/\" \/>\n<meta property=\"og:locale\" content=\"es_ES\" \/>\n<meta property=\"og:type\" content=\"article\" \/>\n<meta property=\"og:title\" content=\"Uso seguro de Internet y ciudadan\u00eda digital responsable - CIBERBULLYING\" \/>\n<meta property=\"og:description\" content=\"La educaci\u00f3n para un uso seguro de Internet es imprescindible. Tras varios a\u00f1os de trayectoria, es necesario ahora un nuevo impulso que pasa por establecerla de manera curricular en el aula y por realizar una orientaci\u00f3n hacia la formaci\u00f3n de plenos ciudadanos y ciudadanas digitales. Trabajo imprescindible por una infancia en red sin riesgos En [&hellip;]\" \/>\n<meta property=\"og:url\" content=\"https:\/\/www.ciberbullying.com\/cyberbullying\/2009\/10\/01\/uso-seguro-de-internet-y-ciudadania-digital-responsable\/\" \/>\n<meta property=\"og:site_name\" content=\"CIBERBULLYING\" \/>\n<meta property=\"article:published_time\" content=\"2009-10-01T08:26:58+00:00\" \/>\n<meta property=\"article:modified_time\" content=\"2015-07-22T11:50:28+00:00\" \/>\n<meta property=\"og:image\" content=\"https:\/\/www.ciberbullying.com\/cyberbullying\/wp-content\/uploads\/ilustracion-cyberbullying-cibermatoneo-acoso-escolar-COPYRIGHT-edex-crc-pantallasamigas-URL.jpg\" \/>\n\t<meta property=\"og:image:width\" content=\"1\" \/>\n\t<meta property=\"og:image:height\" content=\"1\" \/>\n\t<meta property=\"og:image:type\" content=\"image\/jpeg\" \/>\n<meta name=\"author\" content=\"PantallasAmigas\" \/>\n<meta name=\"twitter:card\" content=\"summary_large_image\" \/>\n<meta name=\"twitter:label1\" content=\"Escrito por\" \/>\n\t<meta name=\"twitter:data1\" content=\"PantallasAmigas\" \/>\n\t<meta name=\"twitter:label2\" content=\"Tiempo de lectura\" \/>\n\t<meta name=\"twitter:data2\" content=\"8 minutos\" \/>\n<script type=\"application\/ld+json\" class=\"yoast-schema-graph\">{\"@context\":\"https:\\\/\\\/schema.org\",\"@graph\":[{\"@type\":\"Article\",\"@id\":\"https:\\\/\\\/www.ciberbullying.com\\\/cyberbullying\\\/2009\\\/10\\\/01\\\/uso-seguro-de-internet-y-ciudadania-digital-responsable\\\/#article\",\"isPartOf\":{\"@id\":\"https:\\\/\\\/www.ciberbullying.com\\\/cyberbullying\\\/2009\\\/10\\\/01\\\/uso-seguro-de-internet-y-ciudadania-digital-responsable\\\/\"},\"author\":{\"name\":\"PantallasAmigas\",\"@id\":\"https:\\\/\\\/www.ciberbullying.com\\\/cyberbullying\\\/#\\\/schema\\\/person\\\/dff89bf66ee732b07375d9552d359416\"},\"headline\":\"Uso seguro de Internet y ciudadan\u00eda digital responsable\",\"datePublished\":\"2009-10-01T08:26:58+00:00\",\"dateModified\":\"2015-07-22T11:50:28+00:00\",\"mainEntityOfPage\":{\"@id\":\"https:\\\/\\\/www.ciberbullying.com\\\/cyberbullying\\\/2009\\\/10\\\/01\\\/uso-seguro-de-internet-y-ciudadania-digital-responsable\\\/\"},\"wordCount\":1661,\"commentCount\":0,\"image\":{\"@id\":\"https:\\\/\\\/www.ciberbullying.com\\\/cyberbullying\\\/2009\\\/10\\\/01\\\/uso-seguro-de-internet-y-ciudadania-digital-responsable\\\/#primaryimage\"},\"thumbnailUrl\":\"https:\\\/\\\/www.ciberbullying.com\\\/cyberbullying\\\/wp-content\\\/uploads\\\/ilustracion-cyberbullying-cibermatoneo-acoso-escolar-COPYRIGHT-edex-crc-pantallasamigas-URL.jpg\",\"keywords\":[\"adolescentes\",\"adultos\",\"beneficios de la tecnolog\u00eda\",\"ciberciudadan\u00eda\",\"ciberderechos\",\"ciudadan\u00eda\",\"civismo\",\"colegios\",\"comisi\u00f3n europea\",\"competencias ciudadanas\",\"competencias psicosociales\",\"consejos\",\"educaci\u00f3n\",\"generaci\u00f3n digital\",\"habilidades para la vida\",\"internet\",\"internet segura\",\"intervenci\u00f3n\",\"jorge flores\",\"menores\",\"ni\u00f1as\",\"ni\u00f1os\",\"participaci\u00f3n\",\"responsabilidad\",\"riesgos de Internet\",\"riesgos en Internet\",\"socializaci\u00f3n\",\"sociolog\u00eda\",\"valores\",\"vida online\"],\"articleSection\":[\"Art\u00edculos\",\"Ciberbullying\"],\"inLanguage\":\"es\",\"potentialAction\":[{\"@type\":\"CommentAction\",\"name\":\"Comment\",\"target\":[\"https:\\\/\\\/www.ciberbullying.com\\\/cyberbullying\\\/2009\\\/10\\\/01\\\/uso-seguro-de-internet-y-ciudadania-digital-responsable\\\/#respond\"]}]},{\"@type\":\"WebPage\",\"@id\":\"https:\\\/\\\/www.ciberbullying.com\\\/cyberbullying\\\/2009\\\/10\\\/01\\\/uso-seguro-de-internet-y-ciudadania-digital-responsable\\\/\",\"url\":\"https:\\\/\\\/www.ciberbullying.com\\\/cyberbullying\\\/2009\\\/10\\\/01\\\/uso-seguro-de-internet-y-ciudadania-digital-responsable\\\/\",\"name\":\"Uso seguro de Internet y ciudadan\u00eda digital responsable - CIBERBULLYING\",\"isPartOf\":{\"@id\":\"https:\\\/\\\/www.ciberbullying.com\\\/cyberbullying\\\/#website\"},\"primaryImageOfPage\":{\"@id\":\"https:\\\/\\\/www.ciberbullying.com\\\/cyberbullying\\\/2009\\\/10\\\/01\\\/uso-seguro-de-internet-y-ciudadania-digital-responsable\\\/#primaryimage\"},\"image\":{\"@id\":\"https:\\\/\\\/www.ciberbullying.com\\\/cyberbullying\\\/2009\\\/10\\\/01\\\/uso-seguro-de-internet-y-ciudadania-digital-responsable\\\/#primaryimage\"},\"thumbnailUrl\":\"https:\\\/\\\/www.ciberbullying.com\\\/cyberbullying\\\/wp-content\\\/uploads\\\/ilustracion-cyberbullying-cibermatoneo-acoso-escolar-COPYRIGHT-edex-crc-pantallasamigas-URL.jpg\",\"datePublished\":\"2009-10-01T08:26:58+00:00\",\"dateModified\":\"2015-07-22T11:50:28+00:00\",\"author\":{\"@id\":\"https:\\\/\\\/www.ciberbullying.com\\\/cyberbullying\\\/#\\\/schema\\\/person\\\/dff89bf66ee732b07375d9552d359416\"},\"breadcrumb\":{\"@id\":\"https:\\\/\\\/www.ciberbullying.com\\\/cyberbullying\\\/2009\\\/10\\\/01\\\/uso-seguro-de-internet-y-ciudadania-digital-responsable\\\/#breadcrumb\"},\"inLanguage\":\"es\",\"potentialAction\":[{\"@type\":\"ReadAction\",\"target\":[\"https:\\\/\\\/www.ciberbullying.com\\\/cyberbullying\\\/2009\\\/10\\\/01\\\/uso-seguro-de-internet-y-ciudadania-digital-responsable\\\/\"]}]},{\"@type\":\"ImageObject\",\"inLanguage\":\"es\",\"@id\":\"https:\\\/\\\/www.ciberbullying.com\\\/cyberbullying\\\/2009\\\/10\\\/01\\\/uso-seguro-de-internet-y-ciudadania-digital-responsable\\\/#primaryimage\",\"url\":\"https:\\\/\\\/www.ciberbullying.com\\\/cyberbullying\\\/wp-content\\\/uploads\\\/ilustracion-cyberbullying-cibermatoneo-acoso-escolar-COPYRIGHT-edex-crc-pantallasamigas-URL.jpg\",\"contentUrl\":\"https:\\\/\\\/www.ciberbullying.com\\\/cyberbullying\\\/wp-content\\\/uploads\\\/ilustracion-cyberbullying-cibermatoneo-acoso-escolar-COPYRIGHT-edex-crc-pantallasamigas-URL.jpg\"},{\"@type\":\"BreadcrumbList\",\"@id\":\"https:\\\/\\\/www.ciberbullying.com\\\/cyberbullying\\\/2009\\\/10\\\/01\\\/uso-seguro-de-internet-y-ciudadania-digital-responsable\\\/#breadcrumb\",\"itemListElement\":[{\"@type\":\"ListItem\",\"position\":1,\"name\":\"Portada\",\"item\":\"https:\\\/\\\/www.ciberbullying.com\\\/cyberbullying\\\/\"},{\"@type\":\"ListItem\",\"position\":2,\"name\":\"Uso seguro de Internet y ciudadan\u00eda digital responsable\"}]},{\"@type\":\"WebSite\",\"@id\":\"https:\\\/\\\/www.ciberbullying.com\\\/cyberbullying\\\/#website\",\"url\":\"https:\\\/\\\/www.ciberbullying.com\\\/cyberbullying\\\/\",\"name\":\"CIBERBULLYING\",\"description\":\"Acoso escolar \u2013 Ciberacoso entre iguales\",\"potentialAction\":[{\"@type\":\"SearchAction\",\"target\":{\"@type\":\"EntryPoint\",\"urlTemplate\":\"https:\\\/\\\/www.ciberbullying.com\\\/cyberbullying\\\/?s={search_term_string}\"},\"query-input\":{\"@type\":\"PropertyValueSpecification\",\"valueRequired\":true,\"valueName\":\"search_term_string\"}}],\"inLanguage\":\"es\"},{\"@type\":\"Person\",\"@id\":\"https:\\\/\\\/www.ciberbullying.com\\\/cyberbullying\\\/#\\\/schema\\\/person\\\/dff89bf66ee732b07375d9552d359416\",\"name\":\"PantallasAmigas\",\"image\":{\"@type\":\"ImageObject\",\"inLanguage\":\"es\",\"@id\":\"https:\\\/\\\/secure.gravatar.com\\\/avatar\\\/5eab05966ee30ba2d4bdbc7f83f1eb6c99c4e78cb319c02061c4bb4b7dd85bd8?s=96&d=mm&r=g\",\"url\":\"https:\\\/\\\/secure.gravatar.com\\\/avatar\\\/5eab05966ee30ba2d4bdbc7f83f1eb6c99c4e78cb319c02061c4bb4b7dd85bd8?s=96&d=mm&r=g\",\"contentUrl\":\"https:\\\/\\\/secure.gravatar.com\\\/avatar\\\/5eab05966ee30ba2d4bdbc7f83f1eb6c99c4e78cb319c02061c4bb4b7dd85bd8?s=96&d=mm&r=g\",\"caption\":\"PantallasAmigas\"},\"description\":\"PantallasAmigas es una iniciativa fundada en 2004 cuya misi\u00f3n es promover el uso seguro y saludable de las nuevas tecnolog\u00edas as\u00ed como una ciudadan\u00eda digital responsable en la infancia y la adolescencia.\",\"sameAs\":[\"http:\\\/\\\/www.pantallasamigas.net\"]}]}<\/script>\n<!-- \/ Yoast SEO plugin. -->","yoast_head_json":{"title":"Uso seguro de Internet y ciudadan\u00eda digital responsable - CIBERBULLYING","robots":{"index":"index","follow":"follow","max-snippet":"max-snippet:-1","max-image-preview":"max-image-preview:large","max-video-preview":"max-video-preview:-1"},"canonical":"https:\/\/www.ciberbullying.com\/cyberbullying\/2009\/10\/01\/uso-seguro-de-internet-y-ciudadania-digital-responsable\/","og_locale":"es_ES","og_type":"article","og_title":"Uso seguro de Internet y ciudadan\u00eda digital responsable - CIBERBULLYING","og_description":"La educaci\u00f3n para un uso seguro de Internet es imprescindible. Tras varios a\u00f1os de trayectoria, es necesario ahora un nuevo impulso que pasa por establecerla de manera curricular en el aula y por realizar una orientaci\u00f3n hacia la formaci\u00f3n de plenos ciudadanos y ciudadanas digitales. Trabajo imprescindible por una infancia en red sin riesgos En [&hellip;]","og_url":"https:\/\/www.ciberbullying.com\/cyberbullying\/2009\/10\/01\/uso-seguro-de-internet-y-ciudadania-digital-responsable\/","og_site_name":"CIBERBULLYING","article_published_time":"2009-10-01T08:26:58+00:00","article_modified_time":"2015-07-22T11:50:28+00:00","og_image":[{"url":"https:\/\/www.ciberbullying.com\/cyberbullying\/wp-content\/uploads\/ilustracion-cyberbullying-cibermatoneo-acoso-escolar-COPYRIGHT-edex-crc-pantallasamigas-URL.jpg","width":1,"height":1,"type":"image\/jpeg"}],"author":"PantallasAmigas","twitter_card":"summary_large_image","twitter_misc":{"Escrito por":"PantallasAmigas","Tiempo de lectura":"8 minutos"},"schema":{"@context":"https:\/\/schema.org","@graph":[{"@type":"Article","@id":"https:\/\/www.ciberbullying.com\/cyberbullying\/2009\/10\/01\/uso-seguro-de-internet-y-ciudadania-digital-responsable\/#article","isPartOf":{"@id":"https:\/\/www.ciberbullying.com\/cyberbullying\/2009\/10\/01\/uso-seguro-de-internet-y-ciudadania-digital-responsable\/"},"author":{"name":"PantallasAmigas","@id":"https:\/\/www.ciberbullying.com\/cyberbullying\/#\/schema\/person\/dff89bf66ee732b07375d9552d359416"},"headline":"Uso seguro de Internet y ciudadan\u00eda digital responsable","datePublished":"2009-10-01T08:26:58+00:00","dateModified":"2015-07-22T11:50:28+00:00","mainEntityOfPage":{"@id":"https:\/\/www.ciberbullying.com\/cyberbullying\/2009\/10\/01\/uso-seguro-de-internet-y-ciudadania-digital-responsable\/"},"wordCount":1661,"commentCount":0,"image":{"@id":"https:\/\/www.ciberbullying.com\/cyberbullying\/2009\/10\/01\/uso-seguro-de-internet-y-ciudadania-digital-responsable\/#primaryimage"},"thumbnailUrl":"https:\/\/www.ciberbullying.com\/cyberbullying\/wp-content\/uploads\/ilustracion-cyberbullying-cibermatoneo-acoso-escolar-COPYRIGHT-edex-crc-pantallasamigas-URL.jpg","keywords":["adolescentes","adultos","beneficios de la tecnolog\u00eda","ciberciudadan\u00eda","ciberderechos","ciudadan\u00eda","civismo","colegios","comisi\u00f3n europea","competencias ciudadanas","competencias psicosociales","consejos","educaci\u00f3n","generaci\u00f3n digital","habilidades para la vida","internet","internet segura","intervenci\u00f3n","jorge flores","menores","ni\u00f1as","ni\u00f1os","participaci\u00f3n","responsabilidad","riesgos de Internet","riesgos en Internet","socializaci\u00f3n","sociolog\u00eda","valores","vida online"],"articleSection":["Art\u00edculos","Ciberbullying"],"inLanguage":"es","potentialAction":[{"@type":"CommentAction","name":"Comment","target":["https:\/\/www.ciberbullying.com\/cyberbullying\/2009\/10\/01\/uso-seguro-de-internet-y-ciudadania-digital-responsable\/#respond"]}]},{"@type":"WebPage","@id":"https:\/\/www.ciberbullying.com\/cyberbullying\/2009\/10\/01\/uso-seguro-de-internet-y-ciudadania-digital-responsable\/","url":"https:\/\/www.ciberbullying.com\/cyberbullying\/2009\/10\/01\/uso-seguro-de-internet-y-ciudadania-digital-responsable\/","name":"Uso seguro de Internet y ciudadan\u00eda digital responsable - CIBERBULLYING","isPartOf":{"@id":"https:\/\/www.ciberbullying.com\/cyberbullying\/#website"},"primaryImageOfPage":{"@id":"https:\/\/www.ciberbullying.com\/cyberbullying\/2009\/10\/01\/uso-seguro-de-internet-y-ciudadania-digital-responsable\/#primaryimage"},"image":{"@id":"https:\/\/www.ciberbullying.com\/cyberbullying\/2009\/10\/01\/uso-seguro-de-internet-y-ciudadania-digital-responsable\/#primaryimage"},"thumbnailUrl":"https:\/\/www.ciberbullying.com\/cyberbullying\/wp-content\/uploads\/ilustracion-cyberbullying-cibermatoneo-acoso-escolar-COPYRIGHT-edex-crc-pantallasamigas-URL.jpg","datePublished":"2009-10-01T08:26:58+00:00","dateModified":"2015-07-22T11:50:28+00:00","author":{"@id":"https:\/\/www.ciberbullying.com\/cyberbullying\/#\/schema\/person\/dff89bf66ee732b07375d9552d359416"},"breadcrumb":{"@id":"https:\/\/www.ciberbullying.com\/cyberbullying\/2009\/10\/01\/uso-seguro-de-internet-y-ciudadania-digital-responsable\/#breadcrumb"},"inLanguage":"es","potentialAction":[{"@type":"ReadAction","target":["https:\/\/www.ciberbullying.com\/cyberbullying\/2009\/10\/01\/uso-seguro-de-internet-y-ciudadania-digital-responsable\/"]}]},{"@type":"ImageObject","inLanguage":"es","@id":"https:\/\/www.ciberbullying.com\/cyberbullying\/2009\/10\/01\/uso-seguro-de-internet-y-ciudadania-digital-responsable\/#primaryimage","url":"https:\/\/www.ciberbullying.com\/cyberbullying\/wp-content\/uploads\/ilustracion-cyberbullying-cibermatoneo-acoso-escolar-COPYRIGHT-edex-crc-pantallasamigas-URL.jpg","contentUrl":"https:\/\/www.ciberbullying.com\/cyberbullying\/wp-content\/uploads\/ilustracion-cyberbullying-cibermatoneo-acoso-escolar-COPYRIGHT-edex-crc-pantallasamigas-URL.jpg"},{"@type":"BreadcrumbList","@id":"https:\/\/www.ciberbullying.com\/cyberbullying\/2009\/10\/01\/uso-seguro-de-internet-y-ciudadania-digital-responsable\/#breadcrumb","itemListElement":[{"@type":"ListItem","position":1,"name":"Portada","item":"https:\/\/www.ciberbullying.com\/cyberbullying\/"},{"@type":"ListItem","position":2,"name":"Uso seguro de Internet y ciudadan\u00eda digital responsable"}]},{"@type":"WebSite","@id":"https:\/\/www.ciberbullying.com\/cyberbullying\/#website","url":"https:\/\/www.ciberbullying.com\/cyberbullying\/","name":"CIBERBULLYING","description":"Acoso escolar \u2013 Ciberacoso entre iguales","potentialAction":[{"@type":"SearchAction","target":{"@type":"EntryPoint","urlTemplate":"https:\/\/www.ciberbullying.com\/cyberbullying\/?s={search_term_string}"},"query-input":{"@type":"PropertyValueSpecification","valueRequired":true,"valueName":"search_term_string"}}],"inLanguage":"es"},{"@type":"Person","@id":"https:\/\/www.ciberbullying.com\/cyberbullying\/#\/schema\/person\/dff89bf66ee732b07375d9552d359416","name":"PantallasAmigas","image":{"@type":"ImageObject","inLanguage":"es","@id":"https:\/\/secure.gravatar.com\/avatar\/5eab05966ee30ba2d4bdbc7f83f1eb6c99c4e78cb319c02061c4bb4b7dd85bd8?s=96&d=mm&r=g","url":"https:\/\/secure.gravatar.com\/avatar\/5eab05966ee30ba2d4bdbc7f83f1eb6c99c4e78cb319c02061c4bb4b7dd85bd8?s=96&d=mm&r=g","contentUrl":"https:\/\/secure.gravatar.com\/avatar\/5eab05966ee30ba2d4bdbc7f83f1eb6c99c4e78cb319c02061c4bb4b7dd85bd8?s=96&d=mm&r=g","caption":"PantallasAmigas"},"description":"PantallasAmigas es una iniciativa fundada en 2004 cuya misi\u00f3n es promover el uso seguro y saludable de las nuevas tecnolog\u00edas as\u00ed como una ciudadan\u00eda digital responsable en la infancia y la adolescencia.","sameAs":["http:\/\/www.pantallasamigas.net"]}]}},"_links":{"self":[{"href":"https:\/\/www.ciberbullying.com\/cyberbullying\/wp-json\/wp\/v2\/posts\/77","targetHints":{"allow":["GET"]}}],"collection":[{"href":"https:\/\/www.ciberbullying.com\/cyberbullying\/wp-json\/wp\/v2\/posts"}],"about":[{"href":"https:\/\/www.ciberbullying.com\/cyberbullying\/wp-json\/wp\/v2\/types\/post"}],"author":[{"embeddable":true,"href":"https:\/\/www.ciberbullying.com\/cyberbullying\/wp-json\/wp\/v2\/users\/1"}],"replies":[{"embeddable":true,"href":"https:\/\/www.ciberbullying.com\/cyberbullying\/wp-json\/wp\/v2\/comments?post=77"}],"version-history":[{"count":7,"href":"https:\/\/www.ciberbullying.com\/cyberbullying\/wp-json\/wp\/v2\/posts\/77\/revisions"}],"predecessor-version":[{"id":957,"href":"https:\/\/www.ciberbullying.com\/cyberbullying\/wp-json\/wp\/v2\/posts\/77\/revisions\/957"}],"wp:featuredmedia":[{"embeddable":true,"href":"https:\/\/www.ciberbullying.com\/cyberbullying\/wp-json\/wp\/v2\/media\/1686"}],"wp:attachment":[{"href":"https:\/\/www.ciberbullying.com\/cyberbullying\/wp-json\/wp\/v2\/media?parent=77"}],"wp:term":[{"taxonomy":"category","embeddable":true,"href":"https:\/\/www.ciberbullying.com\/cyberbullying\/wp-json\/wp\/v2\/categories?post=77"},{"taxonomy":"post_tag","embeddable":true,"href":"https:\/\/www.ciberbullying.com\/cyberbullying\/wp-json\/wp\/v2\/tags?post=77"}],"curies":[{"name":"wp","href":"https:\/\/api.w.org\/{rel}","templated":true}]}}