{"id":588,"date":"2012-05-16T14:15:13","date_gmt":"2012-05-16T14:15:13","guid":{"rendered":"http:\/\/www.ciberbullying.com\/cyberbullying\/?p=588"},"modified":"2015-07-22T12:50:22","modified_gmt":"2015-07-22T11:50:22","slug":"el-ciberbullying-preocupa-al-14-de-los-padres-segun-un-estudio-de-pantallasamigas","status":"publish","type":"post","link":"https:\/\/www.ciberbullying.com\/cyberbullying\/2012\/05\/16\/el-ciberbullying-preocupa-al-14-de-los-padres-segun-un-estudio-de-pantallasamigas\/","title":{"rendered":"El ciberbullying preocupa al 14% de los padres, seg\u00fan un estudio de PantallasAmigas"},"content":{"rendered":"<p><strong><em>En su mayor\u00eda desean aprender sobre medidas de prevenci\u00f3n, sistemas de control parental y el funcionamiento y riesgos de las redes sociales.<\/p>\n<p>M\u00e1s del 70% de los entrevistados dice compartir el uso de Internet con sus hijos y lo hace una media de 100 minutos a la semana.<\/p>\n<p>Consideran importante y m\u00e1s efectiva la formaci\u00f3n de los ni\u00f1os y adolescentes en el centro escolar aunque sin eludir su propia responsabilidad.<\/em><\/strong><\/p>\n<p><a href=\"http:\/\/www.PantallasAmigas.net\" title=\"Iniciativa por el uso seguro de Internet entre los menores y por una ciudadan\u00eda digital responsable\">PantallasAmigas<\/a> ha realizado en el \u00faltimo a\u00f1o una encuesta a <strong>1.483 personas<\/strong>, de las que el 80% eran padres y madres y el resto, docentes y profesionales del \u00e1mbito escolar implicados con menores entre los 10 y los 16 a\u00f1os. Son personas que, de manera voluntaria, han asistido a las <a href=\"http:\/\/www.pantallasamigas.net\/prevencion-y-sensibilizacion\/index.shtm\">sesiones de sensibilizaci\u00f3n y formaci\u00f3n<\/a> que en el Pa\u00eds Vasco y Navarra ha venido celebrando PantallasAmigas en relaci\u00f3n al uso seguro y saludable de Internet, pivotando por lo general en torno a centros escolares o municipios que las hab\u00edan solicitado.<\/p>\n<h3>\u00bfC\u00f3mo son las madres y padres o tutores legales que acuden a las sesiones?<\/h3>\n<p>Se trata en un 78% de los casos de <strong>mujeres<\/strong> que muestran inter\u00e9s y preocupaci\u00f3n por el uso de las TIC por parte de sus hijos. En ocasiones, han padecido en primera persona o conocen de cerca alg\u00fan episodio preocupante en relaci\u00f3n al tema.<\/p>\n<p>Su <strong>nivel tecnol\u00f3gico<\/strong> (conocimientos generales de inform\u00e1tica e Internet evaluado mediante ponderaci\u00f3n de una serie de indicadores) es <em>bajo<\/em> en el 16,3% de los casos, <em>medio<\/em> para un 55% y <em>alto<\/em> para el 28,7%. Como ejemplo, se puede citar que el 92% sabe lo que es YouTube, el 85,7% sabe qu\u00e9 es Tuenti, el 66,4% ha realizado alguna vez compras por Internet y 35,8% ha usado Windows Live Messenger.<\/p>\n<h3>Compartiendo el uso de la Red con sus hijos<\/h3>\n<p>El 80,6,% con hijos entre 9 y 11 a\u00f1os manifiesta usar Internet con sus hijos, cifra que se sit\u00faa en el 71,4% en la edad de 12 a 15 a\u00f1os. Este tiempo de uso compartido se cifra como media en 1,7 horas a la semana que viene a ser la media de uso diaria de la Red por parte de los menores.<\/p>\n<h3>Acceso a Internet desde el m\u00f3vil por parte de los menores<\/h3>\n<p>Se ha notado una clara evoluci\u00f3n en este sentido. Los datos obtenidos en 2011 muestran un 2,4% de padres que ignoran si sus hijos tienen conexi\u00f3n a Internet en el m\u00f3vil, mientras que en 2012, el porcentaje baja al 0,4%. Por otro lado, el porcentaje de padres que dicen que sus hijos tienen conexi\u00f3n a Internet desde el m\u00f3vil se increment\u00f3 del 10,4% al 23,9% entre 2011 y 2012.<\/p>\n<p><a href=\"http:\/\/www.youtube.com\/watch?v=xOZLKd0O5p0\" title=\"Haz clic para ver v\u00eddeo: Presentaci\u00f3n de ETIQUETASsinPROBLEMAS.com (por el uso responsable de etiquetas en redes sociales)\"><img decoding=\"async\" data-src=\"http:\/\/riesgosinternet.files.wordpress.com\/2012\/05\/ilustracion-smartphones-pantallasamigas-conplay.png\" alt=\"El creciente uso de smartphones exige un mayor conocimiento y responsabilidad por parte de menores y progenitores\" title=\"Haz clic para ver v\u00eddeo\" width=\"400\" src=\"data:image\/svg+xml;base64,PHN2ZyB3aWR0aD0iMSIgaGVpZ2h0PSIxIiB4bWxucz0iaHR0cDovL3d3dy53My5vcmcvMjAwMC9zdmciPjwvc3ZnPg==\" class=\"lazyload\" \/><\/a><\/p>\n<h3>Los riesgos que hay en la Red, seg\u00fan las personas adultas<\/h3>\n<p>Antes de iniciar la sesi\u00f3n, para no condicionar el resultado por el desarrollo previo de la misma, se les pregunta <em>\u00ab\u00bfCu\u00e1les son los riesgos a los que se enfrentan los menores de Internet?\u00bb<\/em>. Los resultados obtenidos, con respuesta m\u00faltiple, se presentan en la siguiente tabla:<\/p>\n<table>\n<tr>\n<td>Acceso a contenidos inadecuados: pornograf\u00eda, violencia&#8230;<\/td>\n<td align=\"right\" style=\"text-align:right;\">58,3&nbsp;%<\/td>\n<\/tr>\n<tr>\n<td>Contactos con desconocidos que les puedan hacer da\u00f1o, en particular con acosadores sexuales pero tambi\u00e9n poner en contacto con la violencia, las drogas o las sectas&#8230;<\/td>\n<td align=\"right\" style=\"text-align:right;\">48,5&nbsp;%<\/td>\n<\/tr>\n<tr>\n<td>P\u00e9rdida de privacidad y uso inadecuado de su imagen<\/td>\n<td align=\"right\" style=\"text-align:right;\">36,1&nbsp;%<\/td>\n<\/tr>\n<tr>\n<td>Adicci\u00f3n, aislamiento y uso abusivo<\/td>\n<td align=\"right\" style=\"text-align:right;\">23,5&nbsp;%<\/td>\n<\/tr>\n<tr>\n<td>Ciberbullying<\/td>\n<td align=\"right\" style=\"text-align:right;\">14,4&nbsp;% <\/td>\n<\/tr>\n<tr>\n<td>Suplantaci\u00f3n de identidad o identidad falsa<\/td>\n<td align=\"right\" style=\"text-align:right;\">5,0&nbsp;% <\/td>\n<\/tr>\n<\/table>\n<p>El aspecto m\u00e1s destacado es el acceso a contenidos inadecuados, identificado por casi el 60% de los padres. Cabe se\u00f1alar tambi\u00e9n que esta preocupaci\u00f3n disminuye con la edad de los hijos mientras que la preocupaci\u00f3n por el <a href=\"http:\/\/www.ciberadiccion.es\">uso abusivo<\/a> o el <a href=\"http:\/\/www.ciberbullying.com\">cyberbullying<\/a> aumenta claramente seg\u00fan los adolescentes se aproximan a los 14 o 15 a\u00f1os.<\/p>\n<h3>\u00bfQu\u00e9 desear\u00edan tener m\u00e1s claro, conocer mejor, padres y madres?<\/h3>\n<p>Ante la pregunta  <em>\u00ab\u00bfQu\u00e9 aspectos les gustar\u00eda aclarar a lo largo de la sesi\u00f3n?\u00bb<\/em> las respuestas, &mdash;que pod\u00edan ser m\u00faltiples&mdash; son las siguientes:<\/p>\n<table>\n<tr>\n<td>Medidas de seguridad, preventivas, qu\u00e9 hacer (uso seguro)<\/td>\n<td align=\"right\" style=\"text-align:right;\">37,2&nbsp;%<\/td>\n<\/tr>\n<tr>\n<td>Control parental<\/td>\n<td align=\"right\" style=\"text-align:right;\">32,7&nbsp;%<\/td>\n<\/tr>\n<tr>\n<td>Redes sociales: funcionamiento y riesgos<\/td>\n<td align=\"right\" style=\"text-align:right;\">25,7&nbsp;%<\/td>\n<\/tr>\n<tr>\n<td>Ciberbullying<\/td>\n<td align=\"right\" style=\"text-align:right;\">4,3&nbsp;%<\/td>\n<\/tr>\n<tr>\n<td>Protecci\u00f3n de datos y privacidad<\/td>\n<td align=\"right\" style=\"text-align:right;\">4,0&nbsp;%<\/td>\n<\/tr>\n<tr>\n<td>Responsabilidad legal<\/td>\n<td align=\"right\" style=\"text-align:right;\">2,3&nbsp;%<\/td>\n<\/tr>\n<tr>\n<td>L\u00edmite de tiempo<\/td>\n<td align=\"right\" style=\"text-align:right;\">1,8&nbsp;%<\/td>\n<\/tr>\n<\/table>\n<p>Es evidente que quienes acuden a las sesiones quieren conocer m\u00e1s para prevenir mejor. Seg\u00fan revela Araiz Zalduegi, responsable de formaci\u00f3n de PantallasAmigas <em>\u00aben ocasiones desear\u00edan tomar medidas concretas como instalar programas de control y supervisi\u00f3n parental. Otras veces, preocupados por un uso abusivo, buscan conocer cu\u00e1l es el tiempo m\u00e1ximo razonable que se les debe permitir o bien d\u00f3nde est\u00e1 el umbral de lo patol\u00f3gico\u00bb<\/em>.<\/p>\n<p>Resulta llamativo que al menos 2 de cada 100 padres est\u00e9n interesados sobre las <a href=\"http:\/\/www.e-legales.net\">responsabilidades legales de las acciones llevadas a cabo por los menores en la Red<\/a>.<\/p>\n<p><a href=\"http:\/\/www.youtube.com\/watch?v=tX4WjDr5XcM&amp;feature=relmfu\" title=\"Haz clic para ver el v\u00eddeo: Ciberbullying: campa\u00f1a de PantallasAmigas, el Defensor del Menor y Metro Madrid\"><img decoding=\"async\" data-src=\"http:\/\/riesgosinternet.files.wordpress.com\/2012\/05\/ilustracion-ciberbullying-pantallasamigas-con-play.png\" alt=\"El inter\u00e9s en torno al ciberbullying crece considerablemente en padres y madres con hijos a partir de los 14 a\u00f1os.\" title=\"Haz clic para ver el v\u00eddeo\" width=\"400\" src=\"data:image\/svg+xml;base64,PHN2ZyB3aWR0aD0iMSIgaGVpZ2h0PSIxIiB4bWxucz0iaHR0cDovL3d3dy53My5vcmcvMjAwMC9zdmciPjwvc3ZnPg==\" class=\"lazyload\" \/><\/a><\/p>\n<h3>Valoraci\u00f3n positiva de las sesiones de sensibilizaci\u00f3n y formaci\u00f3n<\/h3>\n<p>Tras las sesiones con padres, madres y educadores se realiza una breve valoraci\u00f3n que arroja, entre otros, los siguientes resultados y conclusiones:<\/p>\n<ul>\n<li>El 81,6% reconoce la necesidad de profundizar en algunos de los temas abordados y el 87% considera que la sesi\u00f3n ha cumplido las expectativas. <\/li>\n<li>El 89,6% considera que la metodolog\u00eda basada en la exposici\u00f3n de ejemplos pr\u00e1cticos ha ayudado mucho a la comprensi\u00f3n de la tem\u00e1tica.<\/li>\n<li>El 17,9% estima que la tem\u00e1tica es demasiado compleja para su nivel de conocimientos. <\/li>\n<li>El 90,7% cree que la sesi\u00f3n va a resultar de utilidad pr\u00e1ctica.<\/li>\n<li>El 89,3% dice tener tras la sesi\u00f3n una visi\u00f3n m\u00e1s clara de los riesgos de Internet y su origen. <\/li>\n<li>El 89,5% considera que la sesi\u00f3n es algo necesario y aporta grandes cosas.<\/li>\n<\/ul>\n<p>Es destacable la dificultad que supone dirigirse a un p\u00fablico tan heterog\u00e9neo tanto en la capacidad tecnol\u00f3gica como en las expectativas y modelos educativos y, en este sentido, es f\u00e1cil encontrar una valoraci\u00f3n y la contraria en una misma sesi\u00f3n.  <\/p>\n<h3>El sentir com\u00fan de los padres sobre la seguridad en la Red: \u00abQue se lo expliquen en clase\u00bb<\/h3>\n<p>Con diferencia, es la solicitud m\u00e1s frecuente al t\u00e9rmino de una sesi\u00f3n con padres y madres: <em>\u00ab\u00bfSe les explica esto a los chavales en clase?\u00bb<\/em>. Reconocen la importancia de tomar medidas de uso responsable en el hogar pero tambi\u00e9n de que sean adoptadas por los propios adolescentes. En este sentido, reclaman el inter\u00e9s de que desde el centro escolar se trabaje en ese campo. Para no tomar ellos este papel en exclusiva dicen no disponer de capacidad t\u00e9cnica y de persuasi\u00f3n necesaria para ello. Una madre lo expresaba en estos t\u00e9rminos: <em>\u00abSer\u00eda interesante una charla similar con los ni\u00f1os, ya que aunque los padres les digamos estas cosas no nos creen\u00bb<\/em>. Otra de ellas dec\u00eda: <em>\u00abEs un tema tan amplio e interesante que con una sesi\u00f3n hacemos poco, esto tendr\u00eda que ser una asignatura para padres a lo largo del curso\u00bb<\/em>.<\/p>\n<p><a href=\"http:\/\/www.youtube.com\/watch?v=_VAgyuNjnoY&amp;list=PL7886F50C2618522B&amp;index=1&amp;feature=plpp_video\" title=\"Haz clic para ver el v\u00eddeo: \u00bfTienes privacidad de verdad en las redes sociales?\"><img decoding=\"async\" data-src=\"http:\/\/riesgosinternet.files.wordpress.com\/2012\/05\/ilustracion-redes-sociales-pantallasamigas-conplay1.png\" alt=\"La p\u00e9rdida de privacidad en las redes sociales exige un ejercicio de responsabilidad por parte de todos.\" title=\"Haz clic para ver el v\u00eddeo\" width=\"400\" src=\"data:image\/svg+xml;base64,PHN2ZyB3aWR0aD0iMSIgaGVpZ2h0PSIxIiB4bWxucz0iaHR0cDovL3d3dy53My5vcmcvMjAwMC9zdmciPjwvc3ZnPg==\" class=\"lazyload\" \/><\/a><\/p>\n<h3>El Ciberbullying, quebradero de cabeza en los centros escolares.<\/h3>\n<p>Por desgracia, los centros viven a menudo una realidad que los desborda: <a href=\"http:\/\/www.ciberbullying.com\">el acoso entre iguales por medio de las nuevas tecnolog\u00edas<\/a>. Es un fen\u00f3meno en crecimiento que ocasiona graves consecuencias a sus v\u00edctimas, distorsiona la convivencia escolar y escapa a las paredes y horarios acad\u00e9micos. Seg\u00fan <a href=\"http:\/\/www.twitter.com\/JorgeFloresPPAA\">Jorge Flores <img decoding=\"async\" data-src=\"http:\/\/twitter-badges.s3.amazonaws.com\/t_mini-a.png\" alt=\"Sigue al director de PantallasAmigas en Twitter\" style=\"margin-left:2px;vertical-align:baseline;margin-bottom:0;margin-right:2px;padding:0;\" src=\"data:image\/svg+xml;base64,PHN2ZyB3aWR0aD0iMSIgaGVpZ2h0PSIxIiB4bWxucz0iaHR0cDovL3d3dy53My5vcmcvMjAwMC9zdmciPjwvc3ZnPg==\" class=\"lazyload\"><\/a> , Director de PantallasAmigas, <em>\u00abEs muy habitual que nos llamen y nos confiesen, con la esperable discreci\u00f3n, que han tenido alg\u00fan conflicto entre alumnos que ha saltado en las redes sociales. Es por ello que los centros escolares toman cada vez una mayor conciencia de la necesidad de una intervenci\u00f3n preventiva y proactiva. La prevenci\u00f3n y la intervenci\u00f3n en casos de ciberbullying ha sido siempre una prioridad en nuestro trabajo\u00bb<\/em>.<\/p>\n<p>El estudio ha sido posible gracias a la colaboraci\u00f3n de las personas implicadas y a <a href=\"http:\/\/www.quor.es\">Quor<\/a>, empresa especializada en estudios sociol\u00f3gicos.<\/p>\n<h3>3.700 escolares m\u00e1s responsables en el uso de las Internet<\/h3>\n<p>Adem\u00e1s de trabajar con padres y educadores, el contacto con los menores es vital. Entre los meses de Septiembre y Abril el personal de PantallasAmigas ha formado a cerca de 4.000 escolares (1.200 de primaria y 2.800 de secundaria), en su mayor parte en el Pa\u00eds Vasco y Navarra. Seg\u00fan comenta Jorge Flores <em>\u00abpara PantallasAmigas es fundamental el contacto directo con la realidad porque \u00e9sta cambia mucho y de manera vertiginosa. Las sesiones con ni\u00f1os y adolescentes, con padres y madres, con docentes y con profesionales del mundo educativo son la mejor oportunidad para ello. No obstante, contrastar las intuiciones con agentes como la polic\u00eda, otros profesionales del \u00e1mbito, instituciones o estudios es tambi\u00e9n una gran ayuda. Al mismo tiempo, tenemos online diversas v\u00edas para la consulta  y la denuncia de casos que tambi\u00e9n nos ayudan a conocer los casos m\u00e1s singulares y delicados as\u00ed como las nuevas tendencias. Es un ejercicio de monitorizaci\u00f3n permanente\u00bb<\/em>.<\/p>\n","protected":false},"excerpt":{"rendered":"<p>En su mayor\u00eda desean aprender sobre medidas de prevenci\u00f3n, sistemas de control parental y el funcionamiento y riesgos de las redes sociales. M\u00e1s del 70% de los entrevistados dice compartir el uso de Internet con sus hijos y lo hace una media de 100 minutos a la semana. Consideran importante y m\u00e1s efectiva la formaci\u00f3n [&hellip;]<\/p>\n","protected":false},"author":1,"featured_media":1736,"comment_status":"open","ping_status":"open","sticky":false,"template":"","format":"standard","meta":{"footnotes":""},"categories":[1,279,229],"tags":[675,22,676,232,677,8,241,196,18,678,94,164,281,55,679,23,149,150,73,81,302,272,9,305,13,29,390,21,19,309,294,235,57,58,680,48,236,681,124,682,370,168,653,471],"class_list":["post-588","post","type-post","status-publish","format-standard","has-post-thumbnail","hentry","category-ciberbullying","category-categoria-estudios","category-noticias","tag-adiccion-a-internet","tag-adolescentes","tag-ayuntamientos","tag-brecha-digital","tag-ciberadicciones","tag-ciberbullying-2","tag-ciberconvivencia","tag-ciberdelitos","tag-colegios","tag-consultas","tag-contenidos-nocivos","tag-control-parental","tag-convivencia-escolar","tag-datos-personales","tag-denuncia-online","tag-docentes","tag-encuestas","tag-espana","tag-estadisticas","tag-estudios","tag-euskadi","tag-formacion","tag-jorge-flores","tag-madres","tag-menores","tag-messenger","tag-navarra","tag-ninos","tag-padres","tag-pais-vasco","tag-pantallasamigas","tag-prevencion","tag-privacidad","tag-redes-sociales","tag-responsbilidad-legal","tag-riesgos","tag-sensibilizacion","tag-sesiones","tag-sociologia","tag-suplantacion-online","tag-tic","tag-tuenti","tag-uso-abusivo","tag-youtube"],"yoast_head":"<!-- This site is optimized with the Yoast SEO plugin v27.5 - https:\/\/yoast.com\/product\/yoast-seo-wordpress\/ -->\n<title>El ciberbullying preocupa al 14% de los padres, seg\u00fan un estudio de PantallasAmigas - CIBERBULLYING<\/title>\n<meta name=\"robots\" content=\"index, follow, max-snippet:-1, max-image-preview:large, max-video-preview:-1\" \/>\n<link rel=\"canonical\" href=\"https:\/\/www.ciberbullying.com\/cyberbullying\/2012\/05\/16\/el-ciberbullying-preocupa-al-14-de-los-padres-segun-un-estudio-de-pantallasamigas\/\" \/>\n<meta property=\"og:locale\" content=\"es_ES\" \/>\n<meta property=\"og:type\" content=\"article\" \/>\n<meta property=\"og:title\" content=\"El ciberbullying preocupa al 14% de los padres, seg\u00fan un estudio de PantallasAmigas - CIBERBULLYING\" \/>\n<meta property=\"og:description\" content=\"En su mayor\u00eda desean aprender sobre medidas de prevenci\u00f3n, sistemas de control parental y el funcionamiento y riesgos de las redes sociales. M\u00e1s del 70% de los entrevistados dice compartir el uso de Internet con sus hijos y lo hace una media de 100 minutos a la semana. Consideran importante y m\u00e1s efectiva la formaci\u00f3n [&hellip;]\" \/>\n<meta property=\"og:url\" content=\"https:\/\/www.ciberbullying.com\/cyberbullying\/2012\/05\/16\/el-ciberbullying-preocupa-al-14-de-los-padres-segun-un-estudio-de-pantallasamigas\/\" \/>\n<meta property=\"og:site_name\" content=\"CIBERBULLYING\" \/>\n<meta property=\"article:published_time\" content=\"2012-05-16T14:15:13+00:00\" \/>\n<meta property=\"article:modified_time\" content=\"2015-07-22T11:50:22+00:00\" \/>\n<meta property=\"og:image\" content=\"https:\/\/www.ciberbullying.com\/cyberbullying\/wp-content\/uploads\/ilustracion-smartphones-pantallasamigas-conplay.png\" \/>\n\t<meta property=\"og:image:width\" content=\"1\" \/>\n\t<meta property=\"og:image:height\" content=\"1\" \/>\n\t<meta property=\"og:image:type\" content=\"image\/png\" \/>\n<meta name=\"author\" content=\"PantallasAmigas\" \/>\n<meta name=\"twitter:card\" content=\"summary_large_image\" \/>\n<meta name=\"twitter:label1\" content=\"Escrito por\" \/>\n\t<meta name=\"twitter:data1\" content=\"PantallasAmigas\" \/>\n\t<meta name=\"twitter:label2\" content=\"Tiempo de lectura\" \/>\n\t<meta name=\"twitter:data2\" content=\"7 minutos\" \/>\n<script type=\"application\/ld+json\" class=\"yoast-schema-graph\">{\"@context\":\"https:\\\/\\\/schema.org\",\"@graph\":[{\"@type\":\"Article\",\"@id\":\"https:\\\/\\\/www.ciberbullying.com\\\/cyberbullying\\\/2012\\\/05\\\/16\\\/el-ciberbullying-preocupa-al-14-de-los-padres-segun-un-estudio-de-pantallasamigas\\\/#article\",\"isPartOf\":{\"@id\":\"https:\\\/\\\/www.ciberbullying.com\\\/cyberbullying\\\/2012\\\/05\\\/16\\\/el-ciberbullying-preocupa-al-14-de-los-padres-segun-un-estudio-de-pantallasamigas\\\/\"},\"author\":{\"name\":\"PantallasAmigas\",\"@id\":\"https:\\\/\\\/www.ciberbullying.com\\\/cyberbullying\\\/#\\\/schema\\\/person\\\/dff89bf66ee732b07375d9552d359416\"},\"headline\":\"El ciberbullying preocupa al 14% de los padres, seg\u00fan un estudio de PantallasAmigas\",\"datePublished\":\"2012-05-16T14:15:13+00:00\",\"dateModified\":\"2015-07-22T11:50:22+00:00\",\"mainEntityOfPage\":{\"@id\":\"https:\\\/\\\/www.ciberbullying.com\\\/cyberbullying\\\/2012\\\/05\\\/16\\\/el-ciberbullying-preocupa-al-14-de-los-padres-segun-un-estudio-de-pantallasamigas\\\/\"},\"wordCount\":1510,\"commentCount\":2,\"image\":{\"@id\":\"https:\\\/\\\/www.ciberbullying.com\\\/cyberbullying\\\/2012\\\/05\\\/16\\\/el-ciberbullying-preocupa-al-14-de-los-padres-segun-un-estudio-de-pantallasamigas\\\/#primaryimage\"},\"thumbnailUrl\":\"https:\\\/\\\/www.ciberbullying.com\\\/cyberbullying\\\/wp-content\\\/uploads\\\/ilustracion-smartphones-pantallasamigas-conplay.png\",\"keywords\":[\"adicci\u00f3n a internet\",\"adolescentes\",\"ayuntamientos\",\"brecha digital\",\"ciberadicciones\",\"ciberbullying\",\"ciberconvivencia\",\"ciberdelitos\",\"colegios\",\"consultas\",\"contenidos nocivos\",\"control parental\",\"convivencia escolar\",\"datos personales\",\"denuncia online\",\"docentes\",\"encuestas\",\"espa\u00f1a\",\"estad\u00edsticas\",\"estudios\",\"euskadi\",\"formaci\u00f3n\",\"jorge flores\",\"madres\",\"menores\",\"Messenger\",\"Navarra\",\"ni\u00f1os\",\"padres\",\"Pa\u00eds Vasco\",\"pantallasamigas\",\"prevenci\u00f3n\",\"privacidad\",\"redes sociales\",\"responsbilidad legal\",\"riesgos\",\"sensibilizaci\u00f3n\",\"sesiones\",\"sociolog\u00eda\",\"suplantaci\u00f3n online\",\"tic\",\"tuenti\",\"uso abusivo\",\"youtube\"],\"articleSection\":[\"Ciberbullying\",\"Estudios\",\"Noticias\"],\"inLanguage\":\"es\",\"potentialAction\":[{\"@type\":\"CommentAction\",\"name\":\"Comment\",\"target\":[\"https:\\\/\\\/www.ciberbullying.com\\\/cyberbullying\\\/2012\\\/05\\\/16\\\/el-ciberbullying-preocupa-al-14-de-los-padres-segun-un-estudio-de-pantallasamigas\\\/#respond\"]}]},{\"@type\":\"WebPage\",\"@id\":\"https:\\\/\\\/www.ciberbullying.com\\\/cyberbullying\\\/2012\\\/05\\\/16\\\/el-ciberbullying-preocupa-al-14-de-los-padres-segun-un-estudio-de-pantallasamigas\\\/\",\"url\":\"https:\\\/\\\/www.ciberbullying.com\\\/cyberbullying\\\/2012\\\/05\\\/16\\\/el-ciberbullying-preocupa-al-14-de-los-padres-segun-un-estudio-de-pantallasamigas\\\/\",\"name\":\"El ciberbullying preocupa al 14% de los padres, seg\u00fan un estudio de PantallasAmigas - CIBERBULLYING\",\"isPartOf\":{\"@id\":\"https:\\\/\\\/www.ciberbullying.com\\\/cyberbullying\\\/#website\"},\"primaryImageOfPage\":{\"@id\":\"https:\\\/\\\/www.ciberbullying.com\\\/cyberbullying\\\/2012\\\/05\\\/16\\\/el-ciberbullying-preocupa-al-14-de-los-padres-segun-un-estudio-de-pantallasamigas\\\/#primaryimage\"},\"image\":{\"@id\":\"https:\\\/\\\/www.ciberbullying.com\\\/cyberbullying\\\/2012\\\/05\\\/16\\\/el-ciberbullying-preocupa-al-14-de-los-padres-segun-un-estudio-de-pantallasamigas\\\/#primaryimage\"},\"thumbnailUrl\":\"https:\\\/\\\/www.ciberbullying.com\\\/cyberbullying\\\/wp-content\\\/uploads\\\/ilustracion-smartphones-pantallasamigas-conplay.png\",\"datePublished\":\"2012-05-16T14:15:13+00:00\",\"dateModified\":\"2015-07-22T11:50:22+00:00\",\"author\":{\"@id\":\"https:\\\/\\\/www.ciberbullying.com\\\/cyberbullying\\\/#\\\/schema\\\/person\\\/dff89bf66ee732b07375d9552d359416\"},\"breadcrumb\":{\"@id\":\"https:\\\/\\\/www.ciberbullying.com\\\/cyberbullying\\\/2012\\\/05\\\/16\\\/el-ciberbullying-preocupa-al-14-de-los-padres-segun-un-estudio-de-pantallasamigas\\\/#breadcrumb\"},\"inLanguage\":\"es\",\"potentialAction\":[{\"@type\":\"ReadAction\",\"target\":[\"https:\\\/\\\/www.ciberbullying.com\\\/cyberbullying\\\/2012\\\/05\\\/16\\\/el-ciberbullying-preocupa-al-14-de-los-padres-segun-un-estudio-de-pantallasamigas\\\/\"]}]},{\"@type\":\"ImageObject\",\"inLanguage\":\"es\",\"@id\":\"https:\\\/\\\/www.ciberbullying.com\\\/cyberbullying\\\/2012\\\/05\\\/16\\\/el-ciberbullying-preocupa-al-14-de-los-padres-segun-un-estudio-de-pantallasamigas\\\/#primaryimage\",\"url\":\"https:\\\/\\\/www.ciberbullying.com\\\/cyberbullying\\\/wp-content\\\/uploads\\\/ilustracion-smartphones-pantallasamigas-conplay.png\",\"contentUrl\":\"https:\\\/\\\/www.ciberbullying.com\\\/cyberbullying\\\/wp-content\\\/uploads\\\/ilustracion-smartphones-pantallasamigas-conplay.png\"},{\"@type\":\"BreadcrumbList\",\"@id\":\"https:\\\/\\\/www.ciberbullying.com\\\/cyberbullying\\\/2012\\\/05\\\/16\\\/el-ciberbullying-preocupa-al-14-de-los-padres-segun-un-estudio-de-pantallasamigas\\\/#breadcrumb\",\"itemListElement\":[{\"@type\":\"ListItem\",\"position\":1,\"name\":\"Portada\",\"item\":\"https:\\\/\\\/www.ciberbullying.com\\\/cyberbullying\\\/\"},{\"@type\":\"ListItem\",\"position\":2,\"name\":\"El ciberbullying preocupa al 14% de los padres, seg\u00fan un estudio de PantallasAmigas\"}]},{\"@type\":\"WebSite\",\"@id\":\"https:\\\/\\\/www.ciberbullying.com\\\/cyberbullying\\\/#website\",\"url\":\"https:\\\/\\\/www.ciberbullying.com\\\/cyberbullying\\\/\",\"name\":\"CIBERBULLYING\",\"description\":\"Acoso escolar \u2013 Ciberacoso entre iguales\",\"potentialAction\":[{\"@type\":\"SearchAction\",\"target\":{\"@type\":\"EntryPoint\",\"urlTemplate\":\"https:\\\/\\\/www.ciberbullying.com\\\/cyberbullying\\\/?s={search_term_string}\"},\"query-input\":{\"@type\":\"PropertyValueSpecification\",\"valueRequired\":true,\"valueName\":\"search_term_string\"}}],\"inLanguage\":\"es\"},{\"@type\":\"Person\",\"@id\":\"https:\\\/\\\/www.ciberbullying.com\\\/cyberbullying\\\/#\\\/schema\\\/person\\\/dff89bf66ee732b07375d9552d359416\",\"name\":\"PantallasAmigas\",\"image\":{\"@type\":\"ImageObject\",\"inLanguage\":\"es\",\"@id\":\"https:\\\/\\\/secure.gravatar.com\\\/avatar\\\/5eab05966ee30ba2d4bdbc7f83f1eb6c99c4e78cb319c02061c4bb4b7dd85bd8?s=96&d=mm&r=g\",\"url\":\"https:\\\/\\\/secure.gravatar.com\\\/avatar\\\/5eab05966ee30ba2d4bdbc7f83f1eb6c99c4e78cb319c02061c4bb4b7dd85bd8?s=96&d=mm&r=g\",\"contentUrl\":\"https:\\\/\\\/secure.gravatar.com\\\/avatar\\\/5eab05966ee30ba2d4bdbc7f83f1eb6c99c4e78cb319c02061c4bb4b7dd85bd8?s=96&d=mm&r=g\",\"caption\":\"PantallasAmigas\"},\"description\":\"PantallasAmigas es una iniciativa fundada en 2004 cuya misi\u00f3n es promover el uso seguro y saludable de las nuevas tecnolog\u00edas as\u00ed como una ciudadan\u00eda digital responsable en la infancia y la adolescencia.\",\"sameAs\":[\"http:\\\/\\\/www.pantallasamigas.net\"]}]}<\/script>\n<!-- \/ Yoast SEO plugin. -->","yoast_head_json":{"title":"El ciberbullying preocupa al 14% de los padres, seg\u00fan un estudio de PantallasAmigas - CIBERBULLYING","robots":{"index":"index","follow":"follow","max-snippet":"max-snippet:-1","max-image-preview":"max-image-preview:large","max-video-preview":"max-video-preview:-1"},"canonical":"https:\/\/www.ciberbullying.com\/cyberbullying\/2012\/05\/16\/el-ciberbullying-preocupa-al-14-de-los-padres-segun-un-estudio-de-pantallasamigas\/","og_locale":"es_ES","og_type":"article","og_title":"El ciberbullying preocupa al 14% de los padres, seg\u00fan un estudio de PantallasAmigas - CIBERBULLYING","og_description":"En su mayor\u00eda desean aprender sobre medidas de prevenci\u00f3n, sistemas de control parental y el funcionamiento y riesgos de las redes sociales. M\u00e1s del 70% de los entrevistados dice compartir el uso de Internet con sus hijos y lo hace una media de 100 minutos a la semana. Consideran importante y m\u00e1s efectiva la formaci\u00f3n [&hellip;]","og_url":"https:\/\/www.ciberbullying.com\/cyberbullying\/2012\/05\/16\/el-ciberbullying-preocupa-al-14-de-los-padres-segun-un-estudio-de-pantallasamigas\/","og_site_name":"CIBERBULLYING","article_published_time":"2012-05-16T14:15:13+00:00","article_modified_time":"2015-07-22T11:50:22+00:00","og_image":[{"url":"https:\/\/www.ciberbullying.com\/cyberbullying\/wp-content\/uploads\/ilustracion-smartphones-pantallasamigas-conplay.png","width":1,"height":1,"type":"image\/png"}],"author":"PantallasAmigas","twitter_card":"summary_large_image","twitter_misc":{"Escrito por":"PantallasAmigas","Tiempo de lectura":"7 minutos"},"schema":{"@context":"https:\/\/schema.org","@graph":[{"@type":"Article","@id":"https:\/\/www.ciberbullying.com\/cyberbullying\/2012\/05\/16\/el-ciberbullying-preocupa-al-14-de-los-padres-segun-un-estudio-de-pantallasamigas\/#article","isPartOf":{"@id":"https:\/\/www.ciberbullying.com\/cyberbullying\/2012\/05\/16\/el-ciberbullying-preocupa-al-14-de-los-padres-segun-un-estudio-de-pantallasamigas\/"},"author":{"name":"PantallasAmigas","@id":"https:\/\/www.ciberbullying.com\/cyberbullying\/#\/schema\/person\/dff89bf66ee732b07375d9552d359416"},"headline":"El ciberbullying preocupa al 14% de los padres, seg\u00fan un estudio de PantallasAmigas","datePublished":"2012-05-16T14:15:13+00:00","dateModified":"2015-07-22T11:50:22+00:00","mainEntityOfPage":{"@id":"https:\/\/www.ciberbullying.com\/cyberbullying\/2012\/05\/16\/el-ciberbullying-preocupa-al-14-de-los-padres-segun-un-estudio-de-pantallasamigas\/"},"wordCount":1510,"commentCount":2,"image":{"@id":"https:\/\/www.ciberbullying.com\/cyberbullying\/2012\/05\/16\/el-ciberbullying-preocupa-al-14-de-los-padres-segun-un-estudio-de-pantallasamigas\/#primaryimage"},"thumbnailUrl":"https:\/\/www.ciberbullying.com\/cyberbullying\/wp-content\/uploads\/ilustracion-smartphones-pantallasamigas-conplay.png","keywords":["adicci\u00f3n a internet","adolescentes","ayuntamientos","brecha digital","ciberadicciones","ciberbullying","ciberconvivencia","ciberdelitos","colegios","consultas","contenidos nocivos","control parental","convivencia escolar","datos personales","denuncia online","docentes","encuestas","espa\u00f1a","estad\u00edsticas","estudios","euskadi","formaci\u00f3n","jorge flores","madres","menores","Messenger","Navarra","ni\u00f1os","padres","Pa\u00eds Vasco","pantallasamigas","prevenci\u00f3n","privacidad","redes sociales","responsbilidad legal","riesgos","sensibilizaci\u00f3n","sesiones","sociolog\u00eda","suplantaci\u00f3n online","tic","tuenti","uso abusivo","youtube"],"articleSection":["Ciberbullying","Estudios","Noticias"],"inLanguage":"es","potentialAction":[{"@type":"CommentAction","name":"Comment","target":["https:\/\/www.ciberbullying.com\/cyberbullying\/2012\/05\/16\/el-ciberbullying-preocupa-al-14-de-los-padres-segun-un-estudio-de-pantallasamigas\/#respond"]}]},{"@type":"WebPage","@id":"https:\/\/www.ciberbullying.com\/cyberbullying\/2012\/05\/16\/el-ciberbullying-preocupa-al-14-de-los-padres-segun-un-estudio-de-pantallasamigas\/","url":"https:\/\/www.ciberbullying.com\/cyberbullying\/2012\/05\/16\/el-ciberbullying-preocupa-al-14-de-los-padres-segun-un-estudio-de-pantallasamigas\/","name":"El ciberbullying preocupa al 14% de los padres, seg\u00fan un estudio de PantallasAmigas - CIBERBULLYING","isPartOf":{"@id":"https:\/\/www.ciberbullying.com\/cyberbullying\/#website"},"primaryImageOfPage":{"@id":"https:\/\/www.ciberbullying.com\/cyberbullying\/2012\/05\/16\/el-ciberbullying-preocupa-al-14-de-los-padres-segun-un-estudio-de-pantallasamigas\/#primaryimage"},"image":{"@id":"https:\/\/www.ciberbullying.com\/cyberbullying\/2012\/05\/16\/el-ciberbullying-preocupa-al-14-de-los-padres-segun-un-estudio-de-pantallasamigas\/#primaryimage"},"thumbnailUrl":"https:\/\/www.ciberbullying.com\/cyberbullying\/wp-content\/uploads\/ilustracion-smartphones-pantallasamigas-conplay.png","datePublished":"2012-05-16T14:15:13+00:00","dateModified":"2015-07-22T11:50:22+00:00","author":{"@id":"https:\/\/www.ciberbullying.com\/cyberbullying\/#\/schema\/person\/dff89bf66ee732b07375d9552d359416"},"breadcrumb":{"@id":"https:\/\/www.ciberbullying.com\/cyberbullying\/2012\/05\/16\/el-ciberbullying-preocupa-al-14-de-los-padres-segun-un-estudio-de-pantallasamigas\/#breadcrumb"},"inLanguage":"es","potentialAction":[{"@type":"ReadAction","target":["https:\/\/www.ciberbullying.com\/cyberbullying\/2012\/05\/16\/el-ciberbullying-preocupa-al-14-de-los-padres-segun-un-estudio-de-pantallasamigas\/"]}]},{"@type":"ImageObject","inLanguage":"es","@id":"https:\/\/www.ciberbullying.com\/cyberbullying\/2012\/05\/16\/el-ciberbullying-preocupa-al-14-de-los-padres-segun-un-estudio-de-pantallasamigas\/#primaryimage","url":"https:\/\/www.ciberbullying.com\/cyberbullying\/wp-content\/uploads\/ilustracion-smartphones-pantallasamigas-conplay.png","contentUrl":"https:\/\/www.ciberbullying.com\/cyberbullying\/wp-content\/uploads\/ilustracion-smartphones-pantallasamigas-conplay.png"},{"@type":"BreadcrumbList","@id":"https:\/\/www.ciberbullying.com\/cyberbullying\/2012\/05\/16\/el-ciberbullying-preocupa-al-14-de-los-padres-segun-un-estudio-de-pantallasamigas\/#breadcrumb","itemListElement":[{"@type":"ListItem","position":1,"name":"Portada","item":"https:\/\/www.ciberbullying.com\/cyberbullying\/"},{"@type":"ListItem","position":2,"name":"El ciberbullying preocupa al 14% de los padres, seg\u00fan un estudio de PantallasAmigas"}]},{"@type":"WebSite","@id":"https:\/\/www.ciberbullying.com\/cyberbullying\/#website","url":"https:\/\/www.ciberbullying.com\/cyberbullying\/","name":"CIBERBULLYING","description":"Acoso escolar \u2013 Ciberacoso entre iguales","potentialAction":[{"@type":"SearchAction","target":{"@type":"EntryPoint","urlTemplate":"https:\/\/www.ciberbullying.com\/cyberbullying\/?s={search_term_string}"},"query-input":{"@type":"PropertyValueSpecification","valueRequired":true,"valueName":"search_term_string"}}],"inLanguage":"es"},{"@type":"Person","@id":"https:\/\/www.ciberbullying.com\/cyberbullying\/#\/schema\/person\/dff89bf66ee732b07375d9552d359416","name":"PantallasAmigas","image":{"@type":"ImageObject","inLanguage":"es","@id":"https:\/\/secure.gravatar.com\/avatar\/5eab05966ee30ba2d4bdbc7f83f1eb6c99c4e78cb319c02061c4bb4b7dd85bd8?s=96&d=mm&r=g","url":"https:\/\/secure.gravatar.com\/avatar\/5eab05966ee30ba2d4bdbc7f83f1eb6c99c4e78cb319c02061c4bb4b7dd85bd8?s=96&d=mm&r=g","contentUrl":"https:\/\/secure.gravatar.com\/avatar\/5eab05966ee30ba2d4bdbc7f83f1eb6c99c4e78cb319c02061c4bb4b7dd85bd8?s=96&d=mm&r=g","caption":"PantallasAmigas"},"description":"PantallasAmigas es una iniciativa fundada en 2004 cuya misi\u00f3n es promover el uso seguro y saludable de las nuevas tecnolog\u00edas as\u00ed como una ciudadan\u00eda digital responsable en la infancia y la adolescencia.","sameAs":["http:\/\/www.pantallasamigas.net"]}]}},"_links":{"self":[{"href":"https:\/\/www.ciberbullying.com\/cyberbullying\/wp-json\/wp\/v2\/posts\/588","targetHints":{"allow":["GET"]}}],"collection":[{"href":"https:\/\/www.ciberbullying.com\/cyberbullying\/wp-json\/wp\/v2\/posts"}],"about":[{"href":"https:\/\/www.ciberbullying.com\/cyberbullying\/wp-json\/wp\/v2\/types\/post"}],"author":[{"embeddable":true,"href":"https:\/\/www.ciberbullying.com\/cyberbullying\/wp-json\/wp\/v2\/users\/1"}],"replies":[{"embeddable":true,"href":"https:\/\/www.ciberbullying.com\/cyberbullying\/wp-json\/wp\/v2\/comments?post=588"}],"version-history":[{"count":2,"href":"https:\/\/www.ciberbullying.com\/cyberbullying\/wp-json\/wp\/v2\/posts\/588\/revisions"}],"predecessor-version":[{"id":939,"href":"https:\/\/www.ciberbullying.com\/cyberbullying\/wp-json\/wp\/v2\/posts\/588\/revisions\/939"}],"wp:featuredmedia":[{"embeddable":true,"href":"https:\/\/www.ciberbullying.com\/cyberbullying\/wp-json\/wp\/v2\/media\/1736"}],"wp:attachment":[{"href":"https:\/\/www.ciberbullying.com\/cyberbullying\/wp-json\/wp\/v2\/media?parent=588"}],"wp:term":[{"taxonomy":"category","embeddable":true,"href":"https:\/\/www.ciberbullying.com\/cyberbullying\/wp-json\/wp\/v2\/categories?post=588"},{"taxonomy":"post_tag","embeddable":true,"href":"https:\/\/www.ciberbullying.com\/cyberbullying\/wp-json\/wp\/v2\/tags?post=588"}],"curies":[{"name":"wp","href":"https:\/\/api.w.org\/{rel}","templated":true}]}}