{"id":57,"date":"2010-05-22T10:42:10","date_gmt":"2010-05-22T10:42:10","guid":{"rendered":"http:\/\/www.ciberbullying.com\/cyberbullying\/?p=57"},"modified":"2015-07-22T12:50:31","modified_gmt":"2015-07-22T11:50:31","slug":"se-presenta-el-primer-protocolo-de-intervencion-escolar-frente-al-ciberbullying","status":"publish","type":"post","link":"https:\/\/www.ciberbullying.com\/cyberbullying\/2010\/05\/22\/se-presenta-el-primer-protocolo-de-intervencion-escolar-frente-al-ciberbullying\/","title":{"rendered":"Se presenta el primer protocolo de intervenci\u00f3n escolar frente al ciberbullying"},"content":{"rendered":"<p><strong>En el <a href=\"http:\/\/www.congresociudadaniadigital.com\/\">Congreso de Ciudadan\u00eda Digital<\/a> celebrado en San Sebasti\u00e1n en Mayo de 2010 fue presentado el <em><a href=\"http:\/\/www.protocolo-ciberbullying.com\/\">protocolo de actuaci\u00f3n e intervenci\u00f3n escolar ante el ciberbullying<\/a><\/em>.<\/strong><\/p>\n<p><img decoding=\"async\" data-src=\"http:\/\/emici.net\/images\/image1.jpg\" alt=\"Protocolo ciberbullying by EMICI\" width=\"200\" align=\"right\" src=\"data:image\/svg+xml;base64,PHN2ZyB3aWR0aD0iMSIgaGVpZ2h0PSIxIiB4bWxucz0iaHR0cDovL3d3dy53My5vcmcvMjAwMC9zdmciPjwvc3ZnPg==\" class=\"lazyload\" \/>La encargada de presentar el documento fue <b>Rosario del Rey<\/b>, profesora de la Universidad de C\u00f3rdoba y miembro del <acronym title=\"Laboratorio de Estudios sobre Convivencia y Prevenci\u00f3n de la Violencia\"><a href=\"http:\/\/www.laecovi.es\/\">LAECOVI<\/a><\/acronym> y del <acronym title=\"Equipo Multidisciplinar de Investigaci\u00f3n sobre el ciberbullying\"><a href=\"http:\/\/www.emici.net\">EMICI<\/a><\/acronym>. El protocolo incluye una serie de medidas que se van a testar de forma pionera en los centros educativos del Pa\u00eds Vasco.<\/p>\n<p>Concienciar a los j\u00f3venes de sus actuaciones es una de las recomendaciones que ofrece el protocolo. Es necesaria una reeducaci\u00f3n y sensibilizaci\u00f3n de todas la partes implicadas en el ciberacoso, ya que en muchas ocasiones los menores no son conscientes de las repercusiones que pueden tener sus acciones. <i>\u00abPiensan que act\u00faan en un entorno privado, en una red de amigos y no saben que esa informaci\u00f3n se puede compartir y manipular\u00bb<\/i> precis\u00f3 la profesora Del Rey.<\/p>\n<p>Este <a href=\"http:\/\/www.protocolo-ciberbullying.com\/\">protocolo<\/a> ha sido desarrolado por expertos en Derecho, Psicolog\u00eda, Pedagog\u00eda y Sociolog\u00eda y est\u00e1 abierto a las modificaciones que se puedan realizar tras los testeos que se van a realizar en diversos colegios.<\/p>\n<p>Lee la noticia completa <a href=\"http:\/\/www.diariovasco.com\/v\/20100522\/al-dia-sociedad\/soluciones-contra-ciberacoso-20100522.html\">en Diario Vasco<\/a>.<\/p>\n","protected":false},"excerpt":{"rendered":"<p>En el Congreso de Ciudadan\u00eda Digital celebrado en San Sebasti\u00e1n en Mayo de 2010 fue presentado el protocolo de actuaci\u00f3n e intervenci\u00f3n escolar ante el ciberbullying.<\/p>\n","protected":false},"author":1,"featured_media":1698,"comment_status":"open","ping_status":"open","sticky":false,"template":"","format":"standard","meta":{"footnotes":""},"categories":[1,229],"tags":[18,70,69,68,71],"class_list":["post-57","post","type-post","status-publish","format-standard","has-post-thumbnail","hentry","category-ciberbullying","category-noticias","tag-colegios","tag-congresos","tag-emici-gobierno-vasco","tag-protocolo","tag-rosario-del-rey"],"yoast_head":"<!-- This site is optimized with the Yoast SEO plugin v27.5 - https:\/\/yoast.com\/product\/yoast-seo-wordpress\/ -->\n<title>Se presenta el primer protocolo de intervenci\u00f3n escolar frente al ciberbullying - CIBERBULLYING<\/title>\n<meta name=\"robots\" content=\"index, follow, max-snippet:-1, max-image-preview:large, max-video-preview:-1\" \/>\n<link rel=\"canonical\" href=\"https:\/\/www.ciberbullying.com\/cyberbullying\/2010\/05\/22\/se-presenta-el-primer-protocolo-de-intervencion-escolar-frente-al-ciberbullying\/\" \/>\n<meta property=\"og:locale\" content=\"es_ES\" \/>\n<meta property=\"og:type\" content=\"article\" \/>\n<meta property=\"og:title\" content=\"Se presenta el primer protocolo de intervenci\u00f3n escolar frente al ciberbullying - CIBERBULLYING\" \/>\n<meta property=\"og:description\" content=\"En el Congreso de Ciudadan\u00eda Digital celebrado en San Sebasti\u00e1n en Mayo de 2010 fue presentado el protocolo de actuaci\u00f3n e intervenci\u00f3n escolar ante el ciberbullying.\" \/>\n<meta property=\"og:url\" content=\"https:\/\/www.ciberbullying.com\/cyberbullying\/2010\/05\/22\/se-presenta-el-primer-protocolo-de-intervencion-escolar-frente-al-ciberbullying\/\" \/>\n<meta property=\"og:site_name\" content=\"CIBERBULLYING\" \/>\n<meta property=\"article:published_time\" content=\"2010-05-22T10:42:10+00:00\" \/>\n<meta property=\"article:modified_time\" content=\"2015-07-22T11:50:31+00:00\" \/>\n<meta property=\"og:image\" content=\"https:\/\/www.ciberbullying.com\/cyberbullying\/wp-content\/uploads\/image1.jpg\" \/>\n\t<meta property=\"og:image:width\" content=\"1\" \/>\n\t<meta property=\"og:image:height\" content=\"1\" \/>\n\t<meta property=\"og:image:type\" content=\"image\/jpeg\" \/>\n<meta name=\"author\" content=\"PantallasAmigas\" \/>\n<meta name=\"twitter:card\" content=\"summary_large_image\" \/>\n<meta name=\"twitter:label1\" content=\"Escrito por\" \/>\n\t<meta name=\"twitter:data1\" content=\"PantallasAmigas\" \/>\n\t<meta name=\"twitter:label2\" content=\"Tiempo de lectura\" \/>\n\t<meta name=\"twitter:data2\" content=\"1 minuto\" \/>\n<script type=\"application\/ld+json\" class=\"yoast-schema-graph\">{\"@context\":\"https:\\\/\\\/schema.org\",\"@graph\":[{\"@type\":\"Article\",\"@id\":\"https:\\\/\\\/www.ciberbullying.com\\\/cyberbullying\\\/2010\\\/05\\\/22\\\/se-presenta-el-primer-protocolo-de-intervencion-escolar-frente-al-ciberbullying\\\/#article\",\"isPartOf\":{\"@id\":\"https:\\\/\\\/www.ciberbullying.com\\\/cyberbullying\\\/2010\\\/05\\\/22\\\/se-presenta-el-primer-protocolo-de-intervencion-escolar-frente-al-ciberbullying\\\/\"},\"author\":{\"name\":\"PantallasAmigas\",\"@id\":\"https:\\\/\\\/www.ciberbullying.com\\\/cyberbullying\\\/#\\\/schema\\\/person\\\/dff89bf66ee732b07375d9552d359416\"},\"headline\":\"Se presenta el primer protocolo de intervenci\u00f3n escolar frente al ciberbullying\",\"datePublished\":\"2010-05-22T10:42:10+00:00\",\"dateModified\":\"2015-07-22T11:50:31+00:00\",\"mainEntityOfPage\":{\"@id\":\"https:\\\/\\\/www.ciberbullying.com\\\/cyberbullying\\\/2010\\\/05\\\/22\\\/se-presenta-el-primer-protocolo-de-intervencion-escolar-frente-al-ciberbullying\\\/\"},\"wordCount\":213,\"commentCount\":0,\"image\":{\"@id\":\"https:\\\/\\\/www.ciberbullying.com\\\/cyberbullying\\\/2010\\\/05\\\/22\\\/se-presenta-el-primer-protocolo-de-intervencion-escolar-frente-al-ciberbullying\\\/#primaryimage\"},\"thumbnailUrl\":\"https:\\\/\\\/www.ciberbullying.com\\\/cyberbullying\\\/wp-content\\\/uploads\\\/image1.jpg\",\"keywords\":[\"colegios\",\"congresos\",\"emici.gobierno vasco\",\"protocolo\",\"rosario del rey\"],\"articleSection\":[\"Ciberbullying\",\"Noticias\"],\"inLanguage\":\"es\",\"potentialAction\":[{\"@type\":\"CommentAction\",\"name\":\"Comment\",\"target\":[\"https:\\\/\\\/www.ciberbullying.com\\\/cyberbullying\\\/2010\\\/05\\\/22\\\/se-presenta-el-primer-protocolo-de-intervencion-escolar-frente-al-ciberbullying\\\/#respond\"]}]},{\"@type\":\"WebPage\",\"@id\":\"https:\\\/\\\/www.ciberbullying.com\\\/cyberbullying\\\/2010\\\/05\\\/22\\\/se-presenta-el-primer-protocolo-de-intervencion-escolar-frente-al-ciberbullying\\\/\",\"url\":\"https:\\\/\\\/www.ciberbullying.com\\\/cyberbullying\\\/2010\\\/05\\\/22\\\/se-presenta-el-primer-protocolo-de-intervencion-escolar-frente-al-ciberbullying\\\/\",\"name\":\"Se presenta el primer protocolo de intervenci\u00f3n escolar frente al ciberbullying - CIBERBULLYING\",\"isPartOf\":{\"@id\":\"https:\\\/\\\/www.ciberbullying.com\\\/cyberbullying\\\/#website\"},\"primaryImageOfPage\":{\"@id\":\"https:\\\/\\\/www.ciberbullying.com\\\/cyberbullying\\\/2010\\\/05\\\/22\\\/se-presenta-el-primer-protocolo-de-intervencion-escolar-frente-al-ciberbullying\\\/#primaryimage\"},\"image\":{\"@id\":\"https:\\\/\\\/www.ciberbullying.com\\\/cyberbullying\\\/2010\\\/05\\\/22\\\/se-presenta-el-primer-protocolo-de-intervencion-escolar-frente-al-ciberbullying\\\/#primaryimage\"},\"thumbnailUrl\":\"https:\\\/\\\/www.ciberbullying.com\\\/cyberbullying\\\/wp-content\\\/uploads\\\/image1.jpg\",\"datePublished\":\"2010-05-22T10:42:10+00:00\",\"dateModified\":\"2015-07-22T11:50:31+00:00\",\"author\":{\"@id\":\"https:\\\/\\\/www.ciberbullying.com\\\/cyberbullying\\\/#\\\/schema\\\/person\\\/dff89bf66ee732b07375d9552d359416\"},\"breadcrumb\":{\"@id\":\"https:\\\/\\\/www.ciberbullying.com\\\/cyberbullying\\\/2010\\\/05\\\/22\\\/se-presenta-el-primer-protocolo-de-intervencion-escolar-frente-al-ciberbullying\\\/#breadcrumb\"},\"inLanguage\":\"es\",\"potentialAction\":[{\"@type\":\"ReadAction\",\"target\":[\"https:\\\/\\\/www.ciberbullying.com\\\/cyberbullying\\\/2010\\\/05\\\/22\\\/se-presenta-el-primer-protocolo-de-intervencion-escolar-frente-al-ciberbullying\\\/\"]}]},{\"@type\":\"ImageObject\",\"inLanguage\":\"es\",\"@id\":\"https:\\\/\\\/www.ciberbullying.com\\\/cyberbullying\\\/2010\\\/05\\\/22\\\/se-presenta-el-primer-protocolo-de-intervencion-escolar-frente-al-ciberbullying\\\/#primaryimage\",\"url\":\"https:\\\/\\\/www.ciberbullying.com\\\/cyberbullying\\\/wp-content\\\/uploads\\\/image1.jpg\",\"contentUrl\":\"https:\\\/\\\/www.ciberbullying.com\\\/cyberbullying\\\/wp-content\\\/uploads\\\/image1.jpg\"},{\"@type\":\"BreadcrumbList\",\"@id\":\"https:\\\/\\\/www.ciberbullying.com\\\/cyberbullying\\\/2010\\\/05\\\/22\\\/se-presenta-el-primer-protocolo-de-intervencion-escolar-frente-al-ciberbullying\\\/#breadcrumb\",\"itemListElement\":[{\"@type\":\"ListItem\",\"position\":1,\"name\":\"Portada\",\"item\":\"https:\\\/\\\/www.ciberbullying.com\\\/cyberbullying\\\/\"},{\"@type\":\"ListItem\",\"position\":2,\"name\":\"Se presenta el primer protocolo de intervenci\u00f3n escolar frente al ciberbullying\"}]},{\"@type\":\"WebSite\",\"@id\":\"https:\\\/\\\/www.ciberbullying.com\\\/cyberbullying\\\/#website\",\"url\":\"https:\\\/\\\/www.ciberbullying.com\\\/cyberbullying\\\/\",\"name\":\"CIBERBULLYING\",\"description\":\"Acoso escolar \u2013 Ciberacoso entre iguales\",\"potentialAction\":[{\"@type\":\"SearchAction\",\"target\":{\"@type\":\"EntryPoint\",\"urlTemplate\":\"https:\\\/\\\/www.ciberbullying.com\\\/cyberbullying\\\/?s={search_term_string}\"},\"query-input\":{\"@type\":\"PropertyValueSpecification\",\"valueRequired\":true,\"valueName\":\"search_term_string\"}}],\"inLanguage\":\"es\"},{\"@type\":\"Person\",\"@id\":\"https:\\\/\\\/www.ciberbullying.com\\\/cyberbullying\\\/#\\\/schema\\\/person\\\/dff89bf66ee732b07375d9552d359416\",\"name\":\"PantallasAmigas\",\"image\":{\"@type\":\"ImageObject\",\"inLanguage\":\"es\",\"@id\":\"https:\\\/\\\/secure.gravatar.com\\\/avatar\\\/5eab05966ee30ba2d4bdbc7f83f1eb6c99c4e78cb319c02061c4bb4b7dd85bd8?s=96&d=mm&r=g\",\"url\":\"https:\\\/\\\/secure.gravatar.com\\\/avatar\\\/5eab05966ee30ba2d4bdbc7f83f1eb6c99c4e78cb319c02061c4bb4b7dd85bd8?s=96&d=mm&r=g\",\"contentUrl\":\"https:\\\/\\\/secure.gravatar.com\\\/avatar\\\/5eab05966ee30ba2d4bdbc7f83f1eb6c99c4e78cb319c02061c4bb4b7dd85bd8?s=96&d=mm&r=g\",\"caption\":\"PantallasAmigas\"},\"description\":\"PantallasAmigas es una iniciativa fundada en 2004 cuya misi\u00f3n es promover el uso seguro y saludable de las nuevas tecnolog\u00edas as\u00ed como una ciudadan\u00eda digital responsable en la infancia y la adolescencia.\",\"sameAs\":[\"http:\\\/\\\/www.pantallasamigas.net\"]}]}<\/script>\n<!-- \/ Yoast SEO plugin. -->","yoast_head_json":{"title":"Se presenta el primer protocolo de intervenci\u00f3n escolar frente al ciberbullying - CIBERBULLYING","robots":{"index":"index","follow":"follow","max-snippet":"max-snippet:-1","max-image-preview":"max-image-preview:large","max-video-preview":"max-video-preview:-1"},"canonical":"https:\/\/www.ciberbullying.com\/cyberbullying\/2010\/05\/22\/se-presenta-el-primer-protocolo-de-intervencion-escolar-frente-al-ciberbullying\/","og_locale":"es_ES","og_type":"article","og_title":"Se presenta el primer protocolo de intervenci\u00f3n escolar frente al ciberbullying - CIBERBULLYING","og_description":"En el Congreso de Ciudadan\u00eda Digital celebrado en San Sebasti\u00e1n en Mayo de 2010 fue presentado el protocolo de actuaci\u00f3n e intervenci\u00f3n escolar ante el ciberbullying.","og_url":"https:\/\/www.ciberbullying.com\/cyberbullying\/2010\/05\/22\/se-presenta-el-primer-protocolo-de-intervencion-escolar-frente-al-ciberbullying\/","og_site_name":"CIBERBULLYING","article_published_time":"2010-05-22T10:42:10+00:00","article_modified_time":"2015-07-22T11:50:31+00:00","og_image":[{"url":"https:\/\/www.ciberbullying.com\/cyberbullying\/wp-content\/uploads\/image1.jpg","width":1,"height":1,"type":"image\/jpeg"}],"author":"PantallasAmigas","twitter_card":"summary_large_image","twitter_misc":{"Escrito por":"PantallasAmigas","Tiempo de lectura":"1 minuto"},"schema":{"@context":"https:\/\/schema.org","@graph":[{"@type":"Article","@id":"https:\/\/www.ciberbullying.com\/cyberbullying\/2010\/05\/22\/se-presenta-el-primer-protocolo-de-intervencion-escolar-frente-al-ciberbullying\/#article","isPartOf":{"@id":"https:\/\/www.ciberbullying.com\/cyberbullying\/2010\/05\/22\/se-presenta-el-primer-protocolo-de-intervencion-escolar-frente-al-ciberbullying\/"},"author":{"name":"PantallasAmigas","@id":"https:\/\/www.ciberbullying.com\/cyberbullying\/#\/schema\/person\/dff89bf66ee732b07375d9552d359416"},"headline":"Se presenta el primer protocolo de intervenci\u00f3n escolar frente al ciberbullying","datePublished":"2010-05-22T10:42:10+00:00","dateModified":"2015-07-22T11:50:31+00:00","mainEntityOfPage":{"@id":"https:\/\/www.ciberbullying.com\/cyberbullying\/2010\/05\/22\/se-presenta-el-primer-protocolo-de-intervencion-escolar-frente-al-ciberbullying\/"},"wordCount":213,"commentCount":0,"image":{"@id":"https:\/\/www.ciberbullying.com\/cyberbullying\/2010\/05\/22\/se-presenta-el-primer-protocolo-de-intervencion-escolar-frente-al-ciberbullying\/#primaryimage"},"thumbnailUrl":"https:\/\/www.ciberbullying.com\/cyberbullying\/wp-content\/uploads\/image1.jpg","keywords":["colegios","congresos","emici.gobierno vasco","protocolo","rosario del rey"],"articleSection":["Ciberbullying","Noticias"],"inLanguage":"es","potentialAction":[{"@type":"CommentAction","name":"Comment","target":["https:\/\/www.ciberbullying.com\/cyberbullying\/2010\/05\/22\/se-presenta-el-primer-protocolo-de-intervencion-escolar-frente-al-ciberbullying\/#respond"]}]},{"@type":"WebPage","@id":"https:\/\/www.ciberbullying.com\/cyberbullying\/2010\/05\/22\/se-presenta-el-primer-protocolo-de-intervencion-escolar-frente-al-ciberbullying\/","url":"https:\/\/www.ciberbullying.com\/cyberbullying\/2010\/05\/22\/se-presenta-el-primer-protocolo-de-intervencion-escolar-frente-al-ciberbullying\/","name":"Se presenta el primer protocolo de intervenci\u00f3n escolar frente al ciberbullying - CIBERBULLYING","isPartOf":{"@id":"https:\/\/www.ciberbullying.com\/cyberbullying\/#website"},"primaryImageOfPage":{"@id":"https:\/\/www.ciberbullying.com\/cyberbullying\/2010\/05\/22\/se-presenta-el-primer-protocolo-de-intervencion-escolar-frente-al-ciberbullying\/#primaryimage"},"image":{"@id":"https:\/\/www.ciberbullying.com\/cyberbullying\/2010\/05\/22\/se-presenta-el-primer-protocolo-de-intervencion-escolar-frente-al-ciberbullying\/#primaryimage"},"thumbnailUrl":"https:\/\/www.ciberbullying.com\/cyberbullying\/wp-content\/uploads\/image1.jpg","datePublished":"2010-05-22T10:42:10+00:00","dateModified":"2015-07-22T11:50:31+00:00","author":{"@id":"https:\/\/www.ciberbullying.com\/cyberbullying\/#\/schema\/person\/dff89bf66ee732b07375d9552d359416"},"breadcrumb":{"@id":"https:\/\/www.ciberbullying.com\/cyberbullying\/2010\/05\/22\/se-presenta-el-primer-protocolo-de-intervencion-escolar-frente-al-ciberbullying\/#breadcrumb"},"inLanguage":"es","potentialAction":[{"@type":"ReadAction","target":["https:\/\/www.ciberbullying.com\/cyberbullying\/2010\/05\/22\/se-presenta-el-primer-protocolo-de-intervencion-escolar-frente-al-ciberbullying\/"]}]},{"@type":"ImageObject","inLanguage":"es","@id":"https:\/\/www.ciberbullying.com\/cyberbullying\/2010\/05\/22\/se-presenta-el-primer-protocolo-de-intervencion-escolar-frente-al-ciberbullying\/#primaryimage","url":"https:\/\/www.ciberbullying.com\/cyberbullying\/wp-content\/uploads\/image1.jpg","contentUrl":"https:\/\/www.ciberbullying.com\/cyberbullying\/wp-content\/uploads\/image1.jpg"},{"@type":"BreadcrumbList","@id":"https:\/\/www.ciberbullying.com\/cyberbullying\/2010\/05\/22\/se-presenta-el-primer-protocolo-de-intervencion-escolar-frente-al-ciberbullying\/#breadcrumb","itemListElement":[{"@type":"ListItem","position":1,"name":"Portada","item":"https:\/\/www.ciberbullying.com\/cyberbullying\/"},{"@type":"ListItem","position":2,"name":"Se presenta el primer protocolo de intervenci\u00f3n escolar frente al ciberbullying"}]},{"@type":"WebSite","@id":"https:\/\/www.ciberbullying.com\/cyberbullying\/#website","url":"https:\/\/www.ciberbullying.com\/cyberbullying\/","name":"CIBERBULLYING","description":"Acoso escolar \u2013 Ciberacoso entre iguales","potentialAction":[{"@type":"SearchAction","target":{"@type":"EntryPoint","urlTemplate":"https:\/\/www.ciberbullying.com\/cyberbullying\/?s={search_term_string}"},"query-input":{"@type":"PropertyValueSpecification","valueRequired":true,"valueName":"search_term_string"}}],"inLanguage":"es"},{"@type":"Person","@id":"https:\/\/www.ciberbullying.com\/cyberbullying\/#\/schema\/person\/dff89bf66ee732b07375d9552d359416","name":"PantallasAmigas","image":{"@type":"ImageObject","inLanguage":"es","@id":"https:\/\/secure.gravatar.com\/avatar\/5eab05966ee30ba2d4bdbc7f83f1eb6c99c4e78cb319c02061c4bb4b7dd85bd8?s=96&d=mm&r=g","url":"https:\/\/secure.gravatar.com\/avatar\/5eab05966ee30ba2d4bdbc7f83f1eb6c99c4e78cb319c02061c4bb4b7dd85bd8?s=96&d=mm&r=g","contentUrl":"https:\/\/secure.gravatar.com\/avatar\/5eab05966ee30ba2d4bdbc7f83f1eb6c99c4e78cb319c02061c4bb4b7dd85bd8?s=96&d=mm&r=g","caption":"PantallasAmigas"},"description":"PantallasAmigas es una iniciativa fundada en 2004 cuya misi\u00f3n es promover el uso seguro y saludable de las nuevas tecnolog\u00edas as\u00ed como una ciudadan\u00eda digital responsable en la infancia y la adolescencia.","sameAs":["http:\/\/www.pantallasamigas.net"]}]}},"_links":{"self":[{"href":"https:\/\/www.ciberbullying.com\/cyberbullying\/wp-json\/wp\/v2\/posts\/57","targetHints":{"allow":["GET"]}}],"collection":[{"href":"https:\/\/www.ciberbullying.com\/cyberbullying\/wp-json\/wp\/v2\/posts"}],"about":[{"href":"https:\/\/www.ciberbullying.com\/cyberbullying\/wp-json\/wp\/v2\/types\/post"}],"author":[{"embeddable":true,"href":"https:\/\/www.ciberbullying.com\/cyberbullying\/wp-json\/wp\/v2\/users\/1"}],"replies":[{"embeddable":true,"href":"https:\/\/www.ciberbullying.com\/cyberbullying\/wp-json\/wp\/v2\/comments?post=57"}],"version-history":[{"count":3,"href":"https:\/\/www.ciberbullying.com\/cyberbullying\/wp-json\/wp\/v2\/posts\/57\/revisions"}],"predecessor-version":[{"id":222,"href":"https:\/\/www.ciberbullying.com\/cyberbullying\/wp-json\/wp\/v2\/posts\/57\/revisions\/222"}],"wp:featuredmedia":[{"embeddable":true,"href":"https:\/\/www.ciberbullying.com\/cyberbullying\/wp-json\/wp\/v2\/media\/1698"}],"wp:attachment":[{"href":"https:\/\/www.ciberbullying.com\/cyberbullying\/wp-json\/wp\/v2\/media?parent=57"}],"wp:term":[{"taxonomy":"category","embeddable":true,"href":"https:\/\/www.ciberbullying.com\/cyberbullying\/wp-json\/wp\/v2\/categories?post=57"},{"taxonomy":"post_tag","embeddable":true,"href":"https:\/\/www.ciberbullying.com\/cyberbullying\/wp-json\/wp\/v2\/tags?post=57"}],"curies":[{"name":"wp","href":"https:\/\/api.w.org\/{rel}","templated":true}]}}