{"id":392,"date":"2009-06-29T17:33:32","date_gmt":"2009-06-29T17:33:32","guid":{"rendered":"http:\/\/www.ciberbullying.com\/cyberbullying\/?p=392"},"modified":"2015-07-22T12:50:28","modified_gmt":"2015-07-22T11:50:28","slug":"vila-real-aborda-el-ciberbullying-en-su-campana-convivencia-en-las-aulas","status":"publish","type":"post","link":"https:\/\/www.ciberbullying.com\/cyberbullying\/2009\/06\/29\/vila-real-aborda-el-ciberbullying-en-su-campana-convivencia-en-las-aulas\/","title":{"rendered":"Vila-real aborda el ciberbullying en su campa\u00f1a \u2018Convivencia en las Aulas\u2019"},"content":{"rendered":"<p>La Polic\u00eda Local de Vila-real, en colaboraci\u00f3n con la concejal\u00eda de Educaci\u00f3n, ha presentado la VI edici\u00f3n de la campa\u00f1a \u201cConvivencia en las Aulas\u201d, con la que se busca prevenir y concienciar a los j\u00f3venes de la gravedad y consecuencias del acoso escolar. Adem\u00e1s, a trav\u00e9s de esta iniciativa, la Polic\u00eda Local ofrece un servicio de mediaci\u00f3n en los posibles conflictos que se detectan entre escolares. Este programa, que se retomar\u00e1 en los centros educativos de la ciudad en septiembre, abordar\u00e1 el <a href=\"http:\/\/www.ciberbullying.com\">cyberbullying<\/a>, una modalidad de acoso a trav\u00e9s de internet o tel\u00e9fono m\u00f3vil que empieza a ganar terreno a la agresi\u00f3n f\u00edsica o verbal.<\/p>\n<p>Fuente: <a href=\"http:\/\/www.elperiodic.com\/vila-real\/noticias\/40238_edicion-campaa-convivencia-aulas-abordara-cyberbullying.html\">El Peri\u00f2dic<\/a><\/p>\n","protected":false},"excerpt":{"rendered":"<p>La Polic\u00eda Local de Vila-real, en colaboraci\u00f3n con la concejal\u00eda de Educaci\u00f3n, ha presentado la VI edici\u00f3n de la campa\u00f1a \u201cConvivencia en las Aulas\u201d, con la que se busca prevenir y concienciar a los j\u00f3venes de la gravedad y consecuencias del acoso escolar. Adem\u00e1s, a trav\u00e9s de esta iniciativa, la Polic\u00eda Local ofrece un servicio [&hellip;]<\/p>\n","protected":false},"author":1,"featured_media":0,"comment_status":"open","ping_status":"open","sticky":false,"template":"","format":"standard","meta":{"footnotes":""},"categories":[1,229],"tags":[8,281,587,35,17,235,36,508,509],"class_list":["post-392","post","type-post","status-publish","format-standard","hentry","category-ciberbullying","category-noticias","tag-ciberbullying-2","tag-convivencia-escolar","tag-cyberbullying","tag-internet","tag-policia","tag-prevencion","tag-telefonos-moviles","tag-valencia","tag-vila-real"],"yoast_head":"<!-- This site is optimized with the Yoast SEO plugin v27.5 - https:\/\/yoast.com\/product\/yoast-seo-wordpress\/ -->\n<title>Vila-real aborda el ciberbullying en su campa\u00f1a \u2018Convivencia en las Aulas\u2019 - CIBERBULLYING<\/title>\n<meta name=\"robots\" content=\"index, follow, max-snippet:-1, max-image-preview:large, max-video-preview:-1\" \/>\n<link rel=\"canonical\" href=\"https:\/\/www.ciberbullying.com\/cyberbullying\/2009\/06\/29\/vila-real-aborda-el-ciberbullying-en-su-campana-convivencia-en-las-aulas\/\" \/>\n<meta property=\"og:locale\" content=\"es_ES\" \/>\n<meta property=\"og:type\" content=\"article\" \/>\n<meta property=\"og:title\" content=\"Vila-real aborda el ciberbullying en su campa\u00f1a \u2018Convivencia en las Aulas\u2019 - CIBERBULLYING\" \/>\n<meta property=\"og:description\" content=\"La Polic\u00eda Local de Vila-real, en colaboraci\u00f3n con la concejal\u00eda de Educaci\u00f3n, ha presentado la VI edici\u00f3n de la campa\u00f1a \u201cConvivencia en las Aulas\u201d, con la que se busca prevenir y concienciar a los j\u00f3venes de la gravedad y consecuencias del acoso escolar. Adem\u00e1s, a trav\u00e9s de esta iniciativa, la Polic\u00eda Local ofrece un servicio [&hellip;]\" \/>\n<meta property=\"og:url\" content=\"https:\/\/www.ciberbullying.com\/cyberbullying\/2009\/06\/29\/vila-real-aborda-el-ciberbullying-en-su-campana-convivencia-en-las-aulas\/\" \/>\n<meta property=\"og:site_name\" content=\"CIBERBULLYING\" \/>\n<meta property=\"article:published_time\" content=\"2009-06-29T17:33:32+00:00\" \/>\n<meta property=\"article:modified_time\" content=\"2015-07-22T11:50:28+00:00\" \/>\n<meta name=\"author\" content=\"PantallasAmigas\" \/>\n<meta name=\"twitter:card\" content=\"summary_large_image\" \/>\n<meta name=\"twitter:label1\" content=\"Escrito por\" \/>\n\t<meta name=\"twitter:data1\" content=\"PantallasAmigas\" \/>\n\t<meta name=\"twitter:label2\" content=\"Tiempo de lectura\" \/>\n\t<meta name=\"twitter:data2\" content=\"1 minuto\" \/>\n<script type=\"application\/ld+json\" class=\"yoast-schema-graph\">{\"@context\":\"https:\\\/\\\/schema.org\",\"@graph\":[{\"@type\":\"Article\",\"@id\":\"https:\\\/\\\/www.ciberbullying.com\\\/cyberbullying\\\/2009\\\/06\\\/29\\\/vila-real-aborda-el-ciberbullying-en-su-campana-convivencia-en-las-aulas\\\/#article\",\"isPartOf\":{\"@id\":\"https:\\\/\\\/www.ciberbullying.com\\\/cyberbullying\\\/2009\\\/06\\\/29\\\/vila-real-aborda-el-ciberbullying-en-su-campana-convivencia-en-las-aulas\\\/\"},\"author\":{\"name\":\"PantallasAmigas\",\"@id\":\"https:\\\/\\\/www.ciberbullying.com\\\/cyberbullying\\\/#\\\/schema\\\/person\\\/dff89bf66ee732b07375d9552d359416\"},\"headline\":\"Vila-real aborda el ciberbullying en su campa\u00f1a \u2018Convivencia en las Aulas\u2019\",\"datePublished\":\"2009-06-29T17:33:32+00:00\",\"dateModified\":\"2015-07-22T11:50:28+00:00\",\"mainEntityOfPage\":{\"@id\":\"https:\\\/\\\/www.ciberbullying.com\\\/cyberbullying\\\/2009\\\/06\\\/29\\\/vila-real-aborda-el-ciberbullying-en-su-campana-convivencia-en-las-aulas\\\/\"},\"wordCount\":137,\"commentCount\":0,\"keywords\":[\"ciberbullying\",\"convivencia escolar\",\"cyberbullying\",\"internet\",\"polic\u00eda\",\"prevenci\u00f3n\",\"tel\u00e9fonos m\u00f3viles\",\"valencia\",\"vila-real\"],\"articleSection\":[\"Ciberbullying\",\"Noticias\"],\"inLanguage\":\"es\",\"potentialAction\":[{\"@type\":\"CommentAction\",\"name\":\"Comment\",\"target\":[\"https:\\\/\\\/www.ciberbullying.com\\\/cyberbullying\\\/2009\\\/06\\\/29\\\/vila-real-aborda-el-ciberbullying-en-su-campana-convivencia-en-las-aulas\\\/#respond\"]}]},{\"@type\":\"WebPage\",\"@id\":\"https:\\\/\\\/www.ciberbullying.com\\\/cyberbullying\\\/2009\\\/06\\\/29\\\/vila-real-aborda-el-ciberbullying-en-su-campana-convivencia-en-las-aulas\\\/\",\"url\":\"https:\\\/\\\/www.ciberbullying.com\\\/cyberbullying\\\/2009\\\/06\\\/29\\\/vila-real-aborda-el-ciberbullying-en-su-campana-convivencia-en-las-aulas\\\/\",\"name\":\"Vila-real aborda el ciberbullying en su campa\u00f1a \u2018Convivencia en las Aulas\u2019 - CIBERBULLYING\",\"isPartOf\":{\"@id\":\"https:\\\/\\\/www.ciberbullying.com\\\/cyberbullying\\\/#website\"},\"datePublished\":\"2009-06-29T17:33:32+00:00\",\"dateModified\":\"2015-07-22T11:50:28+00:00\",\"author\":{\"@id\":\"https:\\\/\\\/www.ciberbullying.com\\\/cyberbullying\\\/#\\\/schema\\\/person\\\/dff89bf66ee732b07375d9552d359416\"},\"breadcrumb\":{\"@id\":\"https:\\\/\\\/www.ciberbullying.com\\\/cyberbullying\\\/2009\\\/06\\\/29\\\/vila-real-aborda-el-ciberbullying-en-su-campana-convivencia-en-las-aulas\\\/#breadcrumb\"},\"inLanguage\":\"es\",\"potentialAction\":[{\"@type\":\"ReadAction\",\"target\":[\"https:\\\/\\\/www.ciberbullying.com\\\/cyberbullying\\\/2009\\\/06\\\/29\\\/vila-real-aborda-el-ciberbullying-en-su-campana-convivencia-en-las-aulas\\\/\"]}]},{\"@type\":\"BreadcrumbList\",\"@id\":\"https:\\\/\\\/www.ciberbullying.com\\\/cyberbullying\\\/2009\\\/06\\\/29\\\/vila-real-aborda-el-ciberbullying-en-su-campana-convivencia-en-las-aulas\\\/#breadcrumb\",\"itemListElement\":[{\"@type\":\"ListItem\",\"position\":1,\"name\":\"Portada\",\"item\":\"https:\\\/\\\/www.ciberbullying.com\\\/cyberbullying\\\/\"},{\"@type\":\"ListItem\",\"position\":2,\"name\":\"Vila-real aborda el ciberbullying en su campa\u00f1a \u2018Convivencia en las Aulas\u2019\"}]},{\"@type\":\"WebSite\",\"@id\":\"https:\\\/\\\/www.ciberbullying.com\\\/cyberbullying\\\/#website\",\"url\":\"https:\\\/\\\/www.ciberbullying.com\\\/cyberbullying\\\/\",\"name\":\"CIBERBULLYING\",\"description\":\"Acoso escolar \u2013 Ciberacoso entre iguales\",\"potentialAction\":[{\"@type\":\"SearchAction\",\"target\":{\"@type\":\"EntryPoint\",\"urlTemplate\":\"https:\\\/\\\/www.ciberbullying.com\\\/cyberbullying\\\/?s={search_term_string}\"},\"query-input\":{\"@type\":\"PropertyValueSpecification\",\"valueRequired\":true,\"valueName\":\"search_term_string\"}}],\"inLanguage\":\"es\"},{\"@type\":\"Person\",\"@id\":\"https:\\\/\\\/www.ciberbullying.com\\\/cyberbullying\\\/#\\\/schema\\\/person\\\/dff89bf66ee732b07375d9552d359416\",\"name\":\"PantallasAmigas\",\"image\":{\"@type\":\"ImageObject\",\"inLanguage\":\"es\",\"@id\":\"https:\\\/\\\/secure.gravatar.com\\\/avatar\\\/5eab05966ee30ba2d4bdbc7f83f1eb6c99c4e78cb319c02061c4bb4b7dd85bd8?s=96&d=mm&r=g\",\"url\":\"https:\\\/\\\/secure.gravatar.com\\\/avatar\\\/5eab05966ee30ba2d4bdbc7f83f1eb6c99c4e78cb319c02061c4bb4b7dd85bd8?s=96&d=mm&r=g\",\"contentUrl\":\"https:\\\/\\\/secure.gravatar.com\\\/avatar\\\/5eab05966ee30ba2d4bdbc7f83f1eb6c99c4e78cb319c02061c4bb4b7dd85bd8?s=96&d=mm&r=g\",\"caption\":\"PantallasAmigas\"},\"description\":\"PantallasAmigas es una iniciativa fundada en 2004 cuya misi\u00f3n es promover el uso seguro y saludable de las nuevas tecnolog\u00edas as\u00ed como una ciudadan\u00eda digital responsable en la infancia y la adolescencia.\",\"sameAs\":[\"http:\\\/\\\/www.pantallasamigas.net\"]}]}<\/script>\n<!-- \/ Yoast SEO plugin. -->","yoast_head_json":{"title":"Vila-real aborda el ciberbullying en su campa\u00f1a \u2018Convivencia en las Aulas\u2019 - CIBERBULLYING","robots":{"index":"index","follow":"follow","max-snippet":"max-snippet:-1","max-image-preview":"max-image-preview:large","max-video-preview":"max-video-preview:-1"},"canonical":"https:\/\/www.ciberbullying.com\/cyberbullying\/2009\/06\/29\/vila-real-aborda-el-ciberbullying-en-su-campana-convivencia-en-las-aulas\/","og_locale":"es_ES","og_type":"article","og_title":"Vila-real aborda el ciberbullying en su campa\u00f1a \u2018Convivencia en las Aulas\u2019 - CIBERBULLYING","og_description":"La Polic\u00eda Local de Vila-real, en colaboraci\u00f3n con la concejal\u00eda de Educaci\u00f3n, ha presentado la VI edici\u00f3n de la campa\u00f1a \u201cConvivencia en las Aulas\u201d, con la que se busca prevenir y concienciar a los j\u00f3venes de la gravedad y consecuencias del acoso escolar. Adem\u00e1s, a trav\u00e9s de esta iniciativa, la Polic\u00eda Local ofrece un servicio [&hellip;]","og_url":"https:\/\/www.ciberbullying.com\/cyberbullying\/2009\/06\/29\/vila-real-aborda-el-ciberbullying-en-su-campana-convivencia-en-las-aulas\/","og_site_name":"CIBERBULLYING","article_published_time":"2009-06-29T17:33:32+00:00","article_modified_time":"2015-07-22T11:50:28+00:00","author":"PantallasAmigas","twitter_card":"summary_large_image","twitter_misc":{"Escrito por":"PantallasAmigas","Tiempo de lectura":"1 minuto"},"schema":{"@context":"https:\/\/schema.org","@graph":[{"@type":"Article","@id":"https:\/\/www.ciberbullying.com\/cyberbullying\/2009\/06\/29\/vila-real-aborda-el-ciberbullying-en-su-campana-convivencia-en-las-aulas\/#article","isPartOf":{"@id":"https:\/\/www.ciberbullying.com\/cyberbullying\/2009\/06\/29\/vila-real-aborda-el-ciberbullying-en-su-campana-convivencia-en-las-aulas\/"},"author":{"name":"PantallasAmigas","@id":"https:\/\/www.ciberbullying.com\/cyberbullying\/#\/schema\/person\/dff89bf66ee732b07375d9552d359416"},"headline":"Vila-real aborda el ciberbullying en su campa\u00f1a \u2018Convivencia en las Aulas\u2019","datePublished":"2009-06-29T17:33:32+00:00","dateModified":"2015-07-22T11:50:28+00:00","mainEntityOfPage":{"@id":"https:\/\/www.ciberbullying.com\/cyberbullying\/2009\/06\/29\/vila-real-aborda-el-ciberbullying-en-su-campana-convivencia-en-las-aulas\/"},"wordCount":137,"commentCount":0,"keywords":["ciberbullying","convivencia escolar","cyberbullying","internet","polic\u00eda","prevenci\u00f3n","tel\u00e9fonos m\u00f3viles","valencia","vila-real"],"articleSection":["Ciberbullying","Noticias"],"inLanguage":"es","potentialAction":[{"@type":"CommentAction","name":"Comment","target":["https:\/\/www.ciberbullying.com\/cyberbullying\/2009\/06\/29\/vila-real-aborda-el-ciberbullying-en-su-campana-convivencia-en-las-aulas\/#respond"]}]},{"@type":"WebPage","@id":"https:\/\/www.ciberbullying.com\/cyberbullying\/2009\/06\/29\/vila-real-aborda-el-ciberbullying-en-su-campana-convivencia-en-las-aulas\/","url":"https:\/\/www.ciberbullying.com\/cyberbullying\/2009\/06\/29\/vila-real-aborda-el-ciberbullying-en-su-campana-convivencia-en-las-aulas\/","name":"Vila-real aborda el ciberbullying en su campa\u00f1a \u2018Convivencia en las Aulas\u2019 - CIBERBULLYING","isPartOf":{"@id":"https:\/\/www.ciberbullying.com\/cyberbullying\/#website"},"datePublished":"2009-06-29T17:33:32+00:00","dateModified":"2015-07-22T11:50:28+00:00","author":{"@id":"https:\/\/www.ciberbullying.com\/cyberbullying\/#\/schema\/person\/dff89bf66ee732b07375d9552d359416"},"breadcrumb":{"@id":"https:\/\/www.ciberbullying.com\/cyberbullying\/2009\/06\/29\/vila-real-aborda-el-ciberbullying-en-su-campana-convivencia-en-las-aulas\/#breadcrumb"},"inLanguage":"es","potentialAction":[{"@type":"ReadAction","target":["https:\/\/www.ciberbullying.com\/cyberbullying\/2009\/06\/29\/vila-real-aborda-el-ciberbullying-en-su-campana-convivencia-en-las-aulas\/"]}]},{"@type":"BreadcrumbList","@id":"https:\/\/www.ciberbullying.com\/cyberbullying\/2009\/06\/29\/vila-real-aborda-el-ciberbullying-en-su-campana-convivencia-en-las-aulas\/#breadcrumb","itemListElement":[{"@type":"ListItem","position":1,"name":"Portada","item":"https:\/\/www.ciberbullying.com\/cyberbullying\/"},{"@type":"ListItem","position":2,"name":"Vila-real aborda el ciberbullying en su campa\u00f1a \u2018Convivencia en las Aulas\u2019"}]},{"@type":"WebSite","@id":"https:\/\/www.ciberbullying.com\/cyberbullying\/#website","url":"https:\/\/www.ciberbullying.com\/cyberbullying\/","name":"CIBERBULLYING","description":"Acoso escolar \u2013 Ciberacoso entre iguales","potentialAction":[{"@type":"SearchAction","target":{"@type":"EntryPoint","urlTemplate":"https:\/\/www.ciberbullying.com\/cyberbullying\/?s={search_term_string}"},"query-input":{"@type":"PropertyValueSpecification","valueRequired":true,"valueName":"search_term_string"}}],"inLanguage":"es"},{"@type":"Person","@id":"https:\/\/www.ciberbullying.com\/cyberbullying\/#\/schema\/person\/dff89bf66ee732b07375d9552d359416","name":"PantallasAmigas","image":{"@type":"ImageObject","inLanguage":"es","@id":"https:\/\/secure.gravatar.com\/avatar\/5eab05966ee30ba2d4bdbc7f83f1eb6c99c4e78cb319c02061c4bb4b7dd85bd8?s=96&d=mm&r=g","url":"https:\/\/secure.gravatar.com\/avatar\/5eab05966ee30ba2d4bdbc7f83f1eb6c99c4e78cb319c02061c4bb4b7dd85bd8?s=96&d=mm&r=g","contentUrl":"https:\/\/secure.gravatar.com\/avatar\/5eab05966ee30ba2d4bdbc7f83f1eb6c99c4e78cb319c02061c4bb4b7dd85bd8?s=96&d=mm&r=g","caption":"PantallasAmigas"},"description":"PantallasAmigas es una iniciativa fundada en 2004 cuya misi\u00f3n es promover el uso seguro y saludable de las nuevas tecnolog\u00edas as\u00ed como una ciudadan\u00eda digital responsable en la infancia y la adolescencia.","sameAs":["http:\/\/www.pantallasamigas.net"]}]}},"_links":{"self":[{"href":"https:\/\/www.ciberbullying.com\/cyberbullying\/wp-json\/wp\/v2\/posts\/392","targetHints":{"allow":["GET"]}}],"collection":[{"href":"https:\/\/www.ciberbullying.com\/cyberbullying\/wp-json\/wp\/v2\/posts"}],"about":[{"href":"https:\/\/www.ciberbullying.com\/cyberbullying\/wp-json\/wp\/v2\/types\/post"}],"author":[{"embeddable":true,"href":"https:\/\/www.ciberbullying.com\/cyberbullying\/wp-json\/wp\/v2\/users\/1"}],"replies":[{"embeddable":true,"href":"https:\/\/www.ciberbullying.com\/cyberbullying\/wp-json\/wp\/v2\/comments?post=392"}],"version-history":[{"count":3,"href":"https:\/\/www.ciberbullying.com\/cyberbullying\/wp-json\/wp\/v2\/posts\/392\/revisions"}],"predecessor-version":[{"id":958,"href":"https:\/\/www.ciberbullying.com\/cyberbullying\/wp-json\/wp\/v2\/posts\/392\/revisions\/958"}],"wp:attachment":[{"href":"https:\/\/www.ciberbullying.com\/cyberbullying\/wp-json\/wp\/v2\/media?parent=392"}],"wp:term":[{"taxonomy":"category","embeddable":true,"href":"https:\/\/www.ciberbullying.com\/cyberbullying\/wp-json\/wp\/v2\/categories?post=392"},{"taxonomy":"post_tag","embeddable":true,"href":"https:\/\/www.ciberbullying.com\/cyberbullying\/wp-json\/wp\/v2\/tags?post=392"}],"curies":[{"name":"wp","href":"https:\/\/api.w.org\/{rel}","templated":true}]}}