{"id":382,"date":"2009-02-20T17:19:21","date_gmt":"2009-02-20T17:19:21","guid":{"rendered":"http:\/\/www.ciberbullying.com\/cyberbullying\/?p=382"},"modified":"2015-07-22T12:50:27","modified_gmt":"2015-07-22T11:50:27","slug":"campana-contra-el-ciberbullying-en-elche","status":"publish","type":"post","link":"https:\/\/www.ciberbullying.com\/cyberbullying\/2009\/02\/20\/campana-contra-el-ciberbullying-en-elche\/","title":{"rendered":"Campa\u00f1a contra el ciberbullying en Elche"},"content":{"rendered":"<p>La Diputaci\u00f3n de Elche ha presentado la que ser\u00e1 una campa\u00f1a contra el acoso escolar bajo le lema \u00abNo lo permitas. Act\u00faa\u00bb. La prioridad de sus promotores se centra en la lucha del ciberbullying tanto en internet, como, sobre todo, a trav\u00e9s del m\u00f3vil. <\/p>\n<p>La diputada provincial de Juventud, Mar\u00eda Asunci\u00f3n Prieto, la campa\u00f1a incluir\u00e1 \u00abacciones directas para llegar a los problemas\u00bb. \u00abHay que saber que tenemos un problema. Hay que visualizarlo, poner los medios para solucionarlo y erradicarlo\u00bb, a\u00f1adi\u00f3 Prieto<\/p>\n<p>Por su parte, la edil de Educaci\u00f3n de Elche, Blanca Gonz\u00e1lez, se\u00f1al\u00f3 durante la presentaci\u00f3n que \u00abtenemos que poner freno a un fen\u00f3meno que no es tan grande como lo est\u00e1n magnificando los medios\u00bb. \u00abNo son tanto los alumnos, sino la sociedad que lo est\u00e1 fomentando\u00bb, agreg\u00f3.<\/p>\n<p>Fuente: <a href=\"http:\/\/www.diarioinformacion.com\/secciones\/noticia.jsp?pRef=2009022000_13_854727__ELCHE-Especialistas-detectanun-aumento-acoso-escolar-traves-movil\">diarioinformacion.com<br \/>\n<\/a><\/p>\n","protected":false},"excerpt":{"rendered":"<p>La Diputaci\u00f3n de Elche ha presentado la que ser\u00e1 una campa\u00f1a contra el acoso escolar bajo le lema \u00abNo lo permitas. Act\u00faa\u00bb. La prioridad de sus promotores se centra en la lucha del ciberbullying tanto en internet, como, sobre todo, a trav\u00e9s del m\u00f3vil. La diputada provincial de Juventud, Mar\u00eda Asunci\u00f3n Prieto, la campa\u00f1a incluir\u00e1 [&hellip;]<\/p>\n","protected":false},"author":1,"featured_media":0,"comment_status":"open","ping_status":"open","sticky":false,"template":"","format":"standard","meta":{"footnotes":""},"categories":[1,229],"tags":[147,28,255,8,587,150,73,81,35,493,13,888,19,154,65],"class_list":["post-382","post","type-post","status-publish","format-standard","hentry","category-ciberbullying","category-noticias","tag-blogs","tag-bullying","tag-campanas","tag-ciberbullying-2","tag-cyberbullying","tag-espana","tag-estadisticas","tag-estudios","tag-internet","tag-madrid","tag-menores","tag-noticias","tag-padres","tag-profesores","tag-telefono-movil"],"yoast_head":"<!-- This site is optimized with the Yoast SEO plugin v27.5 - https:\/\/yoast.com\/product\/yoast-seo-wordpress\/ -->\n<title>Campa\u00f1a contra el ciberbullying en Elche - CIBERBULLYING<\/title>\n<meta name=\"robots\" content=\"index, follow, max-snippet:-1, max-image-preview:large, max-video-preview:-1\" \/>\n<link rel=\"canonical\" href=\"https:\/\/www.ciberbullying.com\/cyberbullying\/2009\/02\/20\/campana-contra-el-ciberbullying-en-elche\/\" \/>\n<meta property=\"og:locale\" content=\"es_ES\" \/>\n<meta property=\"og:type\" content=\"article\" \/>\n<meta property=\"og:title\" content=\"Campa\u00f1a contra el ciberbullying en Elche - CIBERBULLYING\" \/>\n<meta property=\"og:description\" content=\"La Diputaci\u00f3n de Elche ha presentado la que ser\u00e1 una campa\u00f1a contra el acoso escolar bajo le lema \u00abNo lo permitas. Act\u00faa\u00bb. La prioridad de sus promotores se centra en la lucha del ciberbullying tanto en internet, como, sobre todo, a trav\u00e9s del m\u00f3vil. La diputada provincial de Juventud, Mar\u00eda Asunci\u00f3n Prieto, la campa\u00f1a incluir\u00e1 [&hellip;]\" \/>\n<meta property=\"og:url\" content=\"https:\/\/www.ciberbullying.com\/cyberbullying\/2009\/02\/20\/campana-contra-el-ciberbullying-en-elche\/\" \/>\n<meta property=\"og:site_name\" content=\"CIBERBULLYING\" \/>\n<meta property=\"article:published_time\" content=\"2009-02-20T17:19:21+00:00\" \/>\n<meta property=\"article:modified_time\" content=\"2015-07-22T11:50:27+00:00\" \/>\n<meta name=\"author\" content=\"PantallasAmigas\" \/>\n<meta name=\"twitter:card\" content=\"summary_large_image\" \/>\n<meta name=\"twitter:label1\" content=\"Escrito por\" \/>\n\t<meta name=\"twitter:data1\" content=\"PantallasAmigas\" \/>\n\t<meta name=\"twitter:label2\" content=\"Tiempo de lectura\" \/>\n\t<meta name=\"twitter:data2\" content=\"1 minuto\" \/>\n<script type=\"application\/ld+json\" class=\"yoast-schema-graph\">{\"@context\":\"https:\\\/\\\/schema.org\",\"@graph\":[{\"@type\":\"Article\",\"@id\":\"https:\\\/\\\/www.ciberbullying.com\\\/cyberbullying\\\/2009\\\/02\\\/20\\\/campana-contra-el-ciberbullying-en-elche\\\/#article\",\"isPartOf\":{\"@id\":\"https:\\\/\\\/www.ciberbullying.com\\\/cyberbullying\\\/2009\\\/02\\\/20\\\/campana-contra-el-ciberbullying-en-elche\\\/\"},\"author\":{\"name\":\"PantallasAmigas\",\"@id\":\"https:\\\/\\\/www.ciberbullying.com\\\/cyberbullying\\\/#\\\/schema\\\/person\\\/dff89bf66ee732b07375d9552d359416\"},\"headline\":\"Campa\u00f1a contra el ciberbullying en Elche\",\"datePublished\":\"2009-02-20T17:19:21+00:00\",\"dateModified\":\"2015-07-22T11:50:27+00:00\",\"mainEntityOfPage\":{\"@id\":\"https:\\\/\\\/www.ciberbullying.com\\\/cyberbullying\\\/2009\\\/02\\\/20\\\/campana-contra-el-ciberbullying-en-elche\\\/\"},\"wordCount\":153,\"commentCount\":0,\"keywords\":[\"blogs\",\"bullying\",\"campa\u00f1as\",\"ciberbullying\",\"cyberbullying\",\"espa\u00f1a\",\"estad\u00edsticas\",\"estudios\",\"internet\",\"madrid\",\"menores\",\"Noticias\",\"padres\",\"profesores\",\"tel\u00e9fono m\u00f3vil\"],\"articleSection\":[\"Ciberbullying\",\"Noticias\"],\"inLanguage\":\"es\",\"potentialAction\":[{\"@type\":\"CommentAction\",\"name\":\"Comment\",\"target\":[\"https:\\\/\\\/www.ciberbullying.com\\\/cyberbullying\\\/2009\\\/02\\\/20\\\/campana-contra-el-ciberbullying-en-elche\\\/#respond\"]}]},{\"@type\":\"WebPage\",\"@id\":\"https:\\\/\\\/www.ciberbullying.com\\\/cyberbullying\\\/2009\\\/02\\\/20\\\/campana-contra-el-ciberbullying-en-elche\\\/\",\"url\":\"https:\\\/\\\/www.ciberbullying.com\\\/cyberbullying\\\/2009\\\/02\\\/20\\\/campana-contra-el-ciberbullying-en-elche\\\/\",\"name\":\"Campa\u00f1a contra el ciberbullying en Elche - CIBERBULLYING\",\"isPartOf\":{\"@id\":\"https:\\\/\\\/www.ciberbullying.com\\\/cyberbullying\\\/#website\"},\"datePublished\":\"2009-02-20T17:19:21+00:00\",\"dateModified\":\"2015-07-22T11:50:27+00:00\",\"author\":{\"@id\":\"https:\\\/\\\/www.ciberbullying.com\\\/cyberbullying\\\/#\\\/schema\\\/person\\\/dff89bf66ee732b07375d9552d359416\"},\"breadcrumb\":{\"@id\":\"https:\\\/\\\/www.ciberbullying.com\\\/cyberbullying\\\/2009\\\/02\\\/20\\\/campana-contra-el-ciberbullying-en-elche\\\/#breadcrumb\"},\"inLanguage\":\"es\",\"potentialAction\":[{\"@type\":\"ReadAction\",\"target\":[\"https:\\\/\\\/www.ciberbullying.com\\\/cyberbullying\\\/2009\\\/02\\\/20\\\/campana-contra-el-ciberbullying-en-elche\\\/\"]}]},{\"@type\":\"BreadcrumbList\",\"@id\":\"https:\\\/\\\/www.ciberbullying.com\\\/cyberbullying\\\/2009\\\/02\\\/20\\\/campana-contra-el-ciberbullying-en-elche\\\/#breadcrumb\",\"itemListElement\":[{\"@type\":\"ListItem\",\"position\":1,\"name\":\"Portada\",\"item\":\"https:\\\/\\\/www.ciberbullying.com\\\/cyberbullying\\\/\"},{\"@type\":\"ListItem\",\"position\":2,\"name\":\"Campa\u00f1a contra el ciberbullying en Elche\"}]},{\"@type\":\"WebSite\",\"@id\":\"https:\\\/\\\/www.ciberbullying.com\\\/cyberbullying\\\/#website\",\"url\":\"https:\\\/\\\/www.ciberbullying.com\\\/cyberbullying\\\/\",\"name\":\"CIBERBULLYING\",\"description\":\"Acoso escolar \u2013 Ciberacoso entre iguales\",\"potentialAction\":[{\"@type\":\"SearchAction\",\"target\":{\"@type\":\"EntryPoint\",\"urlTemplate\":\"https:\\\/\\\/www.ciberbullying.com\\\/cyberbullying\\\/?s={search_term_string}\"},\"query-input\":{\"@type\":\"PropertyValueSpecification\",\"valueRequired\":true,\"valueName\":\"search_term_string\"}}],\"inLanguage\":\"es\"},{\"@type\":\"Person\",\"@id\":\"https:\\\/\\\/www.ciberbullying.com\\\/cyberbullying\\\/#\\\/schema\\\/person\\\/dff89bf66ee732b07375d9552d359416\",\"name\":\"PantallasAmigas\",\"image\":{\"@type\":\"ImageObject\",\"inLanguage\":\"es\",\"@id\":\"https:\\\/\\\/secure.gravatar.com\\\/avatar\\\/5eab05966ee30ba2d4bdbc7f83f1eb6c99c4e78cb319c02061c4bb4b7dd85bd8?s=96&d=mm&r=g\",\"url\":\"https:\\\/\\\/secure.gravatar.com\\\/avatar\\\/5eab05966ee30ba2d4bdbc7f83f1eb6c99c4e78cb319c02061c4bb4b7dd85bd8?s=96&d=mm&r=g\",\"contentUrl\":\"https:\\\/\\\/secure.gravatar.com\\\/avatar\\\/5eab05966ee30ba2d4bdbc7f83f1eb6c99c4e78cb319c02061c4bb4b7dd85bd8?s=96&d=mm&r=g\",\"caption\":\"PantallasAmigas\"},\"description\":\"PantallasAmigas es una iniciativa fundada en 2004 cuya misi\u00f3n es promover el uso seguro y saludable de las nuevas tecnolog\u00edas as\u00ed como una ciudadan\u00eda digital responsable en la infancia y la adolescencia.\",\"sameAs\":[\"http:\\\/\\\/www.pantallasamigas.net\"]}]}<\/script>\n<!-- \/ Yoast SEO plugin. -->","yoast_head_json":{"title":"Campa\u00f1a contra el ciberbullying en Elche - CIBERBULLYING","robots":{"index":"index","follow":"follow","max-snippet":"max-snippet:-1","max-image-preview":"max-image-preview:large","max-video-preview":"max-video-preview:-1"},"canonical":"https:\/\/www.ciberbullying.com\/cyberbullying\/2009\/02\/20\/campana-contra-el-ciberbullying-en-elche\/","og_locale":"es_ES","og_type":"article","og_title":"Campa\u00f1a contra el ciberbullying en Elche - CIBERBULLYING","og_description":"La Diputaci\u00f3n de Elche ha presentado la que ser\u00e1 una campa\u00f1a contra el acoso escolar bajo le lema \u00abNo lo permitas. Act\u00faa\u00bb. La prioridad de sus promotores se centra en la lucha del ciberbullying tanto en internet, como, sobre todo, a trav\u00e9s del m\u00f3vil. La diputada provincial de Juventud, Mar\u00eda Asunci\u00f3n Prieto, la campa\u00f1a incluir\u00e1 [&hellip;]","og_url":"https:\/\/www.ciberbullying.com\/cyberbullying\/2009\/02\/20\/campana-contra-el-ciberbullying-en-elche\/","og_site_name":"CIBERBULLYING","article_published_time":"2009-02-20T17:19:21+00:00","article_modified_time":"2015-07-22T11:50:27+00:00","author":"PantallasAmigas","twitter_card":"summary_large_image","twitter_misc":{"Escrito por":"PantallasAmigas","Tiempo de lectura":"1 minuto"},"schema":{"@context":"https:\/\/schema.org","@graph":[{"@type":"Article","@id":"https:\/\/www.ciberbullying.com\/cyberbullying\/2009\/02\/20\/campana-contra-el-ciberbullying-en-elche\/#article","isPartOf":{"@id":"https:\/\/www.ciberbullying.com\/cyberbullying\/2009\/02\/20\/campana-contra-el-ciberbullying-en-elche\/"},"author":{"name":"PantallasAmigas","@id":"https:\/\/www.ciberbullying.com\/cyberbullying\/#\/schema\/person\/dff89bf66ee732b07375d9552d359416"},"headline":"Campa\u00f1a contra el ciberbullying en Elche","datePublished":"2009-02-20T17:19:21+00:00","dateModified":"2015-07-22T11:50:27+00:00","mainEntityOfPage":{"@id":"https:\/\/www.ciberbullying.com\/cyberbullying\/2009\/02\/20\/campana-contra-el-ciberbullying-en-elche\/"},"wordCount":153,"commentCount":0,"keywords":["blogs","bullying","campa\u00f1as","ciberbullying","cyberbullying","espa\u00f1a","estad\u00edsticas","estudios","internet","madrid","menores","Noticias","padres","profesores","tel\u00e9fono m\u00f3vil"],"articleSection":["Ciberbullying","Noticias"],"inLanguage":"es","potentialAction":[{"@type":"CommentAction","name":"Comment","target":["https:\/\/www.ciberbullying.com\/cyberbullying\/2009\/02\/20\/campana-contra-el-ciberbullying-en-elche\/#respond"]}]},{"@type":"WebPage","@id":"https:\/\/www.ciberbullying.com\/cyberbullying\/2009\/02\/20\/campana-contra-el-ciberbullying-en-elche\/","url":"https:\/\/www.ciberbullying.com\/cyberbullying\/2009\/02\/20\/campana-contra-el-ciberbullying-en-elche\/","name":"Campa\u00f1a contra el ciberbullying en Elche - CIBERBULLYING","isPartOf":{"@id":"https:\/\/www.ciberbullying.com\/cyberbullying\/#website"},"datePublished":"2009-02-20T17:19:21+00:00","dateModified":"2015-07-22T11:50:27+00:00","author":{"@id":"https:\/\/www.ciberbullying.com\/cyberbullying\/#\/schema\/person\/dff89bf66ee732b07375d9552d359416"},"breadcrumb":{"@id":"https:\/\/www.ciberbullying.com\/cyberbullying\/2009\/02\/20\/campana-contra-el-ciberbullying-en-elche\/#breadcrumb"},"inLanguage":"es","potentialAction":[{"@type":"ReadAction","target":["https:\/\/www.ciberbullying.com\/cyberbullying\/2009\/02\/20\/campana-contra-el-ciberbullying-en-elche\/"]}]},{"@type":"BreadcrumbList","@id":"https:\/\/www.ciberbullying.com\/cyberbullying\/2009\/02\/20\/campana-contra-el-ciberbullying-en-elche\/#breadcrumb","itemListElement":[{"@type":"ListItem","position":1,"name":"Portada","item":"https:\/\/www.ciberbullying.com\/cyberbullying\/"},{"@type":"ListItem","position":2,"name":"Campa\u00f1a contra el ciberbullying en Elche"}]},{"@type":"WebSite","@id":"https:\/\/www.ciberbullying.com\/cyberbullying\/#website","url":"https:\/\/www.ciberbullying.com\/cyberbullying\/","name":"CIBERBULLYING","description":"Acoso escolar \u2013 Ciberacoso entre iguales","potentialAction":[{"@type":"SearchAction","target":{"@type":"EntryPoint","urlTemplate":"https:\/\/www.ciberbullying.com\/cyberbullying\/?s={search_term_string}"},"query-input":{"@type":"PropertyValueSpecification","valueRequired":true,"valueName":"search_term_string"}}],"inLanguage":"es"},{"@type":"Person","@id":"https:\/\/www.ciberbullying.com\/cyberbullying\/#\/schema\/person\/dff89bf66ee732b07375d9552d359416","name":"PantallasAmigas","image":{"@type":"ImageObject","inLanguage":"es","@id":"https:\/\/secure.gravatar.com\/avatar\/5eab05966ee30ba2d4bdbc7f83f1eb6c99c4e78cb319c02061c4bb4b7dd85bd8?s=96&d=mm&r=g","url":"https:\/\/secure.gravatar.com\/avatar\/5eab05966ee30ba2d4bdbc7f83f1eb6c99c4e78cb319c02061c4bb4b7dd85bd8?s=96&d=mm&r=g","contentUrl":"https:\/\/secure.gravatar.com\/avatar\/5eab05966ee30ba2d4bdbc7f83f1eb6c99c4e78cb319c02061c4bb4b7dd85bd8?s=96&d=mm&r=g","caption":"PantallasAmigas"},"description":"PantallasAmigas es una iniciativa fundada en 2004 cuya misi\u00f3n es promover el uso seguro y saludable de las nuevas tecnolog\u00edas as\u00ed como una ciudadan\u00eda digital responsable en la infancia y la adolescencia.","sameAs":["http:\/\/www.pantallasamigas.net"]}]}},"_links":{"self":[{"href":"https:\/\/www.ciberbullying.com\/cyberbullying\/wp-json\/wp\/v2\/posts\/382","targetHints":{"allow":["GET"]}}],"collection":[{"href":"https:\/\/www.ciberbullying.com\/cyberbullying\/wp-json\/wp\/v2\/posts"}],"about":[{"href":"https:\/\/www.ciberbullying.com\/cyberbullying\/wp-json\/wp\/v2\/types\/post"}],"author":[{"embeddable":true,"href":"https:\/\/www.ciberbullying.com\/cyberbullying\/wp-json\/wp\/v2\/users\/1"}],"replies":[{"embeddable":true,"href":"https:\/\/www.ciberbullying.com\/cyberbullying\/wp-json\/wp\/v2\/comments?post=382"}],"version-history":[{"count":2,"href":"https:\/\/www.ciberbullying.com\/cyberbullying\/wp-json\/wp\/v2\/posts\/382\/revisions"}],"predecessor-version":[{"id":529,"href":"https:\/\/www.ciberbullying.com\/cyberbullying\/wp-json\/wp\/v2\/posts\/382\/revisions\/529"}],"wp:attachment":[{"href":"https:\/\/www.ciberbullying.com\/cyberbullying\/wp-json\/wp\/v2\/media?parent=382"}],"wp:term":[{"taxonomy":"category","embeddable":true,"href":"https:\/\/www.ciberbullying.com\/cyberbullying\/wp-json\/wp\/v2\/categories?post=382"},{"taxonomy":"post_tag","embeddable":true,"href":"https:\/\/www.ciberbullying.com\/cyberbullying\/wp-json\/wp\/v2\/tags?post=382"}],"curies":[{"name":"wp","href":"https:\/\/api.w.org\/{rel}","templated":true}]}}