{"id":347,"date":"2008-11-05T16:18:56","date_gmt":"2008-11-05T16:18:56","guid":{"rendered":"http:\/\/www.ciberbullying.com\/cyberbullying\/?p=347"},"modified":"2015-07-22T12:50:25","modified_gmt":"2015-07-22T11:50:25","slug":"evitar-el-aislamiento-es-clave-para-luchar-contra-el-acoso-infantil","status":"publish","type":"post","link":"https:\/\/www.ciberbullying.com\/cyberbullying\/2008\/11\/05\/evitar-el-aislamiento-es-clave-para-luchar-contra-el-acoso-infantil\/","title":{"rendered":"Evitar el aislamiento es clave para luchar contra el acoso infantil"},"content":{"rendered":"<p>En los \u00faltimos a\u00f1os, el defensor del menor de Arag\u00f3n viene percibiendo una creciente preocupaci\u00f3n de la sociedad por el aumento de la conflictividad en el \u00e1mbito escolar, en general, y el acoso entre menores, en particular. Seg\u00fan el Informe del defensor, a las formas tradicionales de acoso verbal, f\u00edsico y psicol\u00f3gico, se suma el <strong>ciberbullying<\/strong>, el llevado a cabo a trav\u00e9s de la red, el tel\u00e9fono m\u00f3vil o los juegos on line.<\/p>\n<p>En cuanto a las posibles causas del aumento del acoso escolar, el Informe destaca la <strong>trivializaci\u00f3n de la violencia, en parte debido a una exposici\u00f3n constante a contenidos violentos a trav\u00e9s de la televisi\u00f3n, los videojuegos, Internet, etc<\/strong>.; cambios sociales acompa\u00f1ados de <strong>p\u00e9rdida de valores<\/strong> como el respeto a los dem\u00e1s, la autodisciplina o la satisfacci\u00f3n por el trabajo bien hecho; intolerancia a la frustraci\u00f3n y, en algunos casos, patolog\u00edas mentales que se manifiestan a trav\u00e9s de conductas violentas.<\/p>\n<p>el retrato del acosado es el de un menor d\u00e9bil, con escasa autoestima, indefenso, introvertido e inseguro. Estas caracter\u00edsticas refuerzan la <strong>necesidad de evitar el aislamiento del menor mediante su integraci\u00f3n, por ejemplo, en deportes de equipo<\/strong>. Por otro lado, los acosadores suelen ser <strong>alumnos conflictivos, dominantes y agresivos. Con frecuencia, han sido v\u00edctimas de malos tratos o han crecido en un ambiente hostil con falta de cari\u00f1o. En contra de lo que pudiera parecer, tambi\u00e9n son inseguros y por eso buscan aliados que les consideren l\u00edderes<\/strong>.<\/p>\n<p>La lucha contra el acoso requiere la <strong>\u00abimplicaci\u00f3n de toda la comunidad educativa y su implantaci\u00f3n en las primeras etapas de la ense\u00f1anza\u00bb<\/strong>. El primer paso es una apuesta clara por la educaci\u00f3n de los alumnos en <strong>valores c\u00edvicos y \u00e9ticos<\/strong>, en el respeto a las <strong>normas de convivencia <\/strong>y en la tolerancia cero a la violencia, tarea que seg\u00fan el defensor del menor, implica a las familias. Tambi\u00e9n es necesaria una adecuada <strong>formaci\u00f3n del profesorado para que pueda actuar ante situaciones de riesgo, as\u00ed como reforzar su autoridad en la labor ordinaria<\/strong>. En cuanto a la Administraci\u00f3n educativa, y sin vulnerar el derecho a la elecci\u00f3n de centro, debe <strong>procurar que no se concentre en un mismo colegio un elevado n\u00famero de alumnos conflictivos<\/strong>.<br \/>\n<strong><\/p>\n<p>En este sentido, el Informe sugiere potenciar las escuelas de padres y desarrollar campa\u00f1as de concienciaci\u00f3n y tambi\u00e9n sobre los riesgos del <strong>uso indiscriminado de videojuegos e Internet<\/strong>.<\/p>\n<p>\u00bfC\u00f3mo actuar ante una situaci\u00f3n conflictiva? El Informe destaca la necesidad de dar <strong>una respuesta inmediata<\/strong>, ya que la demora de las sanciones hace que pierdan <strong>efectividad<\/strong> y que exista coordinaci\u00f3n entre Administraci\u00f3n, profesores y direcci\u00f3n del centro en la decisi\u00f3n o sanci\u00f3n que deba adoptarse. Tambi\u00e9n sugiere modificar el r\u00e9gimen de sanciones y que en lugar de expulsar al alumno conflictivo del centro se le imponga <strong>una mayor permanencia en el mismo<\/strong>. En \u00faltimo extremo, el Justicia propone estudiar el cambio de centro del alumno del agresor o agresores con el fin de dispersar al grupo de alumnos violentos y evitar una doble victimizaci\u00f3n del menor agredido.<\/p>\n<p>Fuente: <a href=\"http:\/\/www.radiohuesca.com\/Hemeroteca\/Noticia.aspx?codigo=440301\">Radio Huesca<\/a><\/p>\n","protected":false},"excerpt":{"rendered":"<p>En los \u00faltimos a\u00f1os, el defensor del menor de Arag\u00f3n viene percibiendo una creciente preocupaci\u00f3n de la sociedad por el aumento de la conflictividad en el \u00e1mbito escolar, en general, y el acoso entre menores, en particular. Seg\u00fan el Informe del defensor, a las formas tradicionales de acoso verbal, f\u00edsico y psicol\u00f3gico, se suma el [&hellip;]<\/p>\n","protected":false},"author":1,"featured_media":0,"comment_status":"open","ping_status":"open","sticky":false,"template":"","format":"standard","meta":{"footnotes":""},"categories":[1],"tags":[431,16,432,420,433,427,18,434,435,436,437,19,154,438,117,95],"class_list":["post-347","post","type-post","status-publish","format-standard","hentry","category-ciberbullying","tag-acosadores","tag-acoso","tag-administracion","tag-aragon","tag-centros","tag-ciberbuylling","tag-colegios","tag-defensor-del-menor-aragon","tag-el-justicia","tag-ensenanza","tag-malos-tratos","tag-padres","tag-profesores","tag-riesgo","tag-valores","tag-violencia"],"yoast_head":"<!-- This site is optimized with the Yoast SEO plugin v27.4 - https:\/\/yoast.com\/product\/yoast-seo-wordpress\/ -->\n<title>Evitar el aislamiento es clave para luchar contra el acoso infantil - CIBERBULLYING<\/title>\n<meta name=\"robots\" content=\"index, follow, max-snippet:-1, max-image-preview:large, max-video-preview:-1\" \/>\n<link rel=\"canonical\" href=\"https:\/\/www.ciberbullying.com\/cyberbullying\/2008\/11\/05\/evitar-el-aislamiento-es-clave-para-luchar-contra-el-acoso-infantil\/\" \/>\n<meta property=\"og:locale\" content=\"es_ES\" \/>\n<meta property=\"og:type\" content=\"article\" \/>\n<meta property=\"og:title\" content=\"Evitar el aislamiento es clave para luchar contra el acoso infantil - CIBERBULLYING\" \/>\n<meta property=\"og:description\" content=\"En los \u00faltimos a\u00f1os, el defensor del menor de Arag\u00f3n viene percibiendo una creciente preocupaci\u00f3n de la sociedad por el aumento de la conflictividad en el \u00e1mbito escolar, en general, y el acoso entre menores, en particular. Seg\u00fan el Informe del defensor, a las formas tradicionales de acoso verbal, f\u00edsico y psicol\u00f3gico, se suma el [&hellip;]\" \/>\n<meta property=\"og:url\" content=\"https:\/\/www.ciberbullying.com\/cyberbullying\/2008\/11\/05\/evitar-el-aislamiento-es-clave-para-luchar-contra-el-acoso-infantil\/\" \/>\n<meta property=\"og:site_name\" content=\"CIBERBULLYING\" \/>\n<meta property=\"article:published_time\" content=\"2008-11-05T16:18:56+00:00\" \/>\n<meta property=\"article:modified_time\" content=\"2015-07-22T11:50:25+00:00\" \/>\n<meta name=\"author\" content=\"PantallasAmigas\" \/>\n<meta name=\"twitter:card\" content=\"summary_large_image\" \/>\n<meta name=\"twitter:label1\" content=\"Escrito por\" \/>\n\t<meta name=\"twitter:data1\" content=\"PantallasAmigas\" \/>\n\t<meta name=\"twitter:label2\" content=\"Tiempo de lectura\" \/>\n\t<meta name=\"twitter:data2\" content=\"3 minutos\" \/>\n<script type=\"application\/ld+json\" class=\"yoast-schema-graph\">{\"@context\":\"https:\\\/\\\/schema.org\",\"@graph\":[{\"@type\":\"Article\",\"@id\":\"https:\\\/\\\/www.ciberbullying.com\\\/cyberbullying\\\/2008\\\/11\\\/05\\\/evitar-el-aislamiento-es-clave-para-luchar-contra-el-acoso-infantil\\\/#article\",\"isPartOf\":{\"@id\":\"https:\\\/\\\/www.ciberbullying.com\\\/cyberbullying\\\/2008\\\/11\\\/05\\\/evitar-el-aislamiento-es-clave-para-luchar-contra-el-acoso-infantil\\\/\"},\"author\":{\"name\":\"PantallasAmigas\",\"@id\":\"https:\\\/\\\/www.ciberbullying.com\\\/cyberbullying\\\/#\\\/schema\\\/person\\\/dff89bf66ee732b07375d9552d359416\"},\"headline\":\"Evitar el aislamiento es clave para luchar contra el acoso infantil\",\"datePublished\":\"2008-11-05T16:18:56+00:00\",\"dateModified\":\"2015-07-22T11:50:25+00:00\",\"mainEntityOfPage\":{\"@id\":\"https:\\\/\\\/www.ciberbullying.com\\\/cyberbullying\\\/2008\\\/11\\\/05\\\/evitar-el-aislamiento-es-clave-para-luchar-contra-el-acoso-infantil\\\/\"},\"wordCount\":565,\"commentCount\":0,\"keywords\":[\"acosadores\",\"acoso\",\"administraci\u00f3n\",\"arag\u00f3n\",\"centros\",\"ciberbuylling\",\"colegios\",\"defensor del menor arag\u00f3n\",\"el justicia\",\"ense\u00f1anza\",\"malos tratos\",\"padres\",\"profesores\",\"riesgo\",\"valores\",\"violencia\"],\"articleSection\":[\"Ciberbullying\"],\"inLanguage\":\"es\",\"potentialAction\":[{\"@type\":\"CommentAction\",\"name\":\"Comment\",\"target\":[\"https:\\\/\\\/www.ciberbullying.com\\\/cyberbullying\\\/2008\\\/11\\\/05\\\/evitar-el-aislamiento-es-clave-para-luchar-contra-el-acoso-infantil\\\/#respond\"]}]},{\"@type\":\"WebPage\",\"@id\":\"https:\\\/\\\/www.ciberbullying.com\\\/cyberbullying\\\/2008\\\/11\\\/05\\\/evitar-el-aislamiento-es-clave-para-luchar-contra-el-acoso-infantil\\\/\",\"url\":\"https:\\\/\\\/www.ciberbullying.com\\\/cyberbullying\\\/2008\\\/11\\\/05\\\/evitar-el-aislamiento-es-clave-para-luchar-contra-el-acoso-infantil\\\/\",\"name\":\"Evitar el aislamiento es clave para luchar contra el acoso infantil - CIBERBULLYING\",\"isPartOf\":{\"@id\":\"https:\\\/\\\/www.ciberbullying.com\\\/cyberbullying\\\/#website\"},\"datePublished\":\"2008-11-05T16:18:56+00:00\",\"dateModified\":\"2015-07-22T11:50:25+00:00\",\"author\":{\"@id\":\"https:\\\/\\\/www.ciberbullying.com\\\/cyberbullying\\\/#\\\/schema\\\/person\\\/dff89bf66ee732b07375d9552d359416\"},\"breadcrumb\":{\"@id\":\"https:\\\/\\\/www.ciberbullying.com\\\/cyberbullying\\\/2008\\\/11\\\/05\\\/evitar-el-aislamiento-es-clave-para-luchar-contra-el-acoso-infantil\\\/#breadcrumb\"},\"inLanguage\":\"es\",\"potentialAction\":[{\"@type\":\"ReadAction\",\"target\":[\"https:\\\/\\\/www.ciberbullying.com\\\/cyberbullying\\\/2008\\\/11\\\/05\\\/evitar-el-aislamiento-es-clave-para-luchar-contra-el-acoso-infantil\\\/\"]}]},{\"@type\":\"BreadcrumbList\",\"@id\":\"https:\\\/\\\/www.ciberbullying.com\\\/cyberbullying\\\/2008\\\/11\\\/05\\\/evitar-el-aislamiento-es-clave-para-luchar-contra-el-acoso-infantil\\\/#breadcrumb\",\"itemListElement\":[{\"@type\":\"ListItem\",\"position\":1,\"name\":\"Portada\",\"item\":\"https:\\\/\\\/www.ciberbullying.com\\\/cyberbullying\\\/\"},{\"@type\":\"ListItem\",\"position\":2,\"name\":\"Evitar el aislamiento es clave para luchar contra el acoso infantil\"}]},{\"@type\":\"WebSite\",\"@id\":\"https:\\\/\\\/www.ciberbullying.com\\\/cyberbullying\\\/#website\",\"url\":\"https:\\\/\\\/www.ciberbullying.com\\\/cyberbullying\\\/\",\"name\":\"CIBERBULLYING\",\"description\":\"Acoso escolar \u2013 Ciberacoso entre iguales\",\"potentialAction\":[{\"@type\":\"SearchAction\",\"target\":{\"@type\":\"EntryPoint\",\"urlTemplate\":\"https:\\\/\\\/www.ciberbullying.com\\\/cyberbullying\\\/?s={search_term_string}\"},\"query-input\":{\"@type\":\"PropertyValueSpecification\",\"valueRequired\":true,\"valueName\":\"search_term_string\"}}],\"inLanguage\":\"es\"},{\"@type\":\"Person\",\"@id\":\"https:\\\/\\\/www.ciberbullying.com\\\/cyberbullying\\\/#\\\/schema\\\/person\\\/dff89bf66ee732b07375d9552d359416\",\"name\":\"PantallasAmigas\",\"image\":{\"@type\":\"ImageObject\",\"inLanguage\":\"es\",\"@id\":\"https:\\\/\\\/secure.gravatar.com\\\/avatar\\\/5eab05966ee30ba2d4bdbc7f83f1eb6c99c4e78cb319c02061c4bb4b7dd85bd8?s=96&d=mm&r=g\",\"url\":\"https:\\\/\\\/secure.gravatar.com\\\/avatar\\\/5eab05966ee30ba2d4bdbc7f83f1eb6c99c4e78cb319c02061c4bb4b7dd85bd8?s=96&d=mm&r=g\",\"contentUrl\":\"https:\\\/\\\/secure.gravatar.com\\\/avatar\\\/5eab05966ee30ba2d4bdbc7f83f1eb6c99c4e78cb319c02061c4bb4b7dd85bd8?s=96&d=mm&r=g\",\"caption\":\"PantallasAmigas\"},\"description\":\"PantallasAmigas es una iniciativa fundada en 2004 cuya misi\u00f3n es promover el uso seguro y saludable de las nuevas tecnolog\u00edas as\u00ed como una ciudadan\u00eda digital responsable en la infancia y la adolescencia.\",\"sameAs\":[\"http:\\\/\\\/www.pantallasamigas.net\"]}]}<\/script>\n<!-- \/ Yoast SEO plugin. -->","yoast_head_json":{"title":"Evitar el aislamiento es clave para luchar contra el acoso infantil - CIBERBULLYING","robots":{"index":"index","follow":"follow","max-snippet":"max-snippet:-1","max-image-preview":"max-image-preview:large","max-video-preview":"max-video-preview:-1"},"canonical":"https:\/\/www.ciberbullying.com\/cyberbullying\/2008\/11\/05\/evitar-el-aislamiento-es-clave-para-luchar-contra-el-acoso-infantil\/","og_locale":"es_ES","og_type":"article","og_title":"Evitar el aislamiento es clave para luchar contra el acoso infantil - CIBERBULLYING","og_description":"En los \u00faltimos a\u00f1os, el defensor del menor de Arag\u00f3n viene percibiendo una creciente preocupaci\u00f3n de la sociedad por el aumento de la conflictividad en el \u00e1mbito escolar, en general, y el acoso entre menores, en particular. Seg\u00fan el Informe del defensor, a las formas tradicionales de acoso verbal, f\u00edsico y psicol\u00f3gico, se suma el [&hellip;]","og_url":"https:\/\/www.ciberbullying.com\/cyberbullying\/2008\/11\/05\/evitar-el-aislamiento-es-clave-para-luchar-contra-el-acoso-infantil\/","og_site_name":"CIBERBULLYING","article_published_time":"2008-11-05T16:18:56+00:00","article_modified_time":"2015-07-22T11:50:25+00:00","author":"PantallasAmigas","twitter_card":"summary_large_image","twitter_misc":{"Escrito por":"PantallasAmigas","Tiempo de lectura":"3 minutos"},"schema":{"@context":"https:\/\/schema.org","@graph":[{"@type":"Article","@id":"https:\/\/www.ciberbullying.com\/cyberbullying\/2008\/11\/05\/evitar-el-aislamiento-es-clave-para-luchar-contra-el-acoso-infantil\/#article","isPartOf":{"@id":"https:\/\/www.ciberbullying.com\/cyberbullying\/2008\/11\/05\/evitar-el-aislamiento-es-clave-para-luchar-contra-el-acoso-infantil\/"},"author":{"name":"PantallasAmigas","@id":"https:\/\/www.ciberbullying.com\/cyberbullying\/#\/schema\/person\/dff89bf66ee732b07375d9552d359416"},"headline":"Evitar el aislamiento es clave para luchar contra el acoso infantil","datePublished":"2008-11-05T16:18:56+00:00","dateModified":"2015-07-22T11:50:25+00:00","mainEntityOfPage":{"@id":"https:\/\/www.ciberbullying.com\/cyberbullying\/2008\/11\/05\/evitar-el-aislamiento-es-clave-para-luchar-contra-el-acoso-infantil\/"},"wordCount":565,"commentCount":0,"keywords":["acosadores","acoso","administraci\u00f3n","arag\u00f3n","centros","ciberbuylling","colegios","defensor del menor arag\u00f3n","el justicia","ense\u00f1anza","malos tratos","padres","profesores","riesgo","valores","violencia"],"articleSection":["Ciberbullying"],"inLanguage":"es","potentialAction":[{"@type":"CommentAction","name":"Comment","target":["https:\/\/www.ciberbullying.com\/cyberbullying\/2008\/11\/05\/evitar-el-aislamiento-es-clave-para-luchar-contra-el-acoso-infantil\/#respond"]}]},{"@type":"WebPage","@id":"https:\/\/www.ciberbullying.com\/cyberbullying\/2008\/11\/05\/evitar-el-aislamiento-es-clave-para-luchar-contra-el-acoso-infantil\/","url":"https:\/\/www.ciberbullying.com\/cyberbullying\/2008\/11\/05\/evitar-el-aislamiento-es-clave-para-luchar-contra-el-acoso-infantil\/","name":"Evitar el aislamiento es clave para luchar contra el acoso infantil - CIBERBULLYING","isPartOf":{"@id":"https:\/\/www.ciberbullying.com\/cyberbullying\/#website"},"datePublished":"2008-11-05T16:18:56+00:00","dateModified":"2015-07-22T11:50:25+00:00","author":{"@id":"https:\/\/www.ciberbullying.com\/cyberbullying\/#\/schema\/person\/dff89bf66ee732b07375d9552d359416"},"breadcrumb":{"@id":"https:\/\/www.ciberbullying.com\/cyberbullying\/2008\/11\/05\/evitar-el-aislamiento-es-clave-para-luchar-contra-el-acoso-infantil\/#breadcrumb"},"inLanguage":"es","potentialAction":[{"@type":"ReadAction","target":["https:\/\/www.ciberbullying.com\/cyberbullying\/2008\/11\/05\/evitar-el-aislamiento-es-clave-para-luchar-contra-el-acoso-infantil\/"]}]},{"@type":"BreadcrumbList","@id":"https:\/\/www.ciberbullying.com\/cyberbullying\/2008\/11\/05\/evitar-el-aislamiento-es-clave-para-luchar-contra-el-acoso-infantil\/#breadcrumb","itemListElement":[{"@type":"ListItem","position":1,"name":"Portada","item":"https:\/\/www.ciberbullying.com\/cyberbullying\/"},{"@type":"ListItem","position":2,"name":"Evitar el aislamiento es clave para luchar contra el acoso infantil"}]},{"@type":"WebSite","@id":"https:\/\/www.ciberbullying.com\/cyberbullying\/#website","url":"https:\/\/www.ciberbullying.com\/cyberbullying\/","name":"CIBERBULLYING","description":"Acoso escolar \u2013 Ciberacoso entre iguales","potentialAction":[{"@type":"SearchAction","target":{"@type":"EntryPoint","urlTemplate":"https:\/\/www.ciberbullying.com\/cyberbullying\/?s={search_term_string}"},"query-input":{"@type":"PropertyValueSpecification","valueRequired":true,"valueName":"search_term_string"}}],"inLanguage":"es"},{"@type":"Person","@id":"https:\/\/www.ciberbullying.com\/cyberbullying\/#\/schema\/person\/dff89bf66ee732b07375d9552d359416","name":"PantallasAmigas","image":{"@type":"ImageObject","inLanguage":"es","@id":"https:\/\/secure.gravatar.com\/avatar\/5eab05966ee30ba2d4bdbc7f83f1eb6c99c4e78cb319c02061c4bb4b7dd85bd8?s=96&d=mm&r=g","url":"https:\/\/secure.gravatar.com\/avatar\/5eab05966ee30ba2d4bdbc7f83f1eb6c99c4e78cb319c02061c4bb4b7dd85bd8?s=96&d=mm&r=g","contentUrl":"https:\/\/secure.gravatar.com\/avatar\/5eab05966ee30ba2d4bdbc7f83f1eb6c99c4e78cb319c02061c4bb4b7dd85bd8?s=96&d=mm&r=g","caption":"PantallasAmigas"},"description":"PantallasAmigas es una iniciativa fundada en 2004 cuya misi\u00f3n es promover el uso seguro y saludable de las nuevas tecnolog\u00edas as\u00ed como una ciudadan\u00eda digital responsable en la infancia y la adolescencia.","sameAs":["http:\/\/www.pantallasamigas.net"]}]}},"_links":{"self":[{"href":"https:\/\/www.ciberbullying.com\/cyberbullying\/wp-json\/wp\/v2\/posts\/347","targetHints":{"allow":["GET"]}}],"collection":[{"href":"https:\/\/www.ciberbullying.com\/cyberbullying\/wp-json\/wp\/v2\/posts"}],"about":[{"href":"https:\/\/www.ciberbullying.com\/cyberbullying\/wp-json\/wp\/v2\/types\/post"}],"author":[{"embeddable":true,"href":"https:\/\/www.ciberbullying.com\/cyberbullying\/wp-json\/wp\/v2\/users\/1"}],"replies":[{"embeddable":true,"href":"https:\/\/www.ciberbullying.com\/cyberbullying\/wp-json\/wp\/v2\/comments?post=347"}],"version-history":[{"count":2,"href":"https:\/\/www.ciberbullying.com\/cyberbullying\/wp-json\/wp\/v2\/posts\/347\/revisions"}],"predecessor-version":[{"id":353,"href":"https:\/\/www.ciberbullying.com\/cyberbullying\/wp-json\/wp\/v2\/posts\/347\/revisions\/353"}],"wp:attachment":[{"href":"https:\/\/www.ciberbullying.com\/cyberbullying\/wp-json\/wp\/v2\/media?parent=347"}],"wp:term":[{"taxonomy":"category","embeddable":true,"href":"https:\/\/www.ciberbullying.com\/cyberbullying\/wp-json\/wp\/v2\/categories?post=347"},{"taxonomy":"post_tag","embeddable":true,"href":"https:\/\/www.ciberbullying.com\/cyberbullying\/wp-json\/wp\/v2\/tags?post=347"}],"curies":[{"name":"wp","href":"https:\/\/api.w.org\/{rel}","templated":true}]}}