{"id":330,"date":"2011-06-13T09:15:04","date_gmt":"2011-06-13T09:15:04","guid":{"rendered":"http:\/\/www.ciberbullying.com\/cyberbullying\/?p=330"},"modified":"2015-07-22T12:50:33","modified_gmt":"2015-07-22T11:50:33","slug":"jornadas-formativas-del-ayuntamiento-de-malaga-sobre-ciberbullying-y-otros-problemas-de-las-tic-para-los-menores","status":"publish","type":"post","link":"https:\/\/www.ciberbullying.com\/cyberbullying\/2011\/06\/13\/jornadas-formativas-del-ayuntamiento-de-malaga-sobre-ciberbullying-y-otros-problemas-de-las-tic-para-los-menores\/","title":{"rendered":"Jornadas formativas del Ayuntamiento de M\u00e1laga sobre ciberbullying y otros problemas de las TIC para los menores"},"content":{"rendered":"<p>Este lunes 13 y martes 14 tendr\u00e1n lugar en <strong>M\u00e1laga<\/strong> unas jornadas formativas organizadas por el ayuntamiento de esta ciudad e impartidas por <a href=\"http:\/\/www.pantallasamigas.net\" title=\"Iniciativa por el uso seguro de Internet entre los menores y por una ciudadan\u00eda digital responsable\">PantallasAmigas<\/a>, en torno al tema de la <strong>\u00abViolencia entre iguales (menores y j\u00f3venes) a trav\u00e9s de las Nuevas Tecnolog\u00edas\u00bb<\/strong>.<\/p>\n<p>Las jornadas se componen de:<\/p>\n<ul>\n<li>10 horas en total de formaci\u00f3n pr\u00e1ctica presencial (que tendr\u00e1 lugar en el Centro Municipal de Formaci\u00f3n, C\/ Palestina n\u00ba 7), dirigida a personal del ayuntamiento que trabaje en las \u00e1reas implicadas;<\/li>\n<li>una mesa redonda divulgativa (2 h) en el Centro Municipal de Atenci\u00f3n a la Familia, C\/ Donoso Cort\u00e9s, n\u00ba 4, donde participar\u00e1n diversos colectivos profesionales de la ciudad;<\/li>\n<li>y un ejercicio pr\u00e1ctico de evaluaci\u00f3n mediante teleformaci\u00f3n (3 h)<\/li>\n<\/ul>\n<h3>Programa de las jornadas<\/h3>\n<ul>\n<li>\n<h4>Lunes 13 de junio<\/h4>\n<ul>\n<li>12:30-14:20: <em><strong>Las redes sociales como reto para la <a href=\"http:\/\/www.privacidad-online.net\">privacidad<\/a> y la ciberconvivencia<\/strong><\/em>. Por <a href=\"http:\/\/www.jorgefloresfernandez.com\">Jorge Flores<\/a>, de PantallasAmigas.<\/li>\n<li>16:30-17:30: <strong><em><a href=\"http:\/\/www.internet-grooming.net\" title=\"M\u00e1s informaci\u00f3n sobre el problema del grooming de menores en Internet\">Grooming<\/a><\/em><\/strong>. Por Jorge Flores.<\/li>\n<li>17:30-18:30: <strong><em>Aspectos legales<\/em><\/strong>. Por Ofelia Tejerina.<\/li>\n<li>18:30-19:30: <strong><em>Videojuegos, juegos sociales y juegos de azar<\/em><\/strong>. Por Jorge Flores.<\/li>\n<li>19:30-20:30: <strong><em>Caracterizaci\u00f3n del <a href=\"http:\/\/www.ciberbullying.com\" title=\"Para saber m\u00e1s sobre el ciberacoso escolar\">ciberbullying<\/a><\/em><\/strong>. Por Jorge Flores.<\/li>\n<\/ul>\n<\/li>\n<li>\n<h4>Martes 14 de junio<\/h4>\n<ul>\n<li>12:30-14:30: Mesa redonda <strong><em>\u00abLas y los menores como autores y v\u00edctimas de ciberdelitos\u00bb<\/em><\/strong>.\n<ul>\n<li>D\u00f1a. Rosa Mar\u00eda Torres Rosados. Del Gabinete de asesoramiento sobre la convivencia escolar de la delegaci\u00f3n provincial de educaci\u00f3n de M\u00e1laga. Maestra.<\/li>\n<li>D. Sergio Matadero Ortas. Inspector del grupo de delitos tecnol\u00f3gicos <em>Personas<\/em> de Ma\u013aaga.<\/li>\n<li>D\u00f1a. Isabel Fern\u00e1ndez Olmo. Fiscal jefe de la fiscal\u00eda de menores de M\u00e1laga.<\/li>\n<li>D\u00f1a. Mar\u00eda Teresa Salces Rodrigo. Asesora responsable del \u00e1rea de menores del Defensor del pueblo andaluz.<\/li>\n<li>Modera: Jos\u00e9 Antonio Torres, responsable del CEMAIF.<\/li>\n<li>Coordina: Jorge Flores Fern\u00e1ndez, de PantallasAmigas.<\/li>\n<\/ul>\n<\/li>\n<li>16:30-17:30: <strong><em><a href=\"http:\/\/www.protocolo-ciberbullying.com\" title=\"Protocolo de intervenci\u00f3n escolar frente al ciberbullying\">Protocolo EMICI<\/a> de intervenci\u00f3n ante el ciberbullying<\/em><\/strong>. Por Rosario del Rey.<\/li>\n<li>17:30-18:30: <strong><em><a href=\"http:\/\/www.sexting.es\" title=\"M\u00e1s sobre el env\u00edo de fotos sexuales por medio de m\u00f3viles e Internet\">Sexting<\/a><\/em><\/strong>. Por Jorge Flores.<\/li>\n<li>18:30-19:30: <strong><em>Resoluci\u00f3n pr\u00e1ctica de casos de ciberacoso<\/em><\/strong>. Por el <a href=\"http:\/\/www.emici.net\" title=\"Equipo Multidisciplinar de Investigaci\u00f3n sobre Ciberbullying\">Grupo EMICI<\/a>.<\/li>\n<li>19:30-20:30: <strong><em>Herramientas y recursos para la prevenci\u00f3n y la intervenci\u00f3n por parte de los agentes locales<\/em><\/strong>. Por Jorge Flores.<\/li>\n<\/ul>\n<\/li>\n<\/ul>\n","protected":false},"excerpt":{"rendered":"<p>Este lunes 13 y martes 14 tendr\u00e1n lugar en M\u00e1laga unas jornadas formativas organizadas por el ayuntamiento de esta ciudad e impartidas por PantallasAmigas, en torno al tema de la \u00abViolencia entre iguales (menores y j\u00f3venes) a trav\u00e9s de las Nuevas Tecnolog\u00edas\u00bb. Las jornadas se componen de: 10 horas en total de formaci\u00f3n pr\u00e1ctica presencial [&hellip;]<\/p>\n","protected":false},"author":1,"featured_media":0,"comment_status":"open","ping_status":"open","sticky":false,"template":"","format":"standard","meta":{"footnotes":""},"categories":[1,310,229],"tags":[412,27,8,196,587,414,272,38,9,292,77,411,118,413,293,294,17,57,58,48,71,160,398,95],"class_list":["post-330","post","type-post","status-publish","format-standard","hentry","category-ciberbullying","category-eventos-2","category-noticias","tag-ayuntamiento","tag-ciberacoso","tag-ciberbullying-2","tag-ciberdelitos","tag-cyberbullying","tag-fiscalia","tag-formacion","tag-grooming","tag-jorge-flores","tag-jornadas","tag-jovenes","tag-malaga","tag-menores-tic","tag-mesas-redondas","tag-ofelia-tejerina","tag-pantallasamigas","tag-policia","tag-privacidad","tag-redes-sociales","tag-riesgos","tag-rosario-del-rey","tag-sexting","tag-videojuegos","tag-violencia"],"yoast_head":"<!-- This site is optimized with the Yoast SEO plugin v27.5 - https:\/\/yoast.com\/product\/yoast-seo-wordpress\/ -->\n<title>Jornadas formativas del Ayuntamiento de M\u00e1laga sobre ciberbullying y otros problemas de las TIC para los menores - CIBERBULLYING<\/title>\n<meta name=\"robots\" content=\"index, follow, max-snippet:-1, max-image-preview:large, max-video-preview:-1\" \/>\n<link rel=\"canonical\" href=\"https:\/\/www.ciberbullying.com\/cyberbullying\/2011\/06\/13\/jornadas-formativas-del-ayuntamiento-de-malaga-sobre-ciberbullying-y-otros-problemas-de-las-tic-para-los-menores\/\" \/>\n<meta property=\"og:locale\" content=\"es_ES\" \/>\n<meta property=\"og:type\" content=\"article\" \/>\n<meta property=\"og:title\" content=\"Jornadas formativas del Ayuntamiento de M\u00e1laga sobre ciberbullying y otros problemas de las TIC para los menores - CIBERBULLYING\" \/>\n<meta property=\"og:description\" content=\"Este lunes 13 y martes 14 tendr\u00e1n lugar en M\u00e1laga unas jornadas formativas organizadas por el ayuntamiento de esta ciudad e impartidas por PantallasAmigas, en torno al tema de la \u00abViolencia entre iguales (menores y j\u00f3venes) a trav\u00e9s de las Nuevas Tecnolog\u00edas\u00bb. Las jornadas se componen de: 10 horas en total de formaci\u00f3n pr\u00e1ctica presencial [&hellip;]\" \/>\n<meta property=\"og:url\" content=\"https:\/\/www.ciberbullying.com\/cyberbullying\/2011\/06\/13\/jornadas-formativas-del-ayuntamiento-de-malaga-sobre-ciberbullying-y-otros-problemas-de-las-tic-para-los-menores\/\" \/>\n<meta property=\"og:site_name\" content=\"CIBERBULLYING\" \/>\n<meta property=\"article:published_time\" content=\"2011-06-13T09:15:04+00:00\" \/>\n<meta property=\"article:modified_time\" content=\"2015-07-22T11:50:33+00:00\" \/>\n<meta name=\"author\" content=\"PantallasAmigas\" \/>\n<meta name=\"twitter:card\" content=\"summary_large_image\" \/>\n<meta name=\"twitter:label1\" content=\"Escrito por\" \/>\n\t<meta name=\"twitter:data1\" content=\"PantallasAmigas\" \/>\n\t<meta name=\"twitter:label2\" content=\"Tiempo de lectura\" \/>\n\t<meta name=\"twitter:data2\" content=\"2 minutos\" \/>\n<script type=\"application\/ld+json\" class=\"yoast-schema-graph\">{\"@context\":\"https:\\\/\\\/schema.org\",\"@graph\":[{\"@type\":\"Article\",\"@id\":\"https:\\\/\\\/www.ciberbullying.com\\\/cyberbullying\\\/2011\\\/06\\\/13\\\/jornadas-formativas-del-ayuntamiento-de-malaga-sobre-ciberbullying-y-otros-problemas-de-las-tic-para-los-menores\\\/#article\",\"isPartOf\":{\"@id\":\"https:\\\/\\\/www.ciberbullying.com\\\/cyberbullying\\\/2011\\\/06\\\/13\\\/jornadas-formativas-del-ayuntamiento-de-malaga-sobre-ciberbullying-y-otros-problemas-de-las-tic-para-los-menores\\\/\"},\"author\":{\"name\":\"PantallasAmigas\",\"@id\":\"https:\\\/\\\/www.ciberbullying.com\\\/cyberbullying\\\/#\\\/schema\\\/person\\\/dff89bf66ee732b07375d9552d359416\"},\"headline\":\"Jornadas formativas del Ayuntamiento de M\u00e1laga sobre ciberbullying y otros problemas de las TIC para los menores\",\"datePublished\":\"2011-06-13T09:15:04+00:00\",\"dateModified\":\"2015-07-22T11:50:33+00:00\",\"mainEntityOfPage\":{\"@id\":\"https:\\\/\\\/www.ciberbullying.com\\\/cyberbullying\\\/2011\\\/06\\\/13\\\/jornadas-formativas-del-ayuntamiento-de-malaga-sobre-ciberbullying-y-otros-problemas-de-las-tic-para-los-menores\\\/\"},\"wordCount\":356,\"commentCount\":0,\"keywords\":[\"ayuntamiento\",\"ciberacoso\",\"ciberbullying\",\"ciberdelitos\",\"cyberbullying\",\"fiscal\u00eda\",\"formaci\u00f3n\",\"grooming\",\"jorge flores\",\"jornadas\",\"j\u00f3venes\",\"m\u00e1laga\",\"menores tic\",\"mesas redondas\",\"ofelia tejerina\",\"pantallasamigas\",\"polic\u00eda\",\"privacidad\",\"redes sociales\",\"riesgos\",\"rosario del rey\",\"sexting\",\"videojuegos\",\"violencia\"],\"articleSection\":[\"Ciberbullying\",\"Eventos\",\"Noticias\"],\"inLanguage\":\"es\",\"potentialAction\":[{\"@type\":\"CommentAction\",\"name\":\"Comment\",\"target\":[\"https:\\\/\\\/www.ciberbullying.com\\\/cyberbullying\\\/2011\\\/06\\\/13\\\/jornadas-formativas-del-ayuntamiento-de-malaga-sobre-ciberbullying-y-otros-problemas-de-las-tic-para-los-menores\\\/#respond\"]}]},{\"@type\":\"WebPage\",\"@id\":\"https:\\\/\\\/www.ciberbullying.com\\\/cyberbullying\\\/2011\\\/06\\\/13\\\/jornadas-formativas-del-ayuntamiento-de-malaga-sobre-ciberbullying-y-otros-problemas-de-las-tic-para-los-menores\\\/\",\"url\":\"https:\\\/\\\/www.ciberbullying.com\\\/cyberbullying\\\/2011\\\/06\\\/13\\\/jornadas-formativas-del-ayuntamiento-de-malaga-sobre-ciberbullying-y-otros-problemas-de-las-tic-para-los-menores\\\/\",\"name\":\"Jornadas formativas del Ayuntamiento de M\u00e1laga sobre ciberbullying y otros problemas de las TIC para los menores - CIBERBULLYING\",\"isPartOf\":{\"@id\":\"https:\\\/\\\/www.ciberbullying.com\\\/cyberbullying\\\/#website\"},\"datePublished\":\"2011-06-13T09:15:04+00:00\",\"dateModified\":\"2015-07-22T11:50:33+00:00\",\"author\":{\"@id\":\"https:\\\/\\\/www.ciberbullying.com\\\/cyberbullying\\\/#\\\/schema\\\/person\\\/dff89bf66ee732b07375d9552d359416\"},\"breadcrumb\":{\"@id\":\"https:\\\/\\\/www.ciberbullying.com\\\/cyberbullying\\\/2011\\\/06\\\/13\\\/jornadas-formativas-del-ayuntamiento-de-malaga-sobre-ciberbullying-y-otros-problemas-de-las-tic-para-los-menores\\\/#breadcrumb\"},\"inLanguage\":\"es\",\"potentialAction\":[{\"@type\":\"ReadAction\",\"target\":[\"https:\\\/\\\/www.ciberbullying.com\\\/cyberbullying\\\/2011\\\/06\\\/13\\\/jornadas-formativas-del-ayuntamiento-de-malaga-sobre-ciberbullying-y-otros-problemas-de-las-tic-para-los-menores\\\/\"]}]},{\"@type\":\"BreadcrumbList\",\"@id\":\"https:\\\/\\\/www.ciberbullying.com\\\/cyberbullying\\\/2011\\\/06\\\/13\\\/jornadas-formativas-del-ayuntamiento-de-malaga-sobre-ciberbullying-y-otros-problemas-de-las-tic-para-los-menores\\\/#breadcrumb\",\"itemListElement\":[{\"@type\":\"ListItem\",\"position\":1,\"name\":\"Portada\",\"item\":\"https:\\\/\\\/www.ciberbullying.com\\\/cyberbullying\\\/\"},{\"@type\":\"ListItem\",\"position\":2,\"name\":\"Jornadas formativas del Ayuntamiento de M\u00e1laga sobre ciberbullying y otros problemas de las TIC para los menores\"}]},{\"@type\":\"WebSite\",\"@id\":\"https:\\\/\\\/www.ciberbullying.com\\\/cyberbullying\\\/#website\",\"url\":\"https:\\\/\\\/www.ciberbullying.com\\\/cyberbullying\\\/\",\"name\":\"CIBERBULLYING\",\"description\":\"Acoso escolar \u2013 Ciberacoso entre iguales\",\"potentialAction\":[{\"@type\":\"SearchAction\",\"target\":{\"@type\":\"EntryPoint\",\"urlTemplate\":\"https:\\\/\\\/www.ciberbullying.com\\\/cyberbullying\\\/?s={search_term_string}\"},\"query-input\":{\"@type\":\"PropertyValueSpecification\",\"valueRequired\":true,\"valueName\":\"search_term_string\"}}],\"inLanguage\":\"es\"},{\"@type\":\"Person\",\"@id\":\"https:\\\/\\\/www.ciberbullying.com\\\/cyberbullying\\\/#\\\/schema\\\/person\\\/dff89bf66ee732b07375d9552d359416\",\"name\":\"PantallasAmigas\",\"image\":{\"@type\":\"ImageObject\",\"inLanguage\":\"es\",\"@id\":\"https:\\\/\\\/secure.gravatar.com\\\/avatar\\\/5eab05966ee30ba2d4bdbc7f83f1eb6c99c4e78cb319c02061c4bb4b7dd85bd8?s=96&d=mm&r=g\",\"url\":\"https:\\\/\\\/secure.gravatar.com\\\/avatar\\\/5eab05966ee30ba2d4bdbc7f83f1eb6c99c4e78cb319c02061c4bb4b7dd85bd8?s=96&d=mm&r=g\",\"contentUrl\":\"https:\\\/\\\/secure.gravatar.com\\\/avatar\\\/5eab05966ee30ba2d4bdbc7f83f1eb6c99c4e78cb319c02061c4bb4b7dd85bd8?s=96&d=mm&r=g\",\"caption\":\"PantallasAmigas\"},\"description\":\"PantallasAmigas es una iniciativa fundada en 2004 cuya misi\u00f3n es promover el uso seguro y saludable de las nuevas tecnolog\u00edas as\u00ed como una ciudadan\u00eda digital responsable en la infancia y la adolescencia.\",\"sameAs\":[\"http:\\\/\\\/www.pantallasamigas.net\"]}]}<\/script>\n<!-- \/ Yoast SEO plugin. -->","yoast_head_json":{"title":"Jornadas formativas del Ayuntamiento de M\u00e1laga sobre ciberbullying y otros problemas de las TIC para los menores - CIBERBULLYING","robots":{"index":"index","follow":"follow","max-snippet":"max-snippet:-1","max-image-preview":"max-image-preview:large","max-video-preview":"max-video-preview:-1"},"canonical":"https:\/\/www.ciberbullying.com\/cyberbullying\/2011\/06\/13\/jornadas-formativas-del-ayuntamiento-de-malaga-sobre-ciberbullying-y-otros-problemas-de-las-tic-para-los-menores\/","og_locale":"es_ES","og_type":"article","og_title":"Jornadas formativas del Ayuntamiento de M\u00e1laga sobre ciberbullying y otros problemas de las TIC para los menores - CIBERBULLYING","og_description":"Este lunes 13 y martes 14 tendr\u00e1n lugar en M\u00e1laga unas jornadas formativas organizadas por el ayuntamiento de esta ciudad e impartidas por PantallasAmigas, en torno al tema de la \u00abViolencia entre iguales (menores y j\u00f3venes) a trav\u00e9s de las Nuevas Tecnolog\u00edas\u00bb. Las jornadas se componen de: 10 horas en total de formaci\u00f3n pr\u00e1ctica presencial [&hellip;]","og_url":"https:\/\/www.ciberbullying.com\/cyberbullying\/2011\/06\/13\/jornadas-formativas-del-ayuntamiento-de-malaga-sobre-ciberbullying-y-otros-problemas-de-las-tic-para-los-menores\/","og_site_name":"CIBERBULLYING","article_published_time":"2011-06-13T09:15:04+00:00","article_modified_time":"2015-07-22T11:50:33+00:00","author":"PantallasAmigas","twitter_card":"summary_large_image","twitter_misc":{"Escrito por":"PantallasAmigas","Tiempo de lectura":"2 minutos"},"schema":{"@context":"https:\/\/schema.org","@graph":[{"@type":"Article","@id":"https:\/\/www.ciberbullying.com\/cyberbullying\/2011\/06\/13\/jornadas-formativas-del-ayuntamiento-de-malaga-sobre-ciberbullying-y-otros-problemas-de-las-tic-para-los-menores\/#article","isPartOf":{"@id":"https:\/\/www.ciberbullying.com\/cyberbullying\/2011\/06\/13\/jornadas-formativas-del-ayuntamiento-de-malaga-sobre-ciberbullying-y-otros-problemas-de-las-tic-para-los-menores\/"},"author":{"name":"PantallasAmigas","@id":"https:\/\/www.ciberbullying.com\/cyberbullying\/#\/schema\/person\/dff89bf66ee732b07375d9552d359416"},"headline":"Jornadas formativas del Ayuntamiento de M\u00e1laga sobre ciberbullying y otros problemas de las TIC para los menores","datePublished":"2011-06-13T09:15:04+00:00","dateModified":"2015-07-22T11:50:33+00:00","mainEntityOfPage":{"@id":"https:\/\/www.ciberbullying.com\/cyberbullying\/2011\/06\/13\/jornadas-formativas-del-ayuntamiento-de-malaga-sobre-ciberbullying-y-otros-problemas-de-las-tic-para-los-menores\/"},"wordCount":356,"commentCount":0,"keywords":["ayuntamiento","ciberacoso","ciberbullying","ciberdelitos","cyberbullying","fiscal\u00eda","formaci\u00f3n","grooming","jorge flores","jornadas","j\u00f3venes","m\u00e1laga","menores tic","mesas redondas","ofelia tejerina","pantallasamigas","polic\u00eda","privacidad","redes sociales","riesgos","rosario del rey","sexting","videojuegos","violencia"],"articleSection":["Ciberbullying","Eventos","Noticias"],"inLanguage":"es","potentialAction":[{"@type":"CommentAction","name":"Comment","target":["https:\/\/www.ciberbullying.com\/cyberbullying\/2011\/06\/13\/jornadas-formativas-del-ayuntamiento-de-malaga-sobre-ciberbullying-y-otros-problemas-de-las-tic-para-los-menores\/#respond"]}]},{"@type":"WebPage","@id":"https:\/\/www.ciberbullying.com\/cyberbullying\/2011\/06\/13\/jornadas-formativas-del-ayuntamiento-de-malaga-sobre-ciberbullying-y-otros-problemas-de-las-tic-para-los-menores\/","url":"https:\/\/www.ciberbullying.com\/cyberbullying\/2011\/06\/13\/jornadas-formativas-del-ayuntamiento-de-malaga-sobre-ciberbullying-y-otros-problemas-de-las-tic-para-los-menores\/","name":"Jornadas formativas del Ayuntamiento de M\u00e1laga sobre ciberbullying y otros problemas de las TIC para los menores - CIBERBULLYING","isPartOf":{"@id":"https:\/\/www.ciberbullying.com\/cyberbullying\/#website"},"datePublished":"2011-06-13T09:15:04+00:00","dateModified":"2015-07-22T11:50:33+00:00","author":{"@id":"https:\/\/www.ciberbullying.com\/cyberbullying\/#\/schema\/person\/dff89bf66ee732b07375d9552d359416"},"breadcrumb":{"@id":"https:\/\/www.ciberbullying.com\/cyberbullying\/2011\/06\/13\/jornadas-formativas-del-ayuntamiento-de-malaga-sobre-ciberbullying-y-otros-problemas-de-las-tic-para-los-menores\/#breadcrumb"},"inLanguage":"es","potentialAction":[{"@type":"ReadAction","target":["https:\/\/www.ciberbullying.com\/cyberbullying\/2011\/06\/13\/jornadas-formativas-del-ayuntamiento-de-malaga-sobre-ciberbullying-y-otros-problemas-de-las-tic-para-los-menores\/"]}]},{"@type":"BreadcrumbList","@id":"https:\/\/www.ciberbullying.com\/cyberbullying\/2011\/06\/13\/jornadas-formativas-del-ayuntamiento-de-malaga-sobre-ciberbullying-y-otros-problemas-de-las-tic-para-los-menores\/#breadcrumb","itemListElement":[{"@type":"ListItem","position":1,"name":"Portada","item":"https:\/\/www.ciberbullying.com\/cyberbullying\/"},{"@type":"ListItem","position":2,"name":"Jornadas formativas del Ayuntamiento de M\u00e1laga sobre ciberbullying y otros problemas de las TIC para los menores"}]},{"@type":"WebSite","@id":"https:\/\/www.ciberbullying.com\/cyberbullying\/#website","url":"https:\/\/www.ciberbullying.com\/cyberbullying\/","name":"CIBERBULLYING","description":"Acoso escolar \u2013 Ciberacoso entre iguales","potentialAction":[{"@type":"SearchAction","target":{"@type":"EntryPoint","urlTemplate":"https:\/\/www.ciberbullying.com\/cyberbullying\/?s={search_term_string}"},"query-input":{"@type":"PropertyValueSpecification","valueRequired":true,"valueName":"search_term_string"}}],"inLanguage":"es"},{"@type":"Person","@id":"https:\/\/www.ciberbullying.com\/cyberbullying\/#\/schema\/person\/dff89bf66ee732b07375d9552d359416","name":"PantallasAmigas","image":{"@type":"ImageObject","inLanguage":"es","@id":"https:\/\/secure.gravatar.com\/avatar\/5eab05966ee30ba2d4bdbc7f83f1eb6c99c4e78cb319c02061c4bb4b7dd85bd8?s=96&d=mm&r=g","url":"https:\/\/secure.gravatar.com\/avatar\/5eab05966ee30ba2d4bdbc7f83f1eb6c99c4e78cb319c02061c4bb4b7dd85bd8?s=96&d=mm&r=g","contentUrl":"https:\/\/secure.gravatar.com\/avatar\/5eab05966ee30ba2d4bdbc7f83f1eb6c99c4e78cb319c02061c4bb4b7dd85bd8?s=96&d=mm&r=g","caption":"PantallasAmigas"},"description":"PantallasAmigas es una iniciativa fundada en 2004 cuya misi\u00f3n es promover el uso seguro y saludable de las nuevas tecnolog\u00edas as\u00ed como una ciudadan\u00eda digital responsable en la infancia y la adolescencia.","sameAs":["http:\/\/www.pantallasamigas.net"]}]}},"_links":{"self":[{"href":"https:\/\/www.ciberbullying.com\/cyberbullying\/wp-json\/wp\/v2\/posts\/330","targetHints":{"allow":["GET"]}}],"collection":[{"href":"https:\/\/www.ciberbullying.com\/cyberbullying\/wp-json\/wp\/v2\/posts"}],"about":[{"href":"https:\/\/www.ciberbullying.com\/cyberbullying\/wp-json\/wp\/v2\/types\/post"}],"author":[{"embeddable":true,"href":"https:\/\/www.ciberbullying.com\/cyberbullying\/wp-json\/wp\/v2\/users\/1"}],"replies":[{"embeddable":true,"href":"https:\/\/www.ciberbullying.com\/cyberbullying\/wp-json\/wp\/v2\/comments?post=330"}],"version-history":[{"count":2,"href":"https:\/\/www.ciberbullying.com\/cyberbullying\/wp-json\/wp\/v2\/posts\/330\/revisions"}],"predecessor-version":[{"id":478,"href":"https:\/\/www.ciberbullying.com\/cyberbullying\/wp-json\/wp\/v2\/posts\/330\/revisions\/478"}],"wp:attachment":[{"href":"https:\/\/www.ciberbullying.com\/cyberbullying\/wp-json\/wp\/v2\/media?parent=330"}],"wp:term":[{"taxonomy":"category","embeddable":true,"href":"https:\/\/www.ciberbullying.com\/cyberbullying\/wp-json\/wp\/v2\/categories?post=330"},{"taxonomy":"post_tag","embeddable":true,"href":"https:\/\/www.ciberbullying.com\/cyberbullying\/wp-json\/wp\/v2\/tags?post=330"}],"curies":[{"name":"wp","href":"https:\/\/api.w.org\/{rel}","templated":true}]}}