{"id":317,"date":"2010-03-15T17:39:42","date_gmt":"2010-03-15T17:39:42","guid":{"rendered":"http:\/\/www.ciberbullying.com\/cyberbullying\/?p=317"},"modified":"2015-07-22T12:50:30","modified_gmt":"2015-07-22T11:50:30","slug":"el-ciberbullying-estara-presente-este-miercoles-en-el-congreso-internacional-de-convivencia-escolar","status":"publish","type":"post","link":"https:\/\/www.ciberbullying.com\/cyberbullying\/2010\/03\/15\/el-ciberbullying-estara-presente-este-miercoles-en-el-congreso-internacional-de-convivencia-escolar\/","title":{"rendered":"El ciberbullying estar\u00e1 presente este mi\u00e9rcoles en el Congreso Internacional de Convivencia Escolar"},"content":{"rendered":"<p>En el marco del <a href=\"http:\/\/www.congresoconvivencia.com\/\"><strong>II Congreso Internacional de Convivencia Escolar<\/strong><\/a> que tendr\u00e1 lugar en la <a href=\"http:\/\/www.ual.es\">Universidad de Almer\u00eda<\/a> entre los d\u00edas <strong>16 y 19 de Marzo<\/strong>, el simposium difundir\u00e1 el problema del <a href=\"http:\/\/www.ciberbullying.net\">ciberbullying<\/a> entre m\u00e1s de 540 expertos internacionales y 150 alumnos universitarios.<\/p>\n<p>Bajo el t\u00edtulo <em><strong>\u201cEl ciberbullying como amenaza para la convivencia escolar\u201d<\/strong><\/em> este simposium presentado por <a href=\"http:\/\/www.pantallasamigas.net\">PantallasAmigas<\/a> es el \u00fanico, entre los 40 seleccionados, que aborda la repercusi\u00f3n de la <a href=\"http:\/\/ciberconvivencia.wordpress.com\">nueva faceta digital de la vida de los adolescentes en la convivencia escolar<\/a>.<\/p>\n<p>Se trata de un panel compuesto por cuatro comunicaciones en el que PantallasAmigas ha contado con la colaboraci\u00f3n de otras tres personas expertas en materia de <acronym title=\"Tecnolog\u00edas de la Informaci\u00f3n y de la Comunicaci\u00f3n\">TIC<\/acronym> y menores:<\/p>\n<ul>\n<li><a href=\"http:\/\/www.jorge-flores-fernandez.com\"><strong>Jorge Flores Fern\u00e1ndez<\/strong><\/a> (<a href=\"http:\/\/www.pantallasamigas.net\">PantallasAmigas<\/a>):<br \/>\n<em>Caracterizaci\u00f3n del ciberbullying y diferencias significativas con el acoso escolar tradicional<\/em><\/li>\n<li><strong>Rosario del Rey Alamillo<\/strong> (<a href=\"http:\/\/www.uco.es\">Universidad de C\u00f3rdoba<\/a>):<br \/>\n<em>Programas e iniciativas para afrontar el ciberbullying<\/em><\/li>\n<li><strong>Gemma Mart\u00ednez Fern\u00e1ndez<\/strong> (<a href=\"http:\/\/www.ehu.es\">Universidad del Pa\u00eds Vasco<\/a>):<br \/>\n<em>El ciberbullying  y otros riesgos de las TIC para los menores europeos: retos para su identificaci\u00f3n y clasificaci\u00f3n<\/em><\/li>\n<li><strong>Ofelia Tejerina Rodr\u00edguez<\/strong> (<a href=\"http:\/\/www.internautas.org\">Asociaci\u00f3n de Internautas<\/a>):<br \/>\nAspectos legales a considerar en situaciones de acoso por medio de las nuevas tecnolog\u00edas<\/li>\n<\/ul>\n<p>M\u00e1s informaci\u00f3n en <a href=\"http:\/\/www.congresoconvivencia.com\/\">http:\/\/www.congresoconvivencia.com\/<\/a><\/p>\n<p>Fuente: <a href=\"http:\/\/www.pantallasamigas.net\/actualidad-pantallasamigas\/pantallasamigas-celebra-en-almeria-un-simposium-sobre-ciberbullying-marzo-2010.shtm\">PantallasAmigas<\/a><\/p>\n","protected":false},"excerpt":{"rendered":"<p>En el marco del II Congreso Internacional de Convivencia Escolar que tendr\u00e1 lugar en la Universidad de Almer\u00eda entre los d\u00edas 16 y 19 de Marzo, el simposium difundir\u00e1 el problema del ciberbullying entre m\u00e1s de 540 expertos internacionales y 150 alumnos universitarios. Bajo el t\u00edtulo \u201cEl ciberbullying como amenaza para la convivencia escolar\u201d este [&hellip;]<\/p>\n","protected":false},"author":1,"featured_media":0,"comment_status":"open","ping_status":"open","sticky":false,"template":"","format":"standard","meta":{"footnotes":""},"categories":[1,310],"tags":[16,264,374,373,8,196,18,289,70,281,587,116,148,247,378,9,292,13,293,294,154,48,71,377,269,375,376],"class_list":["post-317","post","type-post","status-publish","format-standard","hentry","category-ciberbullying","category-eventos-2","tag-acoso","tag-acoso-escolar","tag-almeria","tag-alumnos","tag-ciberbullying-2","tag-ciberdelitos","tag-colegios","tag-conferencias","tag-congresos","tag-convivencia-escolar","tag-cyberbullying","tag-educacion","tag-ehu","tag-escuelas","tag-gemma-martinez","tag-jorge-flores","tag-jornadas","tag-menores","tag-ofelia-tejerina","tag-pantallasamigas","tag-profesores","tag-riesgos","tag-rosario-del-rey","tag-simposium","tag-universidad","tag-universidad-de-almeria","tag-universidad-de-cordoba"],"yoast_head":"<!-- This site is optimized with the Yoast SEO plugin v27.5 - https:\/\/yoast.com\/product\/yoast-seo-wordpress\/ -->\n<title>El ciberbullying estar\u00e1 presente este mi\u00e9rcoles en el Congreso Internacional de Convivencia Escolar - CIBERBULLYING<\/title>\n<meta name=\"robots\" content=\"index, follow, max-snippet:-1, max-image-preview:large, max-video-preview:-1\" \/>\n<link rel=\"canonical\" href=\"https:\/\/www.ciberbullying.com\/cyberbullying\/2010\/03\/15\/el-ciberbullying-estara-presente-este-miercoles-en-el-congreso-internacional-de-convivencia-escolar\/\" \/>\n<meta property=\"og:locale\" content=\"es_ES\" \/>\n<meta property=\"og:type\" content=\"article\" \/>\n<meta property=\"og:title\" content=\"El ciberbullying estar\u00e1 presente este mi\u00e9rcoles en el Congreso Internacional de Convivencia Escolar - CIBERBULLYING\" \/>\n<meta property=\"og:description\" content=\"En el marco del II Congreso Internacional de Convivencia Escolar que tendr\u00e1 lugar en la Universidad de Almer\u00eda entre los d\u00edas 16 y 19 de Marzo, el simposium difundir\u00e1 el problema del ciberbullying entre m\u00e1s de 540 expertos internacionales y 150 alumnos universitarios. Bajo el t\u00edtulo \u201cEl ciberbullying como amenaza para la convivencia escolar\u201d este [&hellip;]\" \/>\n<meta property=\"og:url\" content=\"https:\/\/www.ciberbullying.com\/cyberbullying\/2010\/03\/15\/el-ciberbullying-estara-presente-este-miercoles-en-el-congreso-internacional-de-convivencia-escolar\/\" \/>\n<meta property=\"og:site_name\" content=\"CIBERBULLYING\" \/>\n<meta property=\"article:published_time\" content=\"2010-03-15T17:39:42+00:00\" \/>\n<meta property=\"article:modified_time\" content=\"2015-07-22T11:50:30+00:00\" \/>\n<meta name=\"author\" content=\"PantallasAmigas\" \/>\n<meta name=\"twitter:card\" content=\"summary_large_image\" \/>\n<meta name=\"twitter:label1\" content=\"Escrito por\" \/>\n\t<meta name=\"twitter:data1\" content=\"PantallasAmigas\" \/>\n\t<meta name=\"twitter:label2\" content=\"Tiempo de lectura\" \/>\n\t<meta name=\"twitter:data2\" content=\"1 minuto\" \/>\n<script type=\"application\/ld+json\" class=\"yoast-schema-graph\">{\"@context\":\"https:\\\/\\\/schema.org\",\"@graph\":[{\"@type\":\"Article\",\"@id\":\"https:\\\/\\\/www.ciberbullying.com\\\/cyberbullying\\\/2010\\\/03\\\/15\\\/el-ciberbullying-estara-presente-este-miercoles-en-el-congreso-internacional-de-convivencia-escolar\\\/#article\",\"isPartOf\":{\"@id\":\"https:\\\/\\\/www.ciberbullying.com\\\/cyberbullying\\\/2010\\\/03\\\/15\\\/el-ciberbullying-estara-presente-este-miercoles-en-el-congreso-internacional-de-convivencia-escolar\\\/\"},\"author\":{\"name\":\"PantallasAmigas\",\"@id\":\"https:\\\/\\\/www.ciberbullying.com\\\/cyberbullying\\\/#\\\/schema\\\/person\\\/dff89bf66ee732b07375d9552d359416\"},\"headline\":\"El ciberbullying estar\u00e1 presente este mi\u00e9rcoles en el Congreso Internacional de Convivencia Escolar\",\"datePublished\":\"2010-03-15T17:39:42+00:00\",\"dateModified\":\"2015-07-22T11:50:30+00:00\",\"mainEntityOfPage\":{\"@id\":\"https:\\\/\\\/www.ciberbullying.com\\\/cyberbullying\\\/2010\\\/03\\\/15\\\/el-ciberbullying-estara-presente-este-miercoles-en-el-congreso-internacional-de-convivencia-escolar\\\/\"},\"wordCount\":225,\"commentCount\":0,\"keywords\":[\"acoso\",\"acoso escolar\",\"almer\u00eda\",\"alumnos\",\"ciberbullying\",\"ciberdelitos\",\"colegios\",\"conferencias\",\"congresos\",\"convivencia escolar\",\"cyberbullying\",\"educaci\u00f3n\",\"ehu\",\"escuelas\",\"Gemma Mart\u00ednez\",\"jorge flores\",\"jornadas\",\"menores\",\"ofelia tejerina\",\"pantallasamigas\",\"profesores\",\"riesgos\",\"rosario del rey\",\"simposium\",\"universidad\",\"universidad de almer\u00eda\",\"universidad de c\u00f3rdoba\"],\"articleSection\":[\"Ciberbullying\",\"Eventos\"],\"inLanguage\":\"es\",\"potentialAction\":[{\"@type\":\"CommentAction\",\"name\":\"Comment\",\"target\":[\"https:\\\/\\\/www.ciberbullying.com\\\/cyberbullying\\\/2010\\\/03\\\/15\\\/el-ciberbullying-estara-presente-este-miercoles-en-el-congreso-internacional-de-convivencia-escolar\\\/#respond\"]}]},{\"@type\":\"WebPage\",\"@id\":\"https:\\\/\\\/www.ciberbullying.com\\\/cyberbullying\\\/2010\\\/03\\\/15\\\/el-ciberbullying-estara-presente-este-miercoles-en-el-congreso-internacional-de-convivencia-escolar\\\/\",\"url\":\"https:\\\/\\\/www.ciberbullying.com\\\/cyberbullying\\\/2010\\\/03\\\/15\\\/el-ciberbullying-estara-presente-este-miercoles-en-el-congreso-internacional-de-convivencia-escolar\\\/\",\"name\":\"El ciberbullying estar\u00e1 presente este mi\u00e9rcoles en el Congreso Internacional de Convivencia Escolar - CIBERBULLYING\",\"isPartOf\":{\"@id\":\"https:\\\/\\\/www.ciberbullying.com\\\/cyberbullying\\\/#website\"},\"datePublished\":\"2010-03-15T17:39:42+00:00\",\"dateModified\":\"2015-07-22T11:50:30+00:00\",\"author\":{\"@id\":\"https:\\\/\\\/www.ciberbullying.com\\\/cyberbullying\\\/#\\\/schema\\\/person\\\/dff89bf66ee732b07375d9552d359416\"},\"breadcrumb\":{\"@id\":\"https:\\\/\\\/www.ciberbullying.com\\\/cyberbullying\\\/2010\\\/03\\\/15\\\/el-ciberbullying-estara-presente-este-miercoles-en-el-congreso-internacional-de-convivencia-escolar\\\/#breadcrumb\"},\"inLanguage\":\"es\",\"potentialAction\":[{\"@type\":\"ReadAction\",\"target\":[\"https:\\\/\\\/www.ciberbullying.com\\\/cyberbullying\\\/2010\\\/03\\\/15\\\/el-ciberbullying-estara-presente-este-miercoles-en-el-congreso-internacional-de-convivencia-escolar\\\/\"]}]},{\"@type\":\"BreadcrumbList\",\"@id\":\"https:\\\/\\\/www.ciberbullying.com\\\/cyberbullying\\\/2010\\\/03\\\/15\\\/el-ciberbullying-estara-presente-este-miercoles-en-el-congreso-internacional-de-convivencia-escolar\\\/#breadcrumb\",\"itemListElement\":[{\"@type\":\"ListItem\",\"position\":1,\"name\":\"Portada\",\"item\":\"https:\\\/\\\/www.ciberbullying.com\\\/cyberbullying\\\/\"},{\"@type\":\"ListItem\",\"position\":2,\"name\":\"El ciberbullying estar\u00e1 presente este mi\u00e9rcoles en el Congreso Internacional de Convivencia Escolar\"}]},{\"@type\":\"WebSite\",\"@id\":\"https:\\\/\\\/www.ciberbullying.com\\\/cyberbullying\\\/#website\",\"url\":\"https:\\\/\\\/www.ciberbullying.com\\\/cyberbullying\\\/\",\"name\":\"CIBERBULLYING\",\"description\":\"Acoso escolar \u2013 Ciberacoso entre iguales\",\"potentialAction\":[{\"@type\":\"SearchAction\",\"target\":{\"@type\":\"EntryPoint\",\"urlTemplate\":\"https:\\\/\\\/www.ciberbullying.com\\\/cyberbullying\\\/?s={search_term_string}\"},\"query-input\":{\"@type\":\"PropertyValueSpecification\",\"valueRequired\":true,\"valueName\":\"search_term_string\"}}],\"inLanguage\":\"es\"},{\"@type\":\"Person\",\"@id\":\"https:\\\/\\\/www.ciberbullying.com\\\/cyberbullying\\\/#\\\/schema\\\/person\\\/dff89bf66ee732b07375d9552d359416\",\"name\":\"PantallasAmigas\",\"image\":{\"@type\":\"ImageObject\",\"inLanguage\":\"es\",\"@id\":\"https:\\\/\\\/secure.gravatar.com\\\/avatar\\\/5eab05966ee30ba2d4bdbc7f83f1eb6c99c4e78cb319c02061c4bb4b7dd85bd8?s=96&d=mm&r=g\",\"url\":\"https:\\\/\\\/secure.gravatar.com\\\/avatar\\\/5eab05966ee30ba2d4bdbc7f83f1eb6c99c4e78cb319c02061c4bb4b7dd85bd8?s=96&d=mm&r=g\",\"contentUrl\":\"https:\\\/\\\/secure.gravatar.com\\\/avatar\\\/5eab05966ee30ba2d4bdbc7f83f1eb6c99c4e78cb319c02061c4bb4b7dd85bd8?s=96&d=mm&r=g\",\"caption\":\"PantallasAmigas\"},\"description\":\"PantallasAmigas es una iniciativa fundada en 2004 cuya misi\u00f3n es promover el uso seguro y saludable de las nuevas tecnolog\u00edas as\u00ed como una ciudadan\u00eda digital responsable en la infancia y la adolescencia.\",\"sameAs\":[\"http:\\\/\\\/www.pantallasamigas.net\"]}]}<\/script>\n<!-- \/ Yoast SEO plugin. -->","yoast_head_json":{"title":"El ciberbullying estar\u00e1 presente este mi\u00e9rcoles en el Congreso Internacional de Convivencia Escolar - CIBERBULLYING","robots":{"index":"index","follow":"follow","max-snippet":"max-snippet:-1","max-image-preview":"max-image-preview:large","max-video-preview":"max-video-preview:-1"},"canonical":"https:\/\/www.ciberbullying.com\/cyberbullying\/2010\/03\/15\/el-ciberbullying-estara-presente-este-miercoles-en-el-congreso-internacional-de-convivencia-escolar\/","og_locale":"es_ES","og_type":"article","og_title":"El ciberbullying estar\u00e1 presente este mi\u00e9rcoles en el Congreso Internacional de Convivencia Escolar - CIBERBULLYING","og_description":"En el marco del II Congreso Internacional de Convivencia Escolar que tendr\u00e1 lugar en la Universidad de Almer\u00eda entre los d\u00edas 16 y 19 de Marzo, el simposium difundir\u00e1 el problema del ciberbullying entre m\u00e1s de 540 expertos internacionales y 150 alumnos universitarios. Bajo el t\u00edtulo \u201cEl ciberbullying como amenaza para la convivencia escolar\u201d este [&hellip;]","og_url":"https:\/\/www.ciberbullying.com\/cyberbullying\/2010\/03\/15\/el-ciberbullying-estara-presente-este-miercoles-en-el-congreso-internacional-de-convivencia-escolar\/","og_site_name":"CIBERBULLYING","article_published_time":"2010-03-15T17:39:42+00:00","article_modified_time":"2015-07-22T11:50:30+00:00","author":"PantallasAmigas","twitter_card":"summary_large_image","twitter_misc":{"Escrito por":"PantallasAmigas","Tiempo de lectura":"1 minuto"},"schema":{"@context":"https:\/\/schema.org","@graph":[{"@type":"Article","@id":"https:\/\/www.ciberbullying.com\/cyberbullying\/2010\/03\/15\/el-ciberbullying-estara-presente-este-miercoles-en-el-congreso-internacional-de-convivencia-escolar\/#article","isPartOf":{"@id":"https:\/\/www.ciberbullying.com\/cyberbullying\/2010\/03\/15\/el-ciberbullying-estara-presente-este-miercoles-en-el-congreso-internacional-de-convivencia-escolar\/"},"author":{"name":"PantallasAmigas","@id":"https:\/\/www.ciberbullying.com\/cyberbullying\/#\/schema\/person\/dff89bf66ee732b07375d9552d359416"},"headline":"El ciberbullying estar\u00e1 presente este mi\u00e9rcoles en el Congreso Internacional de Convivencia Escolar","datePublished":"2010-03-15T17:39:42+00:00","dateModified":"2015-07-22T11:50:30+00:00","mainEntityOfPage":{"@id":"https:\/\/www.ciberbullying.com\/cyberbullying\/2010\/03\/15\/el-ciberbullying-estara-presente-este-miercoles-en-el-congreso-internacional-de-convivencia-escolar\/"},"wordCount":225,"commentCount":0,"keywords":["acoso","acoso escolar","almer\u00eda","alumnos","ciberbullying","ciberdelitos","colegios","conferencias","congresos","convivencia escolar","cyberbullying","educaci\u00f3n","ehu","escuelas","Gemma Mart\u00ednez","jorge flores","jornadas","menores","ofelia tejerina","pantallasamigas","profesores","riesgos","rosario del rey","simposium","universidad","universidad de almer\u00eda","universidad de c\u00f3rdoba"],"articleSection":["Ciberbullying","Eventos"],"inLanguage":"es","potentialAction":[{"@type":"CommentAction","name":"Comment","target":["https:\/\/www.ciberbullying.com\/cyberbullying\/2010\/03\/15\/el-ciberbullying-estara-presente-este-miercoles-en-el-congreso-internacional-de-convivencia-escolar\/#respond"]}]},{"@type":"WebPage","@id":"https:\/\/www.ciberbullying.com\/cyberbullying\/2010\/03\/15\/el-ciberbullying-estara-presente-este-miercoles-en-el-congreso-internacional-de-convivencia-escolar\/","url":"https:\/\/www.ciberbullying.com\/cyberbullying\/2010\/03\/15\/el-ciberbullying-estara-presente-este-miercoles-en-el-congreso-internacional-de-convivencia-escolar\/","name":"El ciberbullying estar\u00e1 presente este mi\u00e9rcoles en el Congreso Internacional de Convivencia Escolar - CIBERBULLYING","isPartOf":{"@id":"https:\/\/www.ciberbullying.com\/cyberbullying\/#website"},"datePublished":"2010-03-15T17:39:42+00:00","dateModified":"2015-07-22T11:50:30+00:00","author":{"@id":"https:\/\/www.ciberbullying.com\/cyberbullying\/#\/schema\/person\/dff89bf66ee732b07375d9552d359416"},"breadcrumb":{"@id":"https:\/\/www.ciberbullying.com\/cyberbullying\/2010\/03\/15\/el-ciberbullying-estara-presente-este-miercoles-en-el-congreso-internacional-de-convivencia-escolar\/#breadcrumb"},"inLanguage":"es","potentialAction":[{"@type":"ReadAction","target":["https:\/\/www.ciberbullying.com\/cyberbullying\/2010\/03\/15\/el-ciberbullying-estara-presente-este-miercoles-en-el-congreso-internacional-de-convivencia-escolar\/"]}]},{"@type":"BreadcrumbList","@id":"https:\/\/www.ciberbullying.com\/cyberbullying\/2010\/03\/15\/el-ciberbullying-estara-presente-este-miercoles-en-el-congreso-internacional-de-convivencia-escolar\/#breadcrumb","itemListElement":[{"@type":"ListItem","position":1,"name":"Portada","item":"https:\/\/www.ciberbullying.com\/cyberbullying\/"},{"@type":"ListItem","position":2,"name":"El ciberbullying estar\u00e1 presente este mi\u00e9rcoles en el Congreso Internacional de Convivencia Escolar"}]},{"@type":"WebSite","@id":"https:\/\/www.ciberbullying.com\/cyberbullying\/#website","url":"https:\/\/www.ciberbullying.com\/cyberbullying\/","name":"CIBERBULLYING","description":"Acoso escolar \u2013 Ciberacoso entre iguales","potentialAction":[{"@type":"SearchAction","target":{"@type":"EntryPoint","urlTemplate":"https:\/\/www.ciberbullying.com\/cyberbullying\/?s={search_term_string}"},"query-input":{"@type":"PropertyValueSpecification","valueRequired":true,"valueName":"search_term_string"}}],"inLanguage":"es"},{"@type":"Person","@id":"https:\/\/www.ciberbullying.com\/cyberbullying\/#\/schema\/person\/dff89bf66ee732b07375d9552d359416","name":"PantallasAmigas","image":{"@type":"ImageObject","inLanguage":"es","@id":"https:\/\/secure.gravatar.com\/avatar\/5eab05966ee30ba2d4bdbc7f83f1eb6c99c4e78cb319c02061c4bb4b7dd85bd8?s=96&d=mm&r=g","url":"https:\/\/secure.gravatar.com\/avatar\/5eab05966ee30ba2d4bdbc7f83f1eb6c99c4e78cb319c02061c4bb4b7dd85bd8?s=96&d=mm&r=g","contentUrl":"https:\/\/secure.gravatar.com\/avatar\/5eab05966ee30ba2d4bdbc7f83f1eb6c99c4e78cb319c02061c4bb4b7dd85bd8?s=96&d=mm&r=g","caption":"PantallasAmigas"},"description":"PantallasAmigas es una iniciativa fundada en 2004 cuya misi\u00f3n es promover el uso seguro y saludable de las nuevas tecnolog\u00edas as\u00ed como una ciudadan\u00eda digital responsable en la infancia y la adolescencia.","sameAs":["http:\/\/www.pantallasamigas.net"]}]}},"_links":{"self":[{"href":"https:\/\/www.ciberbullying.com\/cyberbullying\/wp-json\/wp\/v2\/posts\/317","targetHints":{"allow":["GET"]}}],"collection":[{"href":"https:\/\/www.ciberbullying.com\/cyberbullying\/wp-json\/wp\/v2\/posts"}],"about":[{"href":"https:\/\/www.ciberbullying.com\/cyberbullying\/wp-json\/wp\/v2\/types\/post"}],"author":[{"embeddable":true,"href":"https:\/\/www.ciberbullying.com\/cyberbullying\/wp-json\/wp\/v2\/users\/1"}],"replies":[{"embeddable":true,"href":"https:\/\/www.ciberbullying.com\/cyberbullying\/wp-json\/wp\/v2\/comments?post=317"}],"version-history":[{"count":2,"href":"https:\/\/www.ciberbullying.com\/cyberbullying\/wp-json\/wp\/v2\/posts\/317\/revisions"}],"predecessor-version":[{"id":504,"href":"https:\/\/www.ciberbullying.com\/cyberbullying\/wp-json\/wp\/v2\/posts\/317\/revisions\/504"}],"wp:attachment":[{"href":"https:\/\/www.ciberbullying.com\/cyberbullying\/wp-json\/wp\/v2\/media?parent=317"}],"wp:term":[{"taxonomy":"category","embeddable":true,"href":"https:\/\/www.ciberbullying.com\/cyberbullying\/wp-json\/wp\/v2\/categories?post=317"},{"taxonomy":"post_tag","embeddable":true,"href":"https:\/\/www.ciberbullying.com\/cyberbullying\/wp-json\/wp\/v2\/tags?post=317"}],"curies":[{"name":"wp","href":"https:\/\/api.w.org\/{rel}","templated":true}]}}