{"id":302,"date":"2010-12-09T16:03:49","date_gmt":"2010-12-09T16:03:49","guid":{"rendered":"http:\/\/www.ciberbullying.com\/cyberbullying\/?p=302"},"modified":"2015-07-22T12:50:32","modified_gmt":"2015-07-22T11:50:32","slug":"el-ciberbullying-sera-abordado-en-el-encuentro-convivencia-educacion-para-la-paz-y-los-derechos-humanos-bilbao-15-diciembre","status":"publish","type":"post","link":"https:\/\/www.ciberbullying.com\/cyberbullying\/2010\/12\/09\/el-ciberbullying-sera-abordado-en-el-encuentro-convivencia-educacion-para-la-paz-y-los-derechos-humanos-bilbao-15-diciembre\/","title":{"rendered":"El ciberbullying ser\u00e1 abordado en el encuentro \u00abConvivencia, Educaci\u00f3n para la Paz y los Derechos Humanos\u00bb (Bilbao, 15-Diciembre)"},"content":{"rendered":"<p>La Asociaci\u00f3n de Psicopedagog\u00eda de Euskadi (<acronym title=\"Asociaci\u00f3n de Psicopedagog\u00eda de Euskadi\">APSIDE<\/acronym>) dedica las dos jornadas (1 y 15 de diciembre) de su VI Encuentro sobre <em>Educaci\u00f3n y Diversidad<\/em> al reto de vivir juntos de forma positiva.<\/p>\n<p><img decoding=\"async\" data-src=\"http:\/\/www.pantallasamigas.net\/actualidad-pantallasamigas\/img-actualidad\/aspide-la-asociacion-de-psicopedagogia-de-euskadi.jpg\" alt=\"La Asociaci\u00f3n de Psicopedagog\u00eda de Euskadi (APSIDE)\" style=\"--smush-placeholder-width: 200px; --smush-placeholder-aspect-ratio: 200\/53;float:right;\" title=\"La Asociaci\u00f3n de Psicopedagog\u00eda de Euskadi (APSIDE)\" height=\"53\" hspace=\"10\" width=\"200\" src=\"data:image\/svg+xml;base64,PHN2ZyB3aWR0aD0iMSIgaGVpZ2h0PSIxIiB4bWxucz0iaHR0cDovL3d3dy53My5vcmcvMjAwMC9zdmciPjwvc3ZnPg==\" class=\"lazyload\">Estas jornadas est\u00e1n destinadas a docentes de orientaci\u00f3n educativa y atenci\u00f3n a la diversidad de secundaria, responsables de interculturalidad, coordinadores de convivencia, profesorado de <em>\u201cEducaci\u00f3n para la Ciudadan\u00eda\u201d<\/em>, asesores de Berritzegune, tutores y tutoras.<\/p>\n<p>Los <strong>objetivos<\/strong> planteados son:<\/p>\n<ul>\n<li>Identificar programas, estrategias y procedimientos para la prevenci\u00f3n del <strong>maltrato entre iguales<\/strong> en Secundaria.<\/li>\n<li>Compartir e intercambiar experiencias y recursos sobre <strong>educaci\u00f3n para la convivencia, la solidaridad y los derechos humanos<\/strong>.<\/li>\n<li>Valorar la incidencia de los <strong>programas de apoyo socioeducativo<\/strong> en la mejora de la convivencia y el rendimiento acad\u00e9mico en Secundaria.<\/li>\n<\/ul>\n<p><a href=\"http:\/\/www.PantallasAmigas.net\">PantallasAmigas<\/a> participar\u00e1 en el encuentro aportando su experiencia en el tema del <a href=\"http:\/\/www.ciberbullying.com\">ciberacoso escolar<\/a>. As\u00ed, <a href=\"http:\/\/www.twitter.com\/JorgeFloresPPAA\">Jorge Flores <img decoding=\"async\" data-src=\"http:\/\/twitter-badges.s3.amazonaws.com\/t_mini-a.png\" alt=\"Sigue al director de PantallasAmigas en Twitter\" style=\"margin-left:-2px;padding:0;\" align=\"absmiddle\" src=\"data:image\/svg+xml;base64,PHN2ZyB3aWR0aD0iMSIgaGVpZ2h0PSIxIiB4bWxucz0iaHR0cDovL3d3dy53My5vcmcvMjAwMC9zdmciPjwvc3ZnPg==\" class=\"lazyload\"><\/a>  dedicar\u00e1 una hora para su exposici\u00f3n titulada <em><strong>\u00abCiberbullying: herramientas y estrategias para la prevenci\u00f3n y la intervenci\u00f3n\u00bb<\/strong><\/em> (15 de diciembre a las 11:45 h).<\/p>\n<p><strong>Lugar:<\/strong> Sal\u00f3n de Actos del Servicio de Patrimonio Cultural de la Diputaci\u00f3n Foral de Bizkaia. c\/ Maria D\u00edaz de Haro,11. (Metro: Parada Indautxu &#8211; Salida Doctor Areilza)<\/p>\n<p><a href=\"http:\/\/www.pantallasamigas.net\/actualidad-pantallasamigas\/pdfs\/convivencia-educacion-para-la-paz-y-los-derechos-humanos.pdf\">Programa de las jornadas: <strong>Convivencia, Educaci\u00f3n para la Paz y los Derechos Humanos<\/strong> (PDF) <\/a><br \/>\n<a href=\"http:\/\/www.pantallasamigas.net\/actualidad-pantallasamigas\/pdfs\/bizikidetasuna-bake-heziketa-eta-giza-eskubideak.pdf\">Programa de las jornadas en euskera:<strong> Bizikidetasuna, bake heziketa eta giza eskubideak<\/strong> (PDF)<\/a><\/p>\n<p>Fuente: <a href=\"http:\/\/www.pantallasamigas.net\/actualidad-pantallasamigas\/encuentro-convivencia-educacion-para-la-paz-y-los-derechos-humanos-diciembre-2010.shtm\">PantallasAmigas<\/a><\/p>\n","protected":false},"excerpt":{"rendered":"<p>La Asociaci\u00f3n de Psicopedagog\u00eda de Euskadi (APSIDE) dedica las dos jornadas (1 y 15 de diciembre) de su VI Encuentro sobre Educaci\u00f3n y Diversidad al reto de vivir juntos de forma positiva. Estas jornadas est\u00e1n destinadas a docentes de orientaci\u00f3n educativa y atenci\u00f3n a la diversidad de secundaria, responsables de interculturalidad, coordinadores de convivencia, profesorado [&hellip;]<\/p>\n","protected":false},"author":1,"featured_media":1710,"comment_status":"open","ping_status":"open","sticky":false,"template":"","format":"standard","meta":{"footnotes":""},"categories":[1,310,229],"tags":[311,312,313,8,123,314,587,315,116,302,291,9,309,294,316,317,318],"class_list":["post-302","post","type-post","status-publish","format-standard","has-post-thumbnail","hentry","category-ciberbullying","category-eventos-2","category-noticias","tag-apside","tag-berritzegune","tag-bilbao","tag-ciberbullying-2","tag-ciudadania","tag-convivencia","tag-cyberbullying","tag-derechos","tag-educacion","tag-euskadi","tag-eventos","tag-jorge-flores","tag-pais-vasco","tag-pantallasamigas","tag-paz","tag-psicopedagogia","tag-secundaria"],"yoast_head":"<!-- This site is optimized with the Yoast SEO plugin v27.4 - https:\/\/yoast.com\/product\/yoast-seo-wordpress\/ -->\n<title>El ciberbullying ser\u00e1 abordado en el encuentro \u00abConvivencia, Educaci\u00f3n para la Paz y los Derechos Humanos\u00bb (Bilbao, 15-Diciembre) - CIBERBULLYING<\/title>\n<meta name=\"robots\" content=\"index, follow, max-snippet:-1, max-image-preview:large, max-video-preview:-1\" \/>\n<link rel=\"canonical\" href=\"https:\/\/www.ciberbullying.com\/cyberbullying\/2010\/12\/09\/el-ciberbullying-sera-abordado-en-el-encuentro-convivencia-educacion-para-la-paz-y-los-derechos-humanos-bilbao-15-diciembre\/\" \/>\n<meta property=\"og:locale\" content=\"es_ES\" \/>\n<meta property=\"og:type\" content=\"article\" \/>\n<meta property=\"og:title\" content=\"El ciberbullying ser\u00e1 abordado en el encuentro \u00abConvivencia, Educaci\u00f3n para la Paz y los Derechos Humanos\u00bb (Bilbao, 15-Diciembre) - CIBERBULLYING\" \/>\n<meta property=\"og:description\" content=\"La Asociaci\u00f3n de Psicopedagog\u00eda de Euskadi (APSIDE) dedica las dos jornadas (1 y 15 de diciembre) de su VI Encuentro sobre Educaci\u00f3n y Diversidad al reto de vivir juntos de forma positiva. Estas jornadas est\u00e1n destinadas a docentes de orientaci\u00f3n educativa y atenci\u00f3n a la diversidad de secundaria, responsables de interculturalidad, coordinadores de convivencia, profesorado [&hellip;]\" \/>\n<meta property=\"og:url\" content=\"https:\/\/www.ciberbullying.com\/cyberbullying\/2010\/12\/09\/el-ciberbullying-sera-abordado-en-el-encuentro-convivencia-educacion-para-la-paz-y-los-derechos-humanos-bilbao-15-diciembre\/\" \/>\n<meta property=\"og:site_name\" content=\"CIBERBULLYING\" \/>\n<meta property=\"article:published_time\" content=\"2010-12-09T16:03:49+00:00\" \/>\n<meta property=\"article:modified_time\" content=\"2015-07-22T11:50:32+00:00\" \/>\n<meta property=\"og:image\" content=\"https:\/\/www.ciberbullying.com\/cyberbullying\/wp-content\/uploads\/aspide-la-asociacion-de-psicopedagogia-de-euskadi.jpg\" \/>\n\t<meta property=\"og:image:width\" content=\"1\" \/>\n\t<meta property=\"og:image:height\" content=\"1\" \/>\n\t<meta property=\"og:image:type\" content=\"image\/jpeg\" \/>\n<meta name=\"author\" content=\"PantallasAmigas\" \/>\n<meta name=\"twitter:card\" content=\"summary_large_image\" \/>\n<meta name=\"twitter:label1\" content=\"Escrito por\" \/>\n\t<meta name=\"twitter:data1\" content=\"PantallasAmigas\" \/>\n\t<meta name=\"twitter:label2\" content=\"Tiempo de lectura\" \/>\n\t<meta name=\"twitter:data2\" content=\"1 minuto\" \/>\n<script type=\"application\/ld+json\" class=\"yoast-schema-graph\">{\"@context\":\"https:\\\/\\\/schema.org\",\"@graph\":[{\"@type\":\"Article\",\"@id\":\"https:\\\/\\\/www.ciberbullying.com\\\/cyberbullying\\\/2010\\\/12\\\/09\\\/el-ciberbullying-sera-abordado-en-el-encuentro-convivencia-educacion-para-la-paz-y-los-derechos-humanos-bilbao-15-diciembre\\\/#article\",\"isPartOf\":{\"@id\":\"https:\\\/\\\/www.ciberbullying.com\\\/cyberbullying\\\/2010\\\/12\\\/09\\\/el-ciberbullying-sera-abordado-en-el-encuentro-convivencia-educacion-para-la-paz-y-los-derechos-humanos-bilbao-15-diciembre\\\/\"},\"author\":{\"name\":\"PantallasAmigas\",\"@id\":\"https:\\\/\\\/www.ciberbullying.com\\\/cyberbullying\\\/#\\\/schema\\\/person\\\/dff89bf66ee732b07375d9552d359416\"},\"headline\":\"El ciberbullying ser\u00e1 abordado en el encuentro \u00abConvivencia, Educaci\u00f3n para la Paz y los Derechos Humanos\u00bb (Bilbao, 15-Diciembre)\",\"datePublished\":\"2010-12-09T16:03:49+00:00\",\"dateModified\":\"2015-07-22T11:50:32+00:00\",\"mainEntityOfPage\":{\"@id\":\"https:\\\/\\\/www.ciberbullying.com\\\/cyberbullying\\\/2010\\\/12\\\/09\\\/el-ciberbullying-sera-abordado-en-el-encuentro-convivencia-educacion-para-la-paz-y-los-derechos-humanos-bilbao-15-diciembre\\\/\"},\"wordCount\":252,\"commentCount\":0,\"image\":{\"@id\":\"https:\\\/\\\/www.ciberbullying.com\\\/cyberbullying\\\/2010\\\/12\\\/09\\\/el-ciberbullying-sera-abordado-en-el-encuentro-convivencia-educacion-para-la-paz-y-los-derechos-humanos-bilbao-15-diciembre\\\/#primaryimage\"},\"thumbnailUrl\":\"https:\\\/\\\/www.ciberbullying.com\\\/cyberbullying\\\/wp-content\\\/uploads\\\/aspide-la-asociacion-de-psicopedagogia-de-euskadi.jpg\",\"keywords\":[\"apside\",\"berritzegune\",\"bilbao\",\"ciberbullying\",\"ciudadan\u00eda\",\"convivencia\",\"cyberbullying\",\"derechos\",\"educaci\u00f3n\",\"euskadi\",\"eventos\",\"jorge flores\",\"Pa\u00eds Vasco\",\"pantallasamigas\",\"paz\",\"psicopedagog\u00eda\",\"secundaria\"],\"articleSection\":[\"Ciberbullying\",\"Eventos\",\"Noticias\"],\"inLanguage\":\"es\",\"potentialAction\":[{\"@type\":\"CommentAction\",\"name\":\"Comment\",\"target\":[\"https:\\\/\\\/www.ciberbullying.com\\\/cyberbullying\\\/2010\\\/12\\\/09\\\/el-ciberbullying-sera-abordado-en-el-encuentro-convivencia-educacion-para-la-paz-y-los-derechos-humanos-bilbao-15-diciembre\\\/#respond\"]}]},{\"@type\":\"WebPage\",\"@id\":\"https:\\\/\\\/www.ciberbullying.com\\\/cyberbullying\\\/2010\\\/12\\\/09\\\/el-ciberbullying-sera-abordado-en-el-encuentro-convivencia-educacion-para-la-paz-y-los-derechos-humanos-bilbao-15-diciembre\\\/\",\"url\":\"https:\\\/\\\/www.ciberbullying.com\\\/cyberbullying\\\/2010\\\/12\\\/09\\\/el-ciberbullying-sera-abordado-en-el-encuentro-convivencia-educacion-para-la-paz-y-los-derechos-humanos-bilbao-15-diciembre\\\/\",\"name\":\"El ciberbullying ser\u00e1 abordado en el encuentro \u00abConvivencia, Educaci\u00f3n para la Paz y los Derechos Humanos\u00bb (Bilbao, 15-Diciembre) - CIBERBULLYING\",\"isPartOf\":{\"@id\":\"https:\\\/\\\/www.ciberbullying.com\\\/cyberbullying\\\/#website\"},\"primaryImageOfPage\":{\"@id\":\"https:\\\/\\\/www.ciberbullying.com\\\/cyberbullying\\\/2010\\\/12\\\/09\\\/el-ciberbullying-sera-abordado-en-el-encuentro-convivencia-educacion-para-la-paz-y-los-derechos-humanos-bilbao-15-diciembre\\\/#primaryimage\"},\"image\":{\"@id\":\"https:\\\/\\\/www.ciberbullying.com\\\/cyberbullying\\\/2010\\\/12\\\/09\\\/el-ciberbullying-sera-abordado-en-el-encuentro-convivencia-educacion-para-la-paz-y-los-derechos-humanos-bilbao-15-diciembre\\\/#primaryimage\"},\"thumbnailUrl\":\"https:\\\/\\\/www.ciberbullying.com\\\/cyberbullying\\\/wp-content\\\/uploads\\\/aspide-la-asociacion-de-psicopedagogia-de-euskadi.jpg\",\"datePublished\":\"2010-12-09T16:03:49+00:00\",\"dateModified\":\"2015-07-22T11:50:32+00:00\",\"author\":{\"@id\":\"https:\\\/\\\/www.ciberbullying.com\\\/cyberbullying\\\/#\\\/schema\\\/person\\\/dff89bf66ee732b07375d9552d359416\"},\"breadcrumb\":{\"@id\":\"https:\\\/\\\/www.ciberbullying.com\\\/cyberbullying\\\/2010\\\/12\\\/09\\\/el-ciberbullying-sera-abordado-en-el-encuentro-convivencia-educacion-para-la-paz-y-los-derechos-humanos-bilbao-15-diciembre\\\/#breadcrumb\"},\"inLanguage\":\"es\",\"potentialAction\":[{\"@type\":\"ReadAction\",\"target\":[\"https:\\\/\\\/www.ciberbullying.com\\\/cyberbullying\\\/2010\\\/12\\\/09\\\/el-ciberbullying-sera-abordado-en-el-encuentro-convivencia-educacion-para-la-paz-y-los-derechos-humanos-bilbao-15-diciembre\\\/\"]}]},{\"@type\":\"ImageObject\",\"inLanguage\":\"es\",\"@id\":\"https:\\\/\\\/www.ciberbullying.com\\\/cyberbullying\\\/2010\\\/12\\\/09\\\/el-ciberbullying-sera-abordado-en-el-encuentro-convivencia-educacion-para-la-paz-y-los-derechos-humanos-bilbao-15-diciembre\\\/#primaryimage\",\"url\":\"https:\\\/\\\/www.ciberbullying.com\\\/cyberbullying\\\/wp-content\\\/uploads\\\/aspide-la-asociacion-de-psicopedagogia-de-euskadi.jpg\",\"contentUrl\":\"https:\\\/\\\/www.ciberbullying.com\\\/cyberbullying\\\/wp-content\\\/uploads\\\/aspide-la-asociacion-de-psicopedagogia-de-euskadi.jpg\"},{\"@type\":\"BreadcrumbList\",\"@id\":\"https:\\\/\\\/www.ciberbullying.com\\\/cyberbullying\\\/2010\\\/12\\\/09\\\/el-ciberbullying-sera-abordado-en-el-encuentro-convivencia-educacion-para-la-paz-y-los-derechos-humanos-bilbao-15-diciembre\\\/#breadcrumb\",\"itemListElement\":[{\"@type\":\"ListItem\",\"position\":1,\"name\":\"Portada\",\"item\":\"https:\\\/\\\/www.ciberbullying.com\\\/cyberbullying\\\/\"},{\"@type\":\"ListItem\",\"position\":2,\"name\":\"El ciberbullying ser\u00e1 abordado en el encuentro \u00abConvivencia, Educaci\u00f3n para la Paz y los Derechos Humanos\u00bb (Bilbao, 15-Diciembre)\"}]},{\"@type\":\"WebSite\",\"@id\":\"https:\\\/\\\/www.ciberbullying.com\\\/cyberbullying\\\/#website\",\"url\":\"https:\\\/\\\/www.ciberbullying.com\\\/cyberbullying\\\/\",\"name\":\"CIBERBULLYING\",\"description\":\"Acoso escolar \u2013 Ciberacoso entre iguales\",\"potentialAction\":[{\"@type\":\"SearchAction\",\"target\":{\"@type\":\"EntryPoint\",\"urlTemplate\":\"https:\\\/\\\/www.ciberbullying.com\\\/cyberbullying\\\/?s={search_term_string}\"},\"query-input\":{\"@type\":\"PropertyValueSpecification\",\"valueRequired\":true,\"valueName\":\"search_term_string\"}}],\"inLanguage\":\"es\"},{\"@type\":\"Person\",\"@id\":\"https:\\\/\\\/www.ciberbullying.com\\\/cyberbullying\\\/#\\\/schema\\\/person\\\/dff89bf66ee732b07375d9552d359416\",\"name\":\"PantallasAmigas\",\"image\":{\"@type\":\"ImageObject\",\"inLanguage\":\"es\",\"@id\":\"https:\\\/\\\/secure.gravatar.com\\\/avatar\\\/5eab05966ee30ba2d4bdbc7f83f1eb6c99c4e78cb319c02061c4bb4b7dd85bd8?s=96&d=mm&r=g\",\"url\":\"https:\\\/\\\/secure.gravatar.com\\\/avatar\\\/5eab05966ee30ba2d4bdbc7f83f1eb6c99c4e78cb319c02061c4bb4b7dd85bd8?s=96&d=mm&r=g\",\"contentUrl\":\"https:\\\/\\\/secure.gravatar.com\\\/avatar\\\/5eab05966ee30ba2d4bdbc7f83f1eb6c99c4e78cb319c02061c4bb4b7dd85bd8?s=96&d=mm&r=g\",\"caption\":\"PantallasAmigas\"},\"description\":\"PantallasAmigas es una iniciativa fundada en 2004 cuya misi\u00f3n es promover el uso seguro y saludable de las nuevas tecnolog\u00edas as\u00ed como una ciudadan\u00eda digital responsable en la infancia y la adolescencia.\",\"sameAs\":[\"http:\\\/\\\/www.pantallasamigas.net\"]}]}<\/script>\n<!-- \/ Yoast SEO plugin. -->","yoast_head_json":{"title":"El ciberbullying ser\u00e1 abordado en el encuentro \u00abConvivencia, Educaci\u00f3n para la Paz y los Derechos Humanos\u00bb (Bilbao, 15-Diciembre) - CIBERBULLYING","robots":{"index":"index","follow":"follow","max-snippet":"max-snippet:-1","max-image-preview":"max-image-preview:large","max-video-preview":"max-video-preview:-1"},"canonical":"https:\/\/www.ciberbullying.com\/cyberbullying\/2010\/12\/09\/el-ciberbullying-sera-abordado-en-el-encuentro-convivencia-educacion-para-la-paz-y-los-derechos-humanos-bilbao-15-diciembre\/","og_locale":"es_ES","og_type":"article","og_title":"El ciberbullying ser\u00e1 abordado en el encuentro \u00abConvivencia, Educaci\u00f3n para la Paz y los Derechos Humanos\u00bb (Bilbao, 15-Diciembre) - CIBERBULLYING","og_description":"La Asociaci\u00f3n de Psicopedagog\u00eda de Euskadi (APSIDE) dedica las dos jornadas (1 y 15 de diciembre) de su VI Encuentro sobre Educaci\u00f3n y Diversidad al reto de vivir juntos de forma positiva. Estas jornadas est\u00e1n destinadas a docentes de orientaci\u00f3n educativa y atenci\u00f3n a la diversidad de secundaria, responsables de interculturalidad, coordinadores de convivencia, profesorado [&hellip;]","og_url":"https:\/\/www.ciberbullying.com\/cyberbullying\/2010\/12\/09\/el-ciberbullying-sera-abordado-en-el-encuentro-convivencia-educacion-para-la-paz-y-los-derechos-humanos-bilbao-15-diciembre\/","og_site_name":"CIBERBULLYING","article_published_time":"2010-12-09T16:03:49+00:00","article_modified_time":"2015-07-22T11:50:32+00:00","og_image":[{"url":"https:\/\/www.ciberbullying.com\/cyberbullying\/wp-content\/uploads\/aspide-la-asociacion-de-psicopedagogia-de-euskadi.jpg","width":1,"height":1,"type":"image\/jpeg"}],"author":"PantallasAmigas","twitter_card":"summary_large_image","twitter_misc":{"Escrito por":"PantallasAmigas","Tiempo de lectura":"1 minuto"},"schema":{"@context":"https:\/\/schema.org","@graph":[{"@type":"Article","@id":"https:\/\/www.ciberbullying.com\/cyberbullying\/2010\/12\/09\/el-ciberbullying-sera-abordado-en-el-encuentro-convivencia-educacion-para-la-paz-y-los-derechos-humanos-bilbao-15-diciembre\/#article","isPartOf":{"@id":"https:\/\/www.ciberbullying.com\/cyberbullying\/2010\/12\/09\/el-ciberbullying-sera-abordado-en-el-encuentro-convivencia-educacion-para-la-paz-y-los-derechos-humanos-bilbao-15-diciembre\/"},"author":{"name":"PantallasAmigas","@id":"https:\/\/www.ciberbullying.com\/cyberbullying\/#\/schema\/person\/dff89bf66ee732b07375d9552d359416"},"headline":"El ciberbullying ser\u00e1 abordado en el encuentro \u00abConvivencia, Educaci\u00f3n para la Paz y los Derechos Humanos\u00bb (Bilbao, 15-Diciembre)","datePublished":"2010-12-09T16:03:49+00:00","dateModified":"2015-07-22T11:50:32+00:00","mainEntityOfPage":{"@id":"https:\/\/www.ciberbullying.com\/cyberbullying\/2010\/12\/09\/el-ciberbullying-sera-abordado-en-el-encuentro-convivencia-educacion-para-la-paz-y-los-derechos-humanos-bilbao-15-diciembre\/"},"wordCount":252,"commentCount":0,"image":{"@id":"https:\/\/www.ciberbullying.com\/cyberbullying\/2010\/12\/09\/el-ciberbullying-sera-abordado-en-el-encuentro-convivencia-educacion-para-la-paz-y-los-derechos-humanos-bilbao-15-diciembre\/#primaryimage"},"thumbnailUrl":"https:\/\/www.ciberbullying.com\/cyberbullying\/wp-content\/uploads\/aspide-la-asociacion-de-psicopedagogia-de-euskadi.jpg","keywords":["apside","berritzegune","bilbao","ciberbullying","ciudadan\u00eda","convivencia","cyberbullying","derechos","educaci\u00f3n","euskadi","eventos","jorge flores","Pa\u00eds Vasco","pantallasamigas","paz","psicopedagog\u00eda","secundaria"],"articleSection":["Ciberbullying","Eventos","Noticias"],"inLanguage":"es","potentialAction":[{"@type":"CommentAction","name":"Comment","target":["https:\/\/www.ciberbullying.com\/cyberbullying\/2010\/12\/09\/el-ciberbullying-sera-abordado-en-el-encuentro-convivencia-educacion-para-la-paz-y-los-derechos-humanos-bilbao-15-diciembre\/#respond"]}]},{"@type":"WebPage","@id":"https:\/\/www.ciberbullying.com\/cyberbullying\/2010\/12\/09\/el-ciberbullying-sera-abordado-en-el-encuentro-convivencia-educacion-para-la-paz-y-los-derechos-humanos-bilbao-15-diciembre\/","url":"https:\/\/www.ciberbullying.com\/cyberbullying\/2010\/12\/09\/el-ciberbullying-sera-abordado-en-el-encuentro-convivencia-educacion-para-la-paz-y-los-derechos-humanos-bilbao-15-diciembre\/","name":"El ciberbullying ser\u00e1 abordado en el encuentro \u00abConvivencia, Educaci\u00f3n para la Paz y los Derechos Humanos\u00bb (Bilbao, 15-Diciembre) - CIBERBULLYING","isPartOf":{"@id":"https:\/\/www.ciberbullying.com\/cyberbullying\/#website"},"primaryImageOfPage":{"@id":"https:\/\/www.ciberbullying.com\/cyberbullying\/2010\/12\/09\/el-ciberbullying-sera-abordado-en-el-encuentro-convivencia-educacion-para-la-paz-y-los-derechos-humanos-bilbao-15-diciembre\/#primaryimage"},"image":{"@id":"https:\/\/www.ciberbullying.com\/cyberbullying\/2010\/12\/09\/el-ciberbullying-sera-abordado-en-el-encuentro-convivencia-educacion-para-la-paz-y-los-derechos-humanos-bilbao-15-diciembre\/#primaryimage"},"thumbnailUrl":"https:\/\/www.ciberbullying.com\/cyberbullying\/wp-content\/uploads\/aspide-la-asociacion-de-psicopedagogia-de-euskadi.jpg","datePublished":"2010-12-09T16:03:49+00:00","dateModified":"2015-07-22T11:50:32+00:00","author":{"@id":"https:\/\/www.ciberbullying.com\/cyberbullying\/#\/schema\/person\/dff89bf66ee732b07375d9552d359416"},"breadcrumb":{"@id":"https:\/\/www.ciberbullying.com\/cyberbullying\/2010\/12\/09\/el-ciberbullying-sera-abordado-en-el-encuentro-convivencia-educacion-para-la-paz-y-los-derechos-humanos-bilbao-15-diciembre\/#breadcrumb"},"inLanguage":"es","potentialAction":[{"@type":"ReadAction","target":["https:\/\/www.ciberbullying.com\/cyberbullying\/2010\/12\/09\/el-ciberbullying-sera-abordado-en-el-encuentro-convivencia-educacion-para-la-paz-y-los-derechos-humanos-bilbao-15-diciembre\/"]}]},{"@type":"ImageObject","inLanguage":"es","@id":"https:\/\/www.ciberbullying.com\/cyberbullying\/2010\/12\/09\/el-ciberbullying-sera-abordado-en-el-encuentro-convivencia-educacion-para-la-paz-y-los-derechos-humanos-bilbao-15-diciembre\/#primaryimage","url":"https:\/\/www.ciberbullying.com\/cyberbullying\/wp-content\/uploads\/aspide-la-asociacion-de-psicopedagogia-de-euskadi.jpg","contentUrl":"https:\/\/www.ciberbullying.com\/cyberbullying\/wp-content\/uploads\/aspide-la-asociacion-de-psicopedagogia-de-euskadi.jpg"},{"@type":"BreadcrumbList","@id":"https:\/\/www.ciberbullying.com\/cyberbullying\/2010\/12\/09\/el-ciberbullying-sera-abordado-en-el-encuentro-convivencia-educacion-para-la-paz-y-los-derechos-humanos-bilbao-15-diciembre\/#breadcrumb","itemListElement":[{"@type":"ListItem","position":1,"name":"Portada","item":"https:\/\/www.ciberbullying.com\/cyberbullying\/"},{"@type":"ListItem","position":2,"name":"El ciberbullying ser\u00e1 abordado en el encuentro \u00abConvivencia, Educaci\u00f3n para la Paz y los Derechos Humanos\u00bb (Bilbao, 15-Diciembre)"}]},{"@type":"WebSite","@id":"https:\/\/www.ciberbullying.com\/cyberbullying\/#website","url":"https:\/\/www.ciberbullying.com\/cyberbullying\/","name":"CIBERBULLYING","description":"Acoso escolar \u2013 Ciberacoso entre iguales","potentialAction":[{"@type":"SearchAction","target":{"@type":"EntryPoint","urlTemplate":"https:\/\/www.ciberbullying.com\/cyberbullying\/?s={search_term_string}"},"query-input":{"@type":"PropertyValueSpecification","valueRequired":true,"valueName":"search_term_string"}}],"inLanguage":"es"},{"@type":"Person","@id":"https:\/\/www.ciberbullying.com\/cyberbullying\/#\/schema\/person\/dff89bf66ee732b07375d9552d359416","name":"PantallasAmigas","image":{"@type":"ImageObject","inLanguage":"es","@id":"https:\/\/secure.gravatar.com\/avatar\/5eab05966ee30ba2d4bdbc7f83f1eb6c99c4e78cb319c02061c4bb4b7dd85bd8?s=96&d=mm&r=g","url":"https:\/\/secure.gravatar.com\/avatar\/5eab05966ee30ba2d4bdbc7f83f1eb6c99c4e78cb319c02061c4bb4b7dd85bd8?s=96&d=mm&r=g","contentUrl":"https:\/\/secure.gravatar.com\/avatar\/5eab05966ee30ba2d4bdbc7f83f1eb6c99c4e78cb319c02061c4bb4b7dd85bd8?s=96&d=mm&r=g","caption":"PantallasAmigas"},"description":"PantallasAmigas es una iniciativa fundada en 2004 cuya misi\u00f3n es promover el uso seguro y saludable de las nuevas tecnolog\u00edas as\u00ed como una ciudadan\u00eda digital responsable en la infancia y la adolescencia.","sameAs":["http:\/\/www.pantallasamigas.net"]}]}},"_links":{"self":[{"href":"https:\/\/www.ciberbullying.com\/cyberbullying\/wp-json\/wp\/v2\/posts\/302","targetHints":{"allow":["GET"]}}],"collection":[{"href":"https:\/\/www.ciberbullying.com\/cyberbullying\/wp-json\/wp\/v2\/posts"}],"about":[{"href":"https:\/\/www.ciberbullying.com\/cyberbullying\/wp-json\/wp\/v2\/types\/post"}],"author":[{"embeddable":true,"href":"https:\/\/www.ciberbullying.com\/cyberbullying\/wp-json\/wp\/v2\/users\/1"}],"replies":[{"embeddable":true,"href":"https:\/\/www.ciberbullying.com\/cyberbullying\/wp-json\/wp\/v2\/comments?post=302"}],"version-history":[{"count":2,"href":"https:\/\/www.ciberbullying.com\/cyberbullying\/wp-json\/wp\/v2\/posts\/302\/revisions"}],"predecessor-version":[{"id":491,"href":"https:\/\/www.ciberbullying.com\/cyberbullying\/wp-json\/wp\/v2\/posts\/302\/revisions\/491"}],"wp:featuredmedia":[{"embeddable":true,"href":"https:\/\/www.ciberbullying.com\/cyberbullying\/wp-json\/wp\/v2\/media\/1710"}],"wp:attachment":[{"href":"https:\/\/www.ciberbullying.com\/cyberbullying\/wp-json\/wp\/v2\/media?parent=302"}],"wp:term":[{"taxonomy":"category","embeddable":true,"href":"https:\/\/www.ciberbullying.com\/cyberbullying\/wp-json\/wp\/v2\/categories?post=302"},{"taxonomy":"post_tag","embeddable":true,"href":"https:\/\/www.ciberbullying.com\/cyberbullying\/wp-json\/wp\/v2\/tags?post=302"}],"curies":[{"name":"wp","href":"https:\/\/api.w.org\/{rel}","templated":true}]}}