{"id":277,"date":"2011-04-28T10:17:32","date_gmt":"2011-04-28T10:17:32","guid":{"rendered":"http:\/\/www.ciberbullying.com\/cyberbullying\/?p=277"},"modified":"2015-07-22T12:50:33","modified_gmt":"2015-07-22T11:50:33","slug":"el-parlamento-de-galicia-inicia-el-tramite-de-una-ley-de-convivencia-escolar-que-abordara-el-ciberbullying","status":"publish","type":"post","link":"https:\/\/www.ciberbullying.com\/cyberbullying\/2011\/04\/28\/el-parlamento-de-galicia-inicia-el-tramite-de-una-ley-de-convivencia-escolar-que-abordara-el-ciberbullying\/","title":{"rendered":"El Parlamento de Galicia inicia el tr\u00e1mite de una ley de convivencia escolar que abordar\u00e1 el ciberbullying"},"content":{"rendered":"<p><img decoding=\"async\" data-src=\"http:\/\/upload.wikimedia.org\/wikipedia\/gl\/thumb\/6\/63\/Parlamento_de_Galicia.jpg\/220px-Parlamento_de_Galicia.jpg\" alt=\"Parlamento de Galicia\" align=\"right\" src=\"data:image\/svg+xml;base64,PHN2ZyB3aWR0aD0iMSIgaGVpZ2h0PSIxIiB4bWxucz0iaHR0cDovL3d3dy53My5vcmcvMjAwMC9zdmciPjwvc3ZnPg==\" class=\"lazyload\" \/>Seg\u00fan el <a href=\"http:\/\/www.parlamentodegalicia.es\/sites\/ParlamentoGalicia\/BibliotecaLexislaConNos\/B80435_1.PDF\">proyecto de ley<\/a> admitido ayer mi\u00e9rcoles 27 a tr\u00e1mite, el <em>ciberbullying<\/em> ser\u00e1 abordado por las autoridades educativas tambi\u00e9n cuando suceda fuera del recinto escolar, siempre y cuando la relaci\u00f3n entre v\u00edctima y abus\u00f3n se haya iniciado en el centro o simplemente tengan que ver con la actividad escolar:<\/p>\n<blockquote><p>Para os efectos desta lei, consid\u00e9rase acoso escolar calquera forma de vexaci\u00f3n ou malos tratos continuados no tempo dun alumno ou dunha alumna por oatro ou outra ou outros, xa sexa de car\u00e1cter verbal, f\u00edsico ou psicol\u00f3xico, inclu\u00eddo o illamento ou baleiro social, con independencia do lugar onde se produza. <strong>Ter\u00e1n a mesma consideraci\u00f3n as condutas realizadas a trav\u00e9s de medios electr\u00f3nicos, telem\u00e1ticos ou tecnol\u00f3xicos que te\u00f1an causa nunha relaci\u00f3n que xurda no \u00e1mbito escolar.<\/strong><\/p>\n<p>(&#8230;)<\/p>\n<p>As condutas realizadas mediante o uso de medios electr\u00f3nicos, telem\u00e1ticos ou tecnol\u00f3xicos <strong>que te\u00f1an conexi\u00f3n coa actividade escolar<\/strong> consid\u00e9ranse inclu\u00eddas no \u00e1mbito de aplicaci\u00f3n desta lei.<\/p><\/blockquote>\n<p>Seg\u00fan se indica en la <em>Exposici\u00f3n de motivos<\/em> del proyecto de ley, el texto pretende prestar especial atenci\u00f3n al acoso escolar mediante TIC aunque en su articulado no se describen acciones espec\u00edficas. Se determina que los centros contar\u00e1n con un protocolo de prevenci\u00f3n y actuaci\u00f3n sobre el bullying pero no se indica si contar\u00e1 con un <a href=\"http:\/\/www.protocolo-ciberbullying.com\">protocolo especial sobre ciberbullying<\/a>.<\/p>\n<p>La ley pretende fijar los derechos y deberes de alumnos, profesores y dem\u00e1s personal escolar al respecto de la convivencia, extendida tambi\u00e9n impl\u00edcitamente al \u00e1mbito de la <em>ciberconvivencia<\/em>.<\/p>\n","protected":false},"excerpt":{"rendered":"<p>Seg\u00fan el proyecto de ley admitido ayer mi\u00e9rcoles 27 a tr\u00e1mite, el ciberbullying ser\u00e1 abordado por las autoridades educativas tambi\u00e9n cuando suceda fuera del recinto escolar, siempre y cuando la relaci\u00f3n entre v\u00edctima y abus\u00f3n se haya iniciado en el centro o simplemente tengan que ver con la actividad escolar: Para os efectos desta lei, [&hellip;]<\/p>\n","protected":false},"author":1,"featured_media":1716,"comment_status":"open","ping_status":"open","sticky":false,"template":"","format":"standard","meta":{"footnotes":""},"categories":[1,229],"tags":[264,8,281,587,233,209,282,68],"class_list":["post-277","post","type-post","status-publish","format-standard","has-post-thumbnail","hentry","category-ciberbullying","category-noticias","tag-acoso-escolar","tag-ciberbullying-2","tag-convivencia-escolar","tag-cyberbullying","tag-galicia","tag-legislacion","tag-normas-escolares","tag-protocolo"],"yoast_head":"<!-- This site is optimized with the Yoast SEO plugin v27.5 - https:\/\/yoast.com\/product\/yoast-seo-wordpress\/ -->\n<title>El Parlamento de Galicia inicia el tr\u00e1mite de una ley de convivencia escolar que abordar\u00e1 el ciberbullying - CIBERBULLYING<\/title>\n<meta name=\"robots\" content=\"index, follow, max-snippet:-1, max-image-preview:large, max-video-preview:-1\" \/>\n<link rel=\"canonical\" href=\"https:\/\/www.ciberbullying.com\/cyberbullying\/2011\/04\/28\/el-parlamento-de-galicia-inicia-el-tramite-de-una-ley-de-convivencia-escolar-que-abordara-el-ciberbullying\/\" \/>\n<meta property=\"og:locale\" content=\"es_ES\" \/>\n<meta property=\"og:type\" content=\"article\" \/>\n<meta property=\"og:title\" content=\"El Parlamento de Galicia inicia el tr\u00e1mite de una ley de convivencia escolar que abordar\u00e1 el ciberbullying - CIBERBULLYING\" \/>\n<meta property=\"og:description\" content=\"Seg\u00fan el proyecto de ley admitido ayer mi\u00e9rcoles 27 a tr\u00e1mite, el ciberbullying ser\u00e1 abordado por las autoridades educativas tambi\u00e9n cuando suceda fuera del recinto escolar, siempre y cuando la relaci\u00f3n entre v\u00edctima y abus\u00f3n se haya iniciado en el centro o simplemente tengan que ver con la actividad escolar: Para os efectos desta lei, [&hellip;]\" \/>\n<meta property=\"og:url\" content=\"https:\/\/www.ciberbullying.com\/cyberbullying\/2011\/04\/28\/el-parlamento-de-galicia-inicia-el-tramite-de-una-ley-de-convivencia-escolar-que-abordara-el-ciberbullying\/\" \/>\n<meta property=\"og:site_name\" content=\"CIBERBULLYING\" \/>\n<meta property=\"article:published_time\" content=\"2011-04-28T10:17:32+00:00\" \/>\n<meta property=\"article:modified_time\" content=\"2015-07-22T11:50:33+00:00\" \/>\n<meta property=\"og:image\" content=\"https:\/\/www.ciberbullying.com\/cyberbullying\/wp-content\/uploads\/220px-Parlamento_de_Galicia.jpg\" \/>\n\t<meta property=\"og:image:width\" content=\"1\" \/>\n\t<meta property=\"og:image:height\" content=\"1\" \/>\n\t<meta property=\"og:image:type\" content=\"image\/jpeg\" \/>\n<meta name=\"author\" content=\"PantallasAmigas\" \/>\n<meta name=\"twitter:card\" content=\"summary_large_image\" \/>\n<meta name=\"twitter:label1\" content=\"Escrito por\" \/>\n\t<meta name=\"twitter:data1\" content=\"PantallasAmigas\" \/>\n\t<meta name=\"twitter:label2\" content=\"Tiempo de lectura\" \/>\n\t<meta name=\"twitter:data2\" content=\"1 minuto\" \/>\n<script type=\"application\/ld+json\" class=\"yoast-schema-graph\">{\"@context\":\"https:\\\/\\\/schema.org\",\"@graph\":[{\"@type\":\"Article\",\"@id\":\"https:\\\/\\\/www.ciberbullying.com\\\/cyberbullying\\\/2011\\\/04\\\/28\\\/el-parlamento-de-galicia-inicia-el-tramite-de-una-ley-de-convivencia-escolar-que-abordara-el-ciberbullying\\\/#article\",\"isPartOf\":{\"@id\":\"https:\\\/\\\/www.ciberbullying.com\\\/cyberbullying\\\/2011\\\/04\\\/28\\\/el-parlamento-de-galicia-inicia-el-tramite-de-una-ley-de-convivencia-escolar-que-abordara-el-ciberbullying\\\/\"},\"author\":{\"name\":\"PantallasAmigas\",\"@id\":\"https:\\\/\\\/www.ciberbullying.com\\\/cyberbullying\\\/#\\\/schema\\\/person\\\/dff89bf66ee732b07375d9552d359416\"},\"headline\":\"El Parlamento de Galicia inicia el tr\u00e1mite de una ley de convivencia escolar que abordar\u00e1 el ciberbullying\",\"datePublished\":\"2011-04-28T10:17:32+00:00\",\"dateModified\":\"2015-07-22T11:50:33+00:00\",\"mainEntityOfPage\":{\"@id\":\"https:\\\/\\\/www.ciberbullying.com\\\/cyberbullying\\\/2011\\\/04\\\/28\\\/el-parlamento-de-galicia-inicia-el-tramite-de-una-ley-de-convivencia-escolar-que-abordara-el-ciberbullying\\\/\"},\"wordCount\":295,\"commentCount\":0,\"image\":{\"@id\":\"https:\\\/\\\/www.ciberbullying.com\\\/cyberbullying\\\/2011\\\/04\\\/28\\\/el-parlamento-de-galicia-inicia-el-tramite-de-una-ley-de-convivencia-escolar-que-abordara-el-ciberbullying\\\/#primaryimage\"},\"thumbnailUrl\":\"https:\\\/\\\/www.ciberbullying.com\\\/cyberbullying\\\/wp-content\\\/uploads\\\/220px-Parlamento_de_Galicia.jpg\",\"keywords\":[\"acoso escolar\",\"ciberbullying\",\"convivencia escolar\",\"cyberbullying\",\"galicia\",\"legislaci\u00f3n\",\"normas escolares\",\"protocolo\"],\"articleSection\":[\"Ciberbullying\",\"Noticias\"],\"inLanguage\":\"es\",\"potentialAction\":[{\"@type\":\"CommentAction\",\"name\":\"Comment\",\"target\":[\"https:\\\/\\\/www.ciberbullying.com\\\/cyberbullying\\\/2011\\\/04\\\/28\\\/el-parlamento-de-galicia-inicia-el-tramite-de-una-ley-de-convivencia-escolar-que-abordara-el-ciberbullying\\\/#respond\"]}]},{\"@type\":\"WebPage\",\"@id\":\"https:\\\/\\\/www.ciberbullying.com\\\/cyberbullying\\\/2011\\\/04\\\/28\\\/el-parlamento-de-galicia-inicia-el-tramite-de-una-ley-de-convivencia-escolar-que-abordara-el-ciberbullying\\\/\",\"url\":\"https:\\\/\\\/www.ciberbullying.com\\\/cyberbullying\\\/2011\\\/04\\\/28\\\/el-parlamento-de-galicia-inicia-el-tramite-de-una-ley-de-convivencia-escolar-que-abordara-el-ciberbullying\\\/\",\"name\":\"El Parlamento de Galicia inicia el tr\u00e1mite de una ley de convivencia escolar que abordar\u00e1 el ciberbullying - CIBERBULLYING\",\"isPartOf\":{\"@id\":\"https:\\\/\\\/www.ciberbullying.com\\\/cyberbullying\\\/#website\"},\"primaryImageOfPage\":{\"@id\":\"https:\\\/\\\/www.ciberbullying.com\\\/cyberbullying\\\/2011\\\/04\\\/28\\\/el-parlamento-de-galicia-inicia-el-tramite-de-una-ley-de-convivencia-escolar-que-abordara-el-ciberbullying\\\/#primaryimage\"},\"image\":{\"@id\":\"https:\\\/\\\/www.ciberbullying.com\\\/cyberbullying\\\/2011\\\/04\\\/28\\\/el-parlamento-de-galicia-inicia-el-tramite-de-una-ley-de-convivencia-escolar-que-abordara-el-ciberbullying\\\/#primaryimage\"},\"thumbnailUrl\":\"https:\\\/\\\/www.ciberbullying.com\\\/cyberbullying\\\/wp-content\\\/uploads\\\/220px-Parlamento_de_Galicia.jpg\",\"datePublished\":\"2011-04-28T10:17:32+00:00\",\"dateModified\":\"2015-07-22T11:50:33+00:00\",\"author\":{\"@id\":\"https:\\\/\\\/www.ciberbullying.com\\\/cyberbullying\\\/#\\\/schema\\\/person\\\/dff89bf66ee732b07375d9552d359416\"},\"breadcrumb\":{\"@id\":\"https:\\\/\\\/www.ciberbullying.com\\\/cyberbullying\\\/2011\\\/04\\\/28\\\/el-parlamento-de-galicia-inicia-el-tramite-de-una-ley-de-convivencia-escolar-que-abordara-el-ciberbullying\\\/#breadcrumb\"},\"inLanguage\":\"es\",\"potentialAction\":[{\"@type\":\"ReadAction\",\"target\":[\"https:\\\/\\\/www.ciberbullying.com\\\/cyberbullying\\\/2011\\\/04\\\/28\\\/el-parlamento-de-galicia-inicia-el-tramite-de-una-ley-de-convivencia-escolar-que-abordara-el-ciberbullying\\\/\"]}]},{\"@type\":\"ImageObject\",\"inLanguage\":\"es\",\"@id\":\"https:\\\/\\\/www.ciberbullying.com\\\/cyberbullying\\\/2011\\\/04\\\/28\\\/el-parlamento-de-galicia-inicia-el-tramite-de-una-ley-de-convivencia-escolar-que-abordara-el-ciberbullying\\\/#primaryimage\",\"url\":\"https:\\\/\\\/www.ciberbullying.com\\\/cyberbullying\\\/wp-content\\\/uploads\\\/220px-Parlamento_de_Galicia.jpg\",\"contentUrl\":\"https:\\\/\\\/www.ciberbullying.com\\\/cyberbullying\\\/wp-content\\\/uploads\\\/220px-Parlamento_de_Galicia.jpg\"},{\"@type\":\"BreadcrumbList\",\"@id\":\"https:\\\/\\\/www.ciberbullying.com\\\/cyberbullying\\\/2011\\\/04\\\/28\\\/el-parlamento-de-galicia-inicia-el-tramite-de-una-ley-de-convivencia-escolar-que-abordara-el-ciberbullying\\\/#breadcrumb\",\"itemListElement\":[{\"@type\":\"ListItem\",\"position\":1,\"name\":\"Portada\",\"item\":\"https:\\\/\\\/www.ciberbullying.com\\\/cyberbullying\\\/\"},{\"@type\":\"ListItem\",\"position\":2,\"name\":\"El Parlamento de Galicia inicia el tr\u00e1mite de una ley de convivencia escolar que abordar\u00e1 el ciberbullying\"}]},{\"@type\":\"WebSite\",\"@id\":\"https:\\\/\\\/www.ciberbullying.com\\\/cyberbullying\\\/#website\",\"url\":\"https:\\\/\\\/www.ciberbullying.com\\\/cyberbullying\\\/\",\"name\":\"CIBERBULLYING\",\"description\":\"Acoso escolar \u2013 Ciberacoso entre iguales\",\"potentialAction\":[{\"@type\":\"SearchAction\",\"target\":{\"@type\":\"EntryPoint\",\"urlTemplate\":\"https:\\\/\\\/www.ciberbullying.com\\\/cyberbullying\\\/?s={search_term_string}\"},\"query-input\":{\"@type\":\"PropertyValueSpecification\",\"valueRequired\":true,\"valueName\":\"search_term_string\"}}],\"inLanguage\":\"es\"},{\"@type\":\"Person\",\"@id\":\"https:\\\/\\\/www.ciberbullying.com\\\/cyberbullying\\\/#\\\/schema\\\/person\\\/dff89bf66ee732b07375d9552d359416\",\"name\":\"PantallasAmigas\",\"image\":{\"@type\":\"ImageObject\",\"inLanguage\":\"es\",\"@id\":\"https:\\\/\\\/secure.gravatar.com\\\/avatar\\\/5eab05966ee30ba2d4bdbc7f83f1eb6c99c4e78cb319c02061c4bb4b7dd85bd8?s=96&d=mm&r=g\",\"url\":\"https:\\\/\\\/secure.gravatar.com\\\/avatar\\\/5eab05966ee30ba2d4bdbc7f83f1eb6c99c4e78cb319c02061c4bb4b7dd85bd8?s=96&d=mm&r=g\",\"contentUrl\":\"https:\\\/\\\/secure.gravatar.com\\\/avatar\\\/5eab05966ee30ba2d4bdbc7f83f1eb6c99c4e78cb319c02061c4bb4b7dd85bd8?s=96&d=mm&r=g\",\"caption\":\"PantallasAmigas\"},\"description\":\"PantallasAmigas es una iniciativa fundada en 2004 cuya misi\u00f3n es promover el uso seguro y saludable de las nuevas tecnolog\u00edas as\u00ed como una ciudadan\u00eda digital responsable en la infancia y la adolescencia.\",\"sameAs\":[\"http:\\\/\\\/www.pantallasamigas.net\"]}]}<\/script>\n<!-- \/ Yoast SEO plugin. -->","yoast_head_json":{"title":"El Parlamento de Galicia inicia el tr\u00e1mite de una ley de convivencia escolar que abordar\u00e1 el ciberbullying - CIBERBULLYING","robots":{"index":"index","follow":"follow","max-snippet":"max-snippet:-1","max-image-preview":"max-image-preview:large","max-video-preview":"max-video-preview:-1"},"canonical":"https:\/\/www.ciberbullying.com\/cyberbullying\/2011\/04\/28\/el-parlamento-de-galicia-inicia-el-tramite-de-una-ley-de-convivencia-escolar-que-abordara-el-ciberbullying\/","og_locale":"es_ES","og_type":"article","og_title":"El Parlamento de Galicia inicia el tr\u00e1mite de una ley de convivencia escolar que abordar\u00e1 el ciberbullying - CIBERBULLYING","og_description":"Seg\u00fan el proyecto de ley admitido ayer mi\u00e9rcoles 27 a tr\u00e1mite, el ciberbullying ser\u00e1 abordado por las autoridades educativas tambi\u00e9n cuando suceda fuera del recinto escolar, siempre y cuando la relaci\u00f3n entre v\u00edctima y abus\u00f3n se haya iniciado en el centro o simplemente tengan que ver con la actividad escolar: Para os efectos desta lei, [&hellip;]","og_url":"https:\/\/www.ciberbullying.com\/cyberbullying\/2011\/04\/28\/el-parlamento-de-galicia-inicia-el-tramite-de-una-ley-de-convivencia-escolar-que-abordara-el-ciberbullying\/","og_site_name":"CIBERBULLYING","article_published_time":"2011-04-28T10:17:32+00:00","article_modified_time":"2015-07-22T11:50:33+00:00","og_image":[{"url":"https:\/\/www.ciberbullying.com\/cyberbullying\/wp-content\/uploads\/220px-Parlamento_de_Galicia.jpg","width":1,"height":1,"type":"image\/jpeg"}],"author":"PantallasAmigas","twitter_card":"summary_large_image","twitter_misc":{"Escrito por":"PantallasAmigas","Tiempo de lectura":"1 minuto"},"schema":{"@context":"https:\/\/schema.org","@graph":[{"@type":"Article","@id":"https:\/\/www.ciberbullying.com\/cyberbullying\/2011\/04\/28\/el-parlamento-de-galicia-inicia-el-tramite-de-una-ley-de-convivencia-escolar-que-abordara-el-ciberbullying\/#article","isPartOf":{"@id":"https:\/\/www.ciberbullying.com\/cyberbullying\/2011\/04\/28\/el-parlamento-de-galicia-inicia-el-tramite-de-una-ley-de-convivencia-escolar-que-abordara-el-ciberbullying\/"},"author":{"name":"PantallasAmigas","@id":"https:\/\/www.ciberbullying.com\/cyberbullying\/#\/schema\/person\/dff89bf66ee732b07375d9552d359416"},"headline":"El Parlamento de Galicia inicia el tr\u00e1mite de una ley de convivencia escolar que abordar\u00e1 el ciberbullying","datePublished":"2011-04-28T10:17:32+00:00","dateModified":"2015-07-22T11:50:33+00:00","mainEntityOfPage":{"@id":"https:\/\/www.ciberbullying.com\/cyberbullying\/2011\/04\/28\/el-parlamento-de-galicia-inicia-el-tramite-de-una-ley-de-convivencia-escolar-que-abordara-el-ciberbullying\/"},"wordCount":295,"commentCount":0,"image":{"@id":"https:\/\/www.ciberbullying.com\/cyberbullying\/2011\/04\/28\/el-parlamento-de-galicia-inicia-el-tramite-de-una-ley-de-convivencia-escolar-que-abordara-el-ciberbullying\/#primaryimage"},"thumbnailUrl":"https:\/\/www.ciberbullying.com\/cyberbullying\/wp-content\/uploads\/220px-Parlamento_de_Galicia.jpg","keywords":["acoso escolar","ciberbullying","convivencia escolar","cyberbullying","galicia","legislaci\u00f3n","normas escolares","protocolo"],"articleSection":["Ciberbullying","Noticias"],"inLanguage":"es","potentialAction":[{"@type":"CommentAction","name":"Comment","target":["https:\/\/www.ciberbullying.com\/cyberbullying\/2011\/04\/28\/el-parlamento-de-galicia-inicia-el-tramite-de-una-ley-de-convivencia-escolar-que-abordara-el-ciberbullying\/#respond"]}]},{"@type":"WebPage","@id":"https:\/\/www.ciberbullying.com\/cyberbullying\/2011\/04\/28\/el-parlamento-de-galicia-inicia-el-tramite-de-una-ley-de-convivencia-escolar-que-abordara-el-ciberbullying\/","url":"https:\/\/www.ciberbullying.com\/cyberbullying\/2011\/04\/28\/el-parlamento-de-galicia-inicia-el-tramite-de-una-ley-de-convivencia-escolar-que-abordara-el-ciberbullying\/","name":"El Parlamento de Galicia inicia el tr\u00e1mite de una ley de convivencia escolar que abordar\u00e1 el ciberbullying - CIBERBULLYING","isPartOf":{"@id":"https:\/\/www.ciberbullying.com\/cyberbullying\/#website"},"primaryImageOfPage":{"@id":"https:\/\/www.ciberbullying.com\/cyberbullying\/2011\/04\/28\/el-parlamento-de-galicia-inicia-el-tramite-de-una-ley-de-convivencia-escolar-que-abordara-el-ciberbullying\/#primaryimage"},"image":{"@id":"https:\/\/www.ciberbullying.com\/cyberbullying\/2011\/04\/28\/el-parlamento-de-galicia-inicia-el-tramite-de-una-ley-de-convivencia-escolar-que-abordara-el-ciberbullying\/#primaryimage"},"thumbnailUrl":"https:\/\/www.ciberbullying.com\/cyberbullying\/wp-content\/uploads\/220px-Parlamento_de_Galicia.jpg","datePublished":"2011-04-28T10:17:32+00:00","dateModified":"2015-07-22T11:50:33+00:00","author":{"@id":"https:\/\/www.ciberbullying.com\/cyberbullying\/#\/schema\/person\/dff89bf66ee732b07375d9552d359416"},"breadcrumb":{"@id":"https:\/\/www.ciberbullying.com\/cyberbullying\/2011\/04\/28\/el-parlamento-de-galicia-inicia-el-tramite-de-una-ley-de-convivencia-escolar-que-abordara-el-ciberbullying\/#breadcrumb"},"inLanguage":"es","potentialAction":[{"@type":"ReadAction","target":["https:\/\/www.ciberbullying.com\/cyberbullying\/2011\/04\/28\/el-parlamento-de-galicia-inicia-el-tramite-de-una-ley-de-convivencia-escolar-que-abordara-el-ciberbullying\/"]}]},{"@type":"ImageObject","inLanguage":"es","@id":"https:\/\/www.ciberbullying.com\/cyberbullying\/2011\/04\/28\/el-parlamento-de-galicia-inicia-el-tramite-de-una-ley-de-convivencia-escolar-que-abordara-el-ciberbullying\/#primaryimage","url":"https:\/\/www.ciberbullying.com\/cyberbullying\/wp-content\/uploads\/220px-Parlamento_de_Galicia.jpg","contentUrl":"https:\/\/www.ciberbullying.com\/cyberbullying\/wp-content\/uploads\/220px-Parlamento_de_Galicia.jpg"},{"@type":"BreadcrumbList","@id":"https:\/\/www.ciberbullying.com\/cyberbullying\/2011\/04\/28\/el-parlamento-de-galicia-inicia-el-tramite-de-una-ley-de-convivencia-escolar-que-abordara-el-ciberbullying\/#breadcrumb","itemListElement":[{"@type":"ListItem","position":1,"name":"Portada","item":"https:\/\/www.ciberbullying.com\/cyberbullying\/"},{"@type":"ListItem","position":2,"name":"El Parlamento de Galicia inicia el tr\u00e1mite de una ley de convivencia escolar que abordar\u00e1 el ciberbullying"}]},{"@type":"WebSite","@id":"https:\/\/www.ciberbullying.com\/cyberbullying\/#website","url":"https:\/\/www.ciberbullying.com\/cyberbullying\/","name":"CIBERBULLYING","description":"Acoso escolar \u2013 Ciberacoso entre iguales","potentialAction":[{"@type":"SearchAction","target":{"@type":"EntryPoint","urlTemplate":"https:\/\/www.ciberbullying.com\/cyberbullying\/?s={search_term_string}"},"query-input":{"@type":"PropertyValueSpecification","valueRequired":true,"valueName":"search_term_string"}}],"inLanguage":"es"},{"@type":"Person","@id":"https:\/\/www.ciberbullying.com\/cyberbullying\/#\/schema\/person\/dff89bf66ee732b07375d9552d359416","name":"PantallasAmigas","image":{"@type":"ImageObject","inLanguage":"es","@id":"https:\/\/secure.gravatar.com\/avatar\/5eab05966ee30ba2d4bdbc7f83f1eb6c99c4e78cb319c02061c4bb4b7dd85bd8?s=96&d=mm&r=g","url":"https:\/\/secure.gravatar.com\/avatar\/5eab05966ee30ba2d4bdbc7f83f1eb6c99c4e78cb319c02061c4bb4b7dd85bd8?s=96&d=mm&r=g","contentUrl":"https:\/\/secure.gravatar.com\/avatar\/5eab05966ee30ba2d4bdbc7f83f1eb6c99c4e78cb319c02061c4bb4b7dd85bd8?s=96&d=mm&r=g","caption":"PantallasAmigas"},"description":"PantallasAmigas es una iniciativa fundada en 2004 cuya misi\u00f3n es promover el uso seguro y saludable de las nuevas tecnolog\u00edas as\u00ed como una ciudadan\u00eda digital responsable en la infancia y la adolescencia.","sameAs":["http:\/\/www.pantallasamigas.net"]}]}},"_links":{"self":[{"href":"https:\/\/www.ciberbullying.com\/cyberbullying\/wp-json\/wp\/v2\/posts\/277","targetHints":{"allow":["GET"]}}],"collection":[{"href":"https:\/\/www.ciberbullying.com\/cyberbullying\/wp-json\/wp\/v2\/posts"}],"about":[{"href":"https:\/\/www.ciberbullying.com\/cyberbullying\/wp-json\/wp\/v2\/types\/post"}],"author":[{"embeddable":true,"href":"https:\/\/www.ciberbullying.com\/cyberbullying\/wp-json\/wp\/v2\/users\/1"}],"replies":[{"embeddable":true,"href":"https:\/\/www.ciberbullying.com\/cyberbullying\/wp-json\/wp\/v2\/comments?post=277"}],"version-history":[{"count":5,"href":"https:\/\/www.ciberbullying.com\/cyberbullying\/wp-json\/wp\/v2\/posts\/277\/revisions"}],"predecessor-version":[{"id":484,"href":"https:\/\/www.ciberbullying.com\/cyberbullying\/wp-json\/wp\/v2\/posts\/277\/revisions\/484"}],"wp:featuredmedia":[{"embeddable":true,"href":"https:\/\/www.ciberbullying.com\/cyberbullying\/wp-json\/wp\/v2\/media\/1716"}],"wp:attachment":[{"href":"https:\/\/www.ciberbullying.com\/cyberbullying\/wp-json\/wp\/v2\/media?parent=277"}],"wp:term":[{"taxonomy":"category","embeddable":true,"href":"https:\/\/www.ciberbullying.com\/cyberbullying\/wp-json\/wp\/v2\/categories?post=277"},{"taxonomy":"post_tag","embeddable":true,"href":"https:\/\/www.ciberbullying.com\/cyberbullying\/wp-json\/wp\/v2\/tags?post=277"}],"curies":[{"name":"wp","href":"https:\/\/api.w.org\/{rel}","templated":true}]}}