{"id":202,"date":"2011-04-06T07:00:08","date_gmt":"2011-04-06T07:00:08","guid":{"rendered":"http:\/\/www.ciberbullying.com\/cyberbullying\/?p=202"},"modified":"2015-07-22T12:50:33","modified_gmt":"2015-07-22T11:50:33","slug":"facebook-introduce-cambios-en-su-politica-contra-el-ciberbullying","status":"publish","type":"post","link":"https:\/\/www.ciberbullying.com\/cyberbullying\/2011\/04\/06\/facebook-introduce-cambios-en-su-politica-contra-el-ciberbullying\/","title":{"rendered":"Facebook introduce cambios en su pol\u00edtica contra el ciberbullying"},"content":{"rendered":"<p>Facebook anunci\u00f3 el pasado 10 de marzo que introducir\u00e1 cambios en su sistema de denuncia para sucesos de ciberbullying <strong>permitiendo el env\u00edo de un aviso directamente de v\u00edctima a ciberabus\u00f3n<\/strong>. Hasta ahora las denuncias de acoso o infracci\u00f3n de las normas de uso eran canalizadas a trav\u00e9s de los gestores de la comunidad virtual, pero ahora cada usuario podr\u00e1 enviar un aviso al infactor o infractora. En cierta manera, Facebook se quita el muerto de encima (con una previsible reducci\u00f3n del tiempo que deben dedicar sus trabajadores a la gesti\u00f3n y moderaci\u00f3n de la comunidad), promoviendo que la v\u00edctima haga frente directamente al agresor. Al parecer, continuar\u00e1 a existir la posibilidad de notificar a Facebook a\u00f1adiendo ahora la opci\u00f3n de incluir a un tercero <em>autorizado<\/em> (padre, madre, profesor&#8230;) como testigo del incidente.<\/p>\n<p><img decoding=\"async\" data-src=\"http:\/\/www.ciberbullying.com\/cyberbullying\/wp-content\/uploads\/2011\/04\/ilustracion-ley-aplica-menor-cyber-bullying-COPYRIGHT-edex-crc-pantallasamigas-URL.jpg\" alt=\"(ilustraci\u00f3n ciberbullying)\" align=\"left\" style=\"padding-right:4px;\" title=\"ilustraci\u00f3n copyright EDEX CRC (PantallasAmigas)\" src=\"data:image\/svg+xml;base64,PHN2ZyB3aWR0aD0iMSIgaGVpZ2h0PSIxIiB4bWxucz0iaHR0cDovL3d3dy53My5vcmcvMjAwMC9zdmciPjwvc3ZnPg==\" class=\"lazyload\" \/>El anuncio fue realizado en una <strong>conferencia sobre lucha contra el bullying que tuvo lugar en la Casa Blanca<\/strong> y que cont\u00f3 con la presencia del presidente Barack Obama. <\/p>\n<p>Pese a que muchos expertos consideran que la exigencia de usar nombres reales expone a los usuarios a diversas formas de ciberacoso as\u00ed como a otros peligros, los responsable de Facebook aseguran que de esta manera obligan a que la gente <em>\u00abresponda por sus actos\u00bb<\/em>.<\/p>\n<p>Por el momento las <strong>posibilidades de denuncia en Facebook se limitan a las fotos o a las contenidos de los muros.<\/strong> Seg\u00fan anunciaron sus responsables se ampliar\u00e1 a perfiles, p\u00e1ginas, grupos y eventos, que incomprensiblemente, a\u00fan no eran <em>denunciables<\/em>.<\/p>\n<p>Otras medidas anunciadas incluyen la difusi\u00f3n de <strong>v\u00eddeos para la prevenci\u00f3n y otros contenidos descargables<\/strong> realizados por especialistas reconocidos en seguridad en Internet.<\/p>\n<p>Fuente: <a href=\"http:\/\/idgnow.uol.com.br\/internet\/2011\/03\/10\/facebook-cria-ferramentas-de-combate-ao-ciberbullying\/\">IDG now<\/a><\/p>\n","protected":false},"excerpt":{"rendered":"<p>Facebook anunci\u00f3 el pasado 1 de marzo que introducir\u00e1 cambios en su sistema de denuncia para sucesos de ciberbullying permitiendo el env\u00edo de un aviso directamente de v\u00edctima a ciberabus\u00f3n. <\/p>\n","protected":false},"author":1,"featured_media":1714,"comment_status":"open","ping_status":"open","sticky":false,"template":"","format":"standard","meta":{"footnotes":""},"categories":[1,229],"tags":[22,8,587,270,74,156,13,271,58,48,141],"class_list":["post-202","post","type-post","status-publish","format-standard","has-post-thumbnail","hentry","category-ciberbullying","category-noticias","tag-adolescentes","tag-ciberbullying-2","tag-cyberbullying","tag-denuncias-online","tag-eeuu","tag-facebook","tag-menores","tag-pt","tag-redes-sociales","tag-riesgos","tag-seguridad"],"yoast_head":"<!-- This site is optimized with the Yoast SEO plugin v27.5 - https:\/\/yoast.com\/product\/yoast-seo-wordpress\/ -->\n<title>Facebook introduce cambios en su pol\u00edtica contra el ciberbullying - CIBERBULLYING<\/title>\n<meta name=\"robots\" content=\"index, follow, max-snippet:-1, max-image-preview:large, max-video-preview:-1\" \/>\n<link rel=\"canonical\" href=\"https:\/\/www.ciberbullying.com\/cyberbullying\/2011\/04\/06\/facebook-introduce-cambios-en-su-politica-contra-el-ciberbullying\/\" \/>\n<meta property=\"og:locale\" content=\"es_ES\" \/>\n<meta property=\"og:type\" content=\"article\" \/>\n<meta property=\"og:title\" content=\"Facebook introduce cambios en su pol\u00edtica contra el ciberbullying - CIBERBULLYING\" \/>\n<meta property=\"og:description\" content=\"Facebook anunci\u00f3 el pasado 1 de marzo que introducir\u00e1 cambios en su sistema de denuncia para sucesos de ciberbullying permitiendo el env\u00edo de un aviso directamente de v\u00edctima a ciberabus\u00f3n.\" \/>\n<meta property=\"og:url\" content=\"https:\/\/www.ciberbullying.com\/cyberbullying\/2011\/04\/06\/facebook-introduce-cambios-en-su-politica-contra-el-ciberbullying\/\" \/>\n<meta property=\"og:site_name\" content=\"CIBERBULLYING\" \/>\n<meta property=\"article:published_time\" content=\"2011-04-06T07:00:08+00:00\" \/>\n<meta property=\"article:modified_time\" content=\"2015-07-22T11:50:33+00:00\" \/>\n<meta property=\"og:image\" content=\"https:\/\/www.ciberbullying.com\/cyberbullying\/wp-content\/uploads\/ilustracion-ley-aplica-menor-cyber-bullying-COPYRIGHT-edex-crc-pantallasamigas-URL.jpg\" \/>\n\t<meta property=\"og:image:width\" content=\"1\" \/>\n\t<meta property=\"og:image:height\" content=\"1\" \/>\n\t<meta property=\"og:image:type\" content=\"image\/jpeg\" \/>\n<meta name=\"author\" content=\"PantallasAmigas\" \/>\n<meta name=\"twitter:card\" content=\"summary_large_image\" \/>\n<meta name=\"twitter:label1\" content=\"Escrito por\" \/>\n\t<meta name=\"twitter:data1\" content=\"PantallasAmigas\" \/>\n\t<meta name=\"twitter:label2\" content=\"Tiempo de lectura\" \/>\n\t<meta name=\"twitter:data2\" content=\"1 minuto\" \/>\n<script type=\"application\/ld+json\" class=\"yoast-schema-graph\">{\"@context\":\"https:\\\/\\\/schema.org\",\"@graph\":[{\"@type\":\"Article\",\"@id\":\"https:\\\/\\\/www.ciberbullying.com\\\/cyberbullying\\\/2011\\\/04\\\/06\\\/facebook-introduce-cambios-en-su-politica-contra-el-ciberbullying\\\/#article\",\"isPartOf\":{\"@id\":\"https:\\\/\\\/www.ciberbullying.com\\\/cyberbullying\\\/2011\\\/04\\\/06\\\/facebook-introduce-cambios-en-su-politica-contra-el-ciberbullying\\\/\"},\"author\":{\"name\":\"PantallasAmigas\",\"@id\":\"https:\\\/\\\/www.ciberbullying.com\\\/cyberbullying\\\/#\\\/schema\\\/person\\\/dff89bf66ee732b07375d9552d359416\"},\"headline\":\"Facebook introduce cambios en su pol\u00edtica contra el ciberbullying\",\"datePublished\":\"2011-04-06T07:00:08+00:00\",\"dateModified\":\"2015-07-22T11:50:33+00:00\",\"mainEntityOfPage\":{\"@id\":\"https:\\\/\\\/www.ciberbullying.com\\\/cyberbullying\\\/2011\\\/04\\\/06\\\/facebook-introduce-cambios-en-su-politica-contra-el-ciberbullying\\\/\"},\"wordCount\":297,\"commentCount\":1,\"image\":{\"@id\":\"https:\\\/\\\/www.ciberbullying.com\\\/cyberbullying\\\/2011\\\/04\\\/06\\\/facebook-introduce-cambios-en-su-politica-contra-el-ciberbullying\\\/#primaryimage\"},\"thumbnailUrl\":\"https:\\\/\\\/www.ciberbullying.com\\\/cyberbullying\\\/wp-content\\\/uploads\\\/ilustracion-ley-aplica-menor-cyber-bullying-COPYRIGHT-edex-crc-pantallasamigas-URL.jpg\",\"keywords\":[\"adolescentes\",\"ciberbullying\",\"cyberbullying\",\"denuncias online\",\"eeuu\",\"facebook\",\"menores\",\"pt\",\"redes sociales\",\"riesgos\",\"seguridad\"],\"articleSection\":[\"Ciberbullying\",\"Noticias\"],\"inLanguage\":\"es\",\"potentialAction\":[{\"@type\":\"CommentAction\",\"name\":\"Comment\",\"target\":[\"https:\\\/\\\/www.ciberbullying.com\\\/cyberbullying\\\/2011\\\/04\\\/06\\\/facebook-introduce-cambios-en-su-politica-contra-el-ciberbullying\\\/#respond\"]}]},{\"@type\":\"WebPage\",\"@id\":\"https:\\\/\\\/www.ciberbullying.com\\\/cyberbullying\\\/2011\\\/04\\\/06\\\/facebook-introduce-cambios-en-su-politica-contra-el-ciberbullying\\\/\",\"url\":\"https:\\\/\\\/www.ciberbullying.com\\\/cyberbullying\\\/2011\\\/04\\\/06\\\/facebook-introduce-cambios-en-su-politica-contra-el-ciberbullying\\\/\",\"name\":\"Facebook introduce cambios en su pol\u00edtica contra el ciberbullying - CIBERBULLYING\",\"isPartOf\":{\"@id\":\"https:\\\/\\\/www.ciberbullying.com\\\/cyberbullying\\\/#website\"},\"primaryImageOfPage\":{\"@id\":\"https:\\\/\\\/www.ciberbullying.com\\\/cyberbullying\\\/2011\\\/04\\\/06\\\/facebook-introduce-cambios-en-su-politica-contra-el-ciberbullying\\\/#primaryimage\"},\"image\":{\"@id\":\"https:\\\/\\\/www.ciberbullying.com\\\/cyberbullying\\\/2011\\\/04\\\/06\\\/facebook-introduce-cambios-en-su-politica-contra-el-ciberbullying\\\/#primaryimage\"},\"thumbnailUrl\":\"https:\\\/\\\/www.ciberbullying.com\\\/cyberbullying\\\/wp-content\\\/uploads\\\/ilustracion-ley-aplica-menor-cyber-bullying-COPYRIGHT-edex-crc-pantallasamigas-URL.jpg\",\"datePublished\":\"2011-04-06T07:00:08+00:00\",\"dateModified\":\"2015-07-22T11:50:33+00:00\",\"author\":{\"@id\":\"https:\\\/\\\/www.ciberbullying.com\\\/cyberbullying\\\/#\\\/schema\\\/person\\\/dff89bf66ee732b07375d9552d359416\"},\"breadcrumb\":{\"@id\":\"https:\\\/\\\/www.ciberbullying.com\\\/cyberbullying\\\/2011\\\/04\\\/06\\\/facebook-introduce-cambios-en-su-politica-contra-el-ciberbullying\\\/#breadcrumb\"},\"inLanguage\":\"es\",\"potentialAction\":[{\"@type\":\"ReadAction\",\"target\":[\"https:\\\/\\\/www.ciberbullying.com\\\/cyberbullying\\\/2011\\\/04\\\/06\\\/facebook-introduce-cambios-en-su-politica-contra-el-ciberbullying\\\/\"]}]},{\"@type\":\"ImageObject\",\"inLanguage\":\"es\",\"@id\":\"https:\\\/\\\/www.ciberbullying.com\\\/cyberbullying\\\/2011\\\/04\\\/06\\\/facebook-introduce-cambios-en-su-politica-contra-el-ciberbullying\\\/#primaryimage\",\"url\":\"https:\\\/\\\/www.ciberbullying.com\\\/cyberbullying\\\/wp-content\\\/uploads\\\/ilustracion-ley-aplica-menor-cyber-bullying-COPYRIGHT-edex-crc-pantallasamigas-URL.jpg\",\"contentUrl\":\"https:\\\/\\\/www.ciberbullying.com\\\/cyberbullying\\\/wp-content\\\/uploads\\\/ilustracion-ley-aplica-menor-cyber-bullying-COPYRIGHT-edex-crc-pantallasamigas-URL.jpg\"},{\"@type\":\"BreadcrumbList\",\"@id\":\"https:\\\/\\\/www.ciberbullying.com\\\/cyberbullying\\\/2011\\\/04\\\/06\\\/facebook-introduce-cambios-en-su-politica-contra-el-ciberbullying\\\/#breadcrumb\",\"itemListElement\":[{\"@type\":\"ListItem\",\"position\":1,\"name\":\"Portada\",\"item\":\"https:\\\/\\\/www.ciberbullying.com\\\/cyberbullying\\\/\"},{\"@type\":\"ListItem\",\"position\":2,\"name\":\"Facebook introduce cambios en su pol\u00edtica contra el ciberbullying\"}]},{\"@type\":\"WebSite\",\"@id\":\"https:\\\/\\\/www.ciberbullying.com\\\/cyberbullying\\\/#website\",\"url\":\"https:\\\/\\\/www.ciberbullying.com\\\/cyberbullying\\\/\",\"name\":\"CIBERBULLYING\",\"description\":\"Acoso escolar \u2013 Ciberacoso entre iguales\",\"potentialAction\":[{\"@type\":\"SearchAction\",\"target\":{\"@type\":\"EntryPoint\",\"urlTemplate\":\"https:\\\/\\\/www.ciberbullying.com\\\/cyberbullying\\\/?s={search_term_string}\"},\"query-input\":{\"@type\":\"PropertyValueSpecification\",\"valueRequired\":true,\"valueName\":\"search_term_string\"}}],\"inLanguage\":\"es\"},{\"@type\":\"Person\",\"@id\":\"https:\\\/\\\/www.ciberbullying.com\\\/cyberbullying\\\/#\\\/schema\\\/person\\\/dff89bf66ee732b07375d9552d359416\",\"name\":\"PantallasAmigas\",\"image\":{\"@type\":\"ImageObject\",\"inLanguage\":\"es\",\"@id\":\"https:\\\/\\\/secure.gravatar.com\\\/avatar\\\/5eab05966ee30ba2d4bdbc7f83f1eb6c99c4e78cb319c02061c4bb4b7dd85bd8?s=96&d=mm&r=g\",\"url\":\"https:\\\/\\\/secure.gravatar.com\\\/avatar\\\/5eab05966ee30ba2d4bdbc7f83f1eb6c99c4e78cb319c02061c4bb4b7dd85bd8?s=96&d=mm&r=g\",\"contentUrl\":\"https:\\\/\\\/secure.gravatar.com\\\/avatar\\\/5eab05966ee30ba2d4bdbc7f83f1eb6c99c4e78cb319c02061c4bb4b7dd85bd8?s=96&d=mm&r=g\",\"caption\":\"PantallasAmigas\"},\"description\":\"PantallasAmigas es una iniciativa fundada en 2004 cuya misi\u00f3n es promover el uso seguro y saludable de las nuevas tecnolog\u00edas as\u00ed como una ciudadan\u00eda digital responsable en la infancia y la adolescencia.\",\"sameAs\":[\"http:\\\/\\\/www.pantallasamigas.net\"]}]}<\/script>\n<!-- \/ Yoast SEO plugin. -->","yoast_head_json":{"title":"Facebook introduce cambios en su pol\u00edtica contra el ciberbullying - CIBERBULLYING","robots":{"index":"index","follow":"follow","max-snippet":"max-snippet:-1","max-image-preview":"max-image-preview:large","max-video-preview":"max-video-preview:-1"},"canonical":"https:\/\/www.ciberbullying.com\/cyberbullying\/2011\/04\/06\/facebook-introduce-cambios-en-su-politica-contra-el-ciberbullying\/","og_locale":"es_ES","og_type":"article","og_title":"Facebook introduce cambios en su pol\u00edtica contra el ciberbullying - CIBERBULLYING","og_description":"Facebook anunci\u00f3 el pasado 1 de marzo que introducir\u00e1 cambios en su sistema de denuncia para sucesos de ciberbullying permitiendo el env\u00edo de un aviso directamente de v\u00edctima a ciberabus\u00f3n.","og_url":"https:\/\/www.ciberbullying.com\/cyberbullying\/2011\/04\/06\/facebook-introduce-cambios-en-su-politica-contra-el-ciberbullying\/","og_site_name":"CIBERBULLYING","article_published_time":"2011-04-06T07:00:08+00:00","article_modified_time":"2015-07-22T11:50:33+00:00","og_image":[{"url":"https:\/\/www.ciberbullying.com\/cyberbullying\/wp-content\/uploads\/ilustracion-ley-aplica-menor-cyber-bullying-COPYRIGHT-edex-crc-pantallasamigas-URL.jpg","width":1,"height":1,"type":"image\/jpeg"}],"author":"PantallasAmigas","twitter_card":"summary_large_image","twitter_misc":{"Escrito por":"PantallasAmigas","Tiempo de lectura":"1 minuto"},"schema":{"@context":"https:\/\/schema.org","@graph":[{"@type":"Article","@id":"https:\/\/www.ciberbullying.com\/cyberbullying\/2011\/04\/06\/facebook-introduce-cambios-en-su-politica-contra-el-ciberbullying\/#article","isPartOf":{"@id":"https:\/\/www.ciberbullying.com\/cyberbullying\/2011\/04\/06\/facebook-introduce-cambios-en-su-politica-contra-el-ciberbullying\/"},"author":{"name":"PantallasAmigas","@id":"https:\/\/www.ciberbullying.com\/cyberbullying\/#\/schema\/person\/dff89bf66ee732b07375d9552d359416"},"headline":"Facebook introduce cambios en su pol\u00edtica contra el ciberbullying","datePublished":"2011-04-06T07:00:08+00:00","dateModified":"2015-07-22T11:50:33+00:00","mainEntityOfPage":{"@id":"https:\/\/www.ciberbullying.com\/cyberbullying\/2011\/04\/06\/facebook-introduce-cambios-en-su-politica-contra-el-ciberbullying\/"},"wordCount":297,"commentCount":1,"image":{"@id":"https:\/\/www.ciberbullying.com\/cyberbullying\/2011\/04\/06\/facebook-introduce-cambios-en-su-politica-contra-el-ciberbullying\/#primaryimage"},"thumbnailUrl":"https:\/\/www.ciberbullying.com\/cyberbullying\/wp-content\/uploads\/ilustracion-ley-aplica-menor-cyber-bullying-COPYRIGHT-edex-crc-pantallasamigas-URL.jpg","keywords":["adolescentes","ciberbullying","cyberbullying","denuncias online","eeuu","facebook","menores","pt","redes sociales","riesgos","seguridad"],"articleSection":["Ciberbullying","Noticias"],"inLanguage":"es","potentialAction":[{"@type":"CommentAction","name":"Comment","target":["https:\/\/www.ciberbullying.com\/cyberbullying\/2011\/04\/06\/facebook-introduce-cambios-en-su-politica-contra-el-ciberbullying\/#respond"]}]},{"@type":"WebPage","@id":"https:\/\/www.ciberbullying.com\/cyberbullying\/2011\/04\/06\/facebook-introduce-cambios-en-su-politica-contra-el-ciberbullying\/","url":"https:\/\/www.ciberbullying.com\/cyberbullying\/2011\/04\/06\/facebook-introduce-cambios-en-su-politica-contra-el-ciberbullying\/","name":"Facebook introduce cambios en su pol\u00edtica contra el ciberbullying - CIBERBULLYING","isPartOf":{"@id":"https:\/\/www.ciberbullying.com\/cyberbullying\/#website"},"primaryImageOfPage":{"@id":"https:\/\/www.ciberbullying.com\/cyberbullying\/2011\/04\/06\/facebook-introduce-cambios-en-su-politica-contra-el-ciberbullying\/#primaryimage"},"image":{"@id":"https:\/\/www.ciberbullying.com\/cyberbullying\/2011\/04\/06\/facebook-introduce-cambios-en-su-politica-contra-el-ciberbullying\/#primaryimage"},"thumbnailUrl":"https:\/\/www.ciberbullying.com\/cyberbullying\/wp-content\/uploads\/ilustracion-ley-aplica-menor-cyber-bullying-COPYRIGHT-edex-crc-pantallasamigas-URL.jpg","datePublished":"2011-04-06T07:00:08+00:00","dateModified":"2015-07-22T11:50:33+00:00","author":{"@id":"https:\/\/www.ciberbullying.com\/cyberbullying\/#\/schema\/person\/dff89bf66ee732b07375d9552d359416"},"breadcrumb":{"@id":"https:\/\/www.ciberbullying.com\/cyberbullying\/2011\/04\/06\/facebook-introduce-cambios-en-su-politica-contra-el-ciberbullying\/#breadcrumb"},"inLanguage":"es","potentialAction":[{"@type":"ReadAction","target":["https:\/\/www.ciberbullying.com\/cyberbullying\/2011\/04\/06\/facebook-introduce-cambios-en-su-politica-contra-el-ciberbullying\/"]}]},{"@type":"ImageObject","inLanguage":"es","@id":"https:\/\/www.ciberbullying.com\/cyberbullying\/2011\/04\/06\/facebook-introduce-cambios-en-su-politica-contra-el-ciberbullying\/#primaryimage","url":"https:\/\/www.ciberbullying.com\/cyberbullying\/wp-content\/uploads\/ilustracion-ley-aplica-menor-cyber-bullying-COPYRIGHT-edex-crc-pantallasamigas-URL.jpg","contentUrl":"https:\/\/www.ciberbullying.com\/cyberbullying\/wp-content\/uploads\/ilustracion-ley-aplica-menor-cyber-bullying-COPYRIGHT-edex-crc-pantallasamigas-URL.jpg"},{"@type":"BreadcrumbList","@id":"https:\/\/www.ciberbullying.com\/cyberbullying\/2011\/04\/06\/facebook-introduce-cambios-en-su-politica-contra-el-ciberbullying\/#breadcrumb","itemListElement":[{"@type":"ListItem","position":1,"name":"Portada","item":"https:\/\/www.ciberbullying.com\/cyberbullying\/"},{"@type":"ListItem","position":2,"name":"Facebook introduce cambios en su pol\u00edtica contra el ciberbullying"}]},{"@type":"WebSite","@id":"https:\/\/www.ciberbullying.com\/cyberbullying\/#website","url":"https:\/\/www.ciberbullying.com\/cyberbullying\/","name":"CIBERBULLYING","description":"Acoso escolar \u2013 Ciberacoso entre iguales","potentialAction":[{"@type":"SearchAction","target":{"@type":"EntryPoint","urlTemplate":"https:\/\/www.ciberbullying.com\/cyberbullying\/?s={search_term_string}"},"query-input":{"@type":"PropertyValueSpecification","valueRequired":true,"valueName":"search_term_string"}}],"inLanguage":"es"},{"@type":"Person","@id":"https:\/\/www.ciberbullying.com\/cyberbullying\/#\/schema\/person\/dff89bf66ee732b07375d9552d359416","name":"PantallasAmigas","image":{"@type":"ImageObject","inLanguage":"es","@id":"https:\/\/secure.gravatar.com\/avatar\/5eab05966ee30ba2d4bdbc7f83f1eb6c99c4e78cb319c02061c4bb4b7dd85bd8?s=96&d=mm&r=g","url":"https:\/\/secure.gravatar.com\/avatar\/5eab05966ee30ba2d4bdbc7f83f1eb6c99c4e78cb319c02061c4bb4b7dd85bd8?s=96&d=mm&r=g","contentUrl":"https:\/\/secure.gravatar.com\/avatar\/5eab05966ee30ba2d4bdbc7f83f1eb6c99c4e78cb319c02061c4bb4b7dd85bd8?s=96&d=mm&r=g","caption":"PantallasAmigas"},"description":"PantallasAmigas es una iniciativa fundada en 2004 cuya misi\u00f3n es promover el uso seguro y saludable de las nuevas tecnolog\u00edas as\u00ed como una ciudadan\u00eda digital responsable en la infancia y la adolescencia.","sameAs":["http:\/\/www.pantallasamigas.net"]}]}},"_links":{"self":[{"href":"https:\/\/www.ciberbullying.com\/cyberbullying\/wp-json\/wp\/v2\/posts\/202","targetHints":{"allow":["GET"]}}],"collection":[{"href":"https:\/\/www.ciberbullying.com\/cyberbullying\/wp-json\/wp\/v2\/posts"}],"about":[{"href":"https:\/\/www.ciberbullying.com\/cyberbullying\/wp-json\/wp\/v2\/types\/post"}],"author":[{"embeddable":true,"href":"https:\/\/www.ciberbullying.com\/cyberbullying\/wp-json\/wp\/v2\/users\/1"}],"replies":[{"embeddable":true,"href":"https:\/\/www.ciberbullying.com\/cyberbullying\/wp-json\/wp\/v2\/comments?post=202"}],"version-history":[{"count":5,"href":"https:\/\/www.ciberbullying.com\/cyberbullying\/wp-json\/wp\/v2\/posts\/202\/revisions"}],"predecessor-version":[{"id":486,"href":"https:\/\/www.ciberbullying.com\/cyberbullying\/wp-json\/wp\/v2\/posts\/202\/revisions\/486"}],"wp:featuredmedia":[{"embeddable":true,"href":"https:\/\/www.ciberbullying.com\/cyberbullying\/wp-json\/wp\/v2\/media\/1714"}],"wp:attachment":[{"href":"https:\/\/www.ciberbullying.com\/cyberbullying\/wp-json\/wp\/v2\/media?parent=202"}],"wp:term":[{"taxonomy":"category","embeddable":true,"href":"https:\/\/www.ciberbullying.com\/cyberbullying\/wp-json\/wp\/v2\/categories?post=202"},{"taxonomy":"post_tag","embeddable":true,"href":"https:\/\/www.ciberbullying.com\/cyberbullying\/wp-json\/wp\/v2\/tags?post=202"}],"curies":[{"name":"wp","href":"https:\/\/api.w.org\/{rel}","templated":true}]}}