{"id":1340,"date":"2019-03-19T14:00:19","date_gmt":"2019-03-19T13:00:19","guid":{"rendered":"https:\/\/www.ciberbullying.com\/cyberbullying\/?p=1340"},"modified":"2019-03-20T14:28:36","modified_gmt":"2019-03-20T13:28:36","slug":"puede-proyecto-cibermanagers-reducir-acoso-escolar","status":"publish","type":"post","link":"https:\/\/www.ciberbullying.com\/cyberbullying\/2019\/03\/19\/puede-proyecto-cibermanagers-reducir-acoso-escolar\/","title":{"rendered":"\u00bfPuede un proyecto como \u2018Cibermanagers\u2019 reducir el acoso escolar?"},"content":{"rendered":"<h2>El plan fomenta la ciudadan\u00eda, convivencia, educaci\u00f3n y el bienestar digital en aulas, familia y comunidad<\/h2>\n<p><a href=\"https:\/\/www.ciberbullying.com\/cyberbullying\/wp-content\/uploads\/2019\/03\/cibermanagers-educacio\u0301n-entre-iguales.jpg\"><img fetchpriority=\"high\" decoding=\"async\" class=\"aligncenter size-large wp-image-1372\" src=\"https:\/\/www.ciberbullying.com\/cyberbullying\/wp-content\/uploads\/2019\/03\/cibermanagers-educacio\u0301n-entre-iguales-1024x683.jpg\" alt=\"Educaci\u00f3n-entre-iguales-cibermanagers-reducir-acoso-escolar\" width=\"720\" height=\"480\" srcset=\"https:\/\/www.ciberbullying.com\/cyberbullying\/wp-content\/uploads\/2019\/03\/cibermanagers-educacio\u0301n-entre-iguales-1024x683.jpg 1024w, https:\/\/www.ciberbullying.com\/cyberbullying\/wp-content\/uploads\/2019\/03\/cibermanagers-educacio\u0301n-entre-iguales-300x200.jpg 300w, https:\/\/www.ciberbullying.com\/cyberbullying\/wp-content\/uploads\/2019\/03\/cibermanagers-educacio\u0301n-entre-iguales-768x512.jpg 768w\" sizes=\"(max-width: 720px) 100vw, 720px\" \/><\/a><\/p>\n<p style=\"text-align: justify;\">El<a href=\"https:\/\/www.pantallasamigas.net\/cibermanagers-proyecto-ciberconvivencia-ciudadania-digital\/\" target=\"_blank\" rel=\"noopener noreferrer\"> proyecto \u2018Cibermanagers\u2019<\/a> nace como respuesta a la necesidad incipiente de una <strong>educaci\u00f3n digital asentada en las aulas<\/strong>. Debido a la brecha generacional que existe en el campo de las nuevas tecnolog\u00edas, donde los m\u00e1s <strong>j\u00f3venes gozan de una destreza<\/strong> casi innata, la teor\u00eda impartida por adultos que acaban de aprender a manejar un <em>smartphone<\/em> no parece calar del todo en el alumnado.<\/p>\n<p style=\"text-align: justify;\">A pesar de haber nacido entre pantallas, el p\u00fablico estudiantil conocido hoy como <strong>la \u00abgeneraci\u00f3n Z\u00bb sabe mucho del \u2018c\u00f3mo\u2019 y m\u00e1s bien poco del \u2018por qu\u00e9\u2019<\/strong>. Navegan por la Red como pez en el agua, pero desconocen los <strong>peligros y consecuencias<\/strong> que rodean a cada experiencia en l\u00ednea.<\/p>\n<p><!--more--><\/p>\n<blockquote><p>La \u00abgeneraci\u00f3n Z\u00bb sabe mucho del \u2018c\u00f3mo\u2019 y m\u00e1s bien poco del \u2018por qu\u00e9\u2019: navegan como pez en el agua, pero desconocen los riesgos y consecuencias de la Red<\/p><\/blockquote>\n<p style=\"text-align: justify;\"><strong>\u2018Cibermanagers\u2019<\/strong> centra su misi\u00f3n en trabajar el aspecto cr\u00edtico del estudiante a trav\u00e9s de un <strong>aprendizaje entre iguales<\/strong>, donde estudiantes de \u00faltimos cursos de Secundaria act\u00faan como profesores en materias como la <strong>ciberseguridad o el acoso online<\/strong> ante sus compa\u00f1eros m\u00e1s j\u00f3venes. De esta forma, se genera un clima m\u00e1s propenso a captar los conceptos que se explican. La experiencia demuestra que los ni\u00f1os\/as otorgan a sus semejantes <strong>mayor credibilidad<\/strong> a la hora de ilustrar cuestiones relacionadas con las <strong>redes sociales o los videojuegos<\/strong>.<\/p>\n<h3><strong>Aprender para ense\u00f1ar en el mundo real<\/strong><\/h3>\n<p style=\"text-align: justify;\"><strong>En la<\/strong>\u00a0<strong>educaci\u00f3n entre iguales, surgen identificaciones <\/strong>entre mentores y pupilos. Los protagonistas perciben una mayor libertad para poder expresarse sobre sus experiencias personales y miedos. As\u00ed, se crea un espacio para el debate y la gesti\u00f3n de situaciones problem\u00e1ticas ocultas. En definitiva, una <strong>conjunci\u00f3n de aprendizaje y servicio solidario<\/strong> con cuatro objetivos fundamentales:<\/p>\n<ul>\n<li><strong>Sensibilizar<\/strong> acerca del uso inseguro de las nuevas tecnolog\u00edas y las consecuencias \u2028derivadas.<\/li>\n<li><strong>Prevenir<\/strong>\u00a0que las TIC se utilicen para ejercer la\u00a0<em>ciberviolencia<\/em> de g\u00e9nero y\/o el <em>ciberacoso<\/em> entre menores y j\u00f3venes.<\/li>\n<li><strong>Desarrollar\u00a0<\/strong>competencias profesionales, emocionales, sociales y cognitivas, adem\u00e1s del fomento de valores como el respeto, igualdad, solidaridad, cooperaci\u00f3n y empat\u00eda.<\/li>\n<li><strong>Promover<\/strong> su implicaci\u00f3n como agente participativo y de cambio de la nueva sociedad en Red, fomentando el ejercicio de la ciudadan\u00eda digital activa y responsable.<\/li>\n<\/ul>\n<p style=\"text-align: justify;\">Aunque este programa fue dise\u00f1ado para impartirse en centros educativos, su naturaleza lo lleva a repetirse en el resto de \u00e1mbitos, como l<strong>a familia o la propia comunidad<\/strong>. El m\u00e9todo de ense\u00f1anza resulta <strong>igual de v\u00e1lido<\/strong> para cualquier entorno, de modo que los hijos\/as tambi\u00e9n pueden trasladar sus conocimientos a padres, madres, abuelos y abuelas o incluso, vecinos y amigos.<\/p>\n<h3><strong>Reducir el <em>ciberacoso<\/em> gracias a la convivencia digital<\/strong><\/h3>\n<p style=\"text-align: justify;\">Uno de los efectos m\u00e1s saludables de esta iniciativa es que consigue <strong>concienciar a la infancia y adolescencia sobre el acoso escolar<\/strong> y el <a href=\"https:\/\/www.ciberbullying.com\/cyberbullying\/2019\/02\/13\/famosos-no-se-callan-bullying-turno-maria-herrejon\/\" target=\"_blank\" rel=\"noopener noreferrer\">sufrimiento que este fen\u00f3meno provoca<\/a> en sus protagonistas. A trav\u00e9s de este programa, se anima a los alumnos y alumnas tanto a denunciar las pr\u00e1cticas de <em>bullying<\/em> como a ponerse de parte de la v\u00edctima para frenar la situaci\u00f3n.<\/p>\n<p style=\"text-align: justify;\">Parte de los talleres que se imparten al alumnado como grueso del proyecto se dirigen a <strong>promover las <a href=\"https:\/\/www.youtube.com\/watch?v=gXvG53ccyJY&amp;t=3s\" target=\"_blank\" rel=\"noopener noreferrer\">normas de convivencia<\/a> en el entorno digital<\/strong>. Uno de los grandes retos de la iniciativa es, precisamente, que los alumnos sean capaces de transmitirse entre s\u00ed <strong>la toma de conciencia sobre nuestras acciones en Internet<\/strong>, as\u00ed como de los efectos que \u00e9stas pueden tener en la vida de los dem\u00e1s.<\/p>\n<p style=\"text-align: justify;\">El mayor foco de trabajo subyace en <strong>fortalecer la empat\u00eda<\/strong> de los j\u00f3venes. Para ello, a lo largo de las sesiones se hace hincapi\u00e9 en dos realidades muy presentes en el <em>ciberbullying<\/em>: <strong>respetar la intimidad de las personas<\/strong> evitando divulgar contenido que amenace sus derechos y <strong>huir del discurso de odio<\/strong> que pone en riesgo la integridad del resto de usuarios.<\/p>\n<p style=\"text-align: justify;\">A continuaci\u00f3n, te proponemos un v\u00eddeo donde quienes han participado ya en este proyecto educativo cuentan su experiencia.<\/p>\n<p><iframe width=\"720\" height=\"405\" data-src=\"https:\/\/www.youtube.com\/embed\/-5uIrtpVLVM?feature=oembed\" frameborder=\"0\" allow=\"accelerometer; autoplay; encrypted-media; gyroscope; picture-in-picture\" allowfullscreen src=\"data:image\/svg+xml;base64,PHN2ZyB3aWR0aD0iMSIgaGVpZ2h0PSIxIiB4bWxucz0iaHR0cDovL3d3dy53My5vcmcvMjAwMC9zdmciPjwvc3ZnPg==\" class=\"lazyload\" data-load-mode=\"1\"><\/iframe><\/p>\n","protected":false},"excerpt":{"rendered":"<p>El plan fomenta la ciudadan\u00eda, convivencia, educaci\u00f3n y el bienestar digital en aulas, familia y comunidad El proyecto \u2018Cibermanagers\u2019 nace como respuesta a la necesidad incipiente de una educaci\u00f3n digital asentada en las aulas. Debido a la brecha generacional que existe en el campo de las nuevas tecnolog\u00edas, donde los m\u00e1s j\u00f3venes gozan de una [&hellip;]<\/p>\n","protected":false},"author":1,"featured_media":1372,"comment_status":"closed","ping_status":"open","sticky":false,"template":"","format":"standard","meta":{"footnotes":""},"categories":[1],"tags":[264,878,28,27,848,8,303,930,587,928,929],"class_list":["post-1340","post","type-post","status-publish","format-standard","has-post-thumbnail","hentry","category-ciberbullying","tag-acoso-escolar","tag-aprendizaje-servicio","tag-bullying","tag-ciberacoso","tag-ciberacoso-escolar","tag-ciberbullying-2","tag-cibermanagers","tag-convivencia-digital","tag-cyberbullying","tag-educacion-entre-iguales","tag-proyecto-cibermanagers"],"yoast_head":"<!-- This site is optimized with the Yoast SEO plugin v27.5 - https:\/\/yoast.com\/product\/yoast-seo-wordpress\/ -->\n<title>\u00bfPuede un proyecto como \u2018Cibermanagers\u2019 reducir el acoso escolar?<\/title>\n<meta name=\"description\" content=\"\u2018Cibermanagers\u2019 se sirve de la educaci\u00f3n entre iguales para fomentar la ciudadan\u00eda, convivencia, educaci\u00f3n y bienestar digital en aulas, familia y comunidad\" \/>\n<meta name=\"robots\" content=\"index, follow, max-snippet:-1, max-image-preview:large, max-video-preview:-1\" \/>\n<link rel=\"canonical\" href=\"https:\/\/www.ciberbullying.com\/cyberbullying\/2019\/03\/19\/puede-proyecto-cibermanagers-reducir-acoso-escolar\/\" \/>\n<meta property=\"og:locale\" content=\"es_ES\" \/>\n<meta property=\"og:type\" content=\"article\" \/>\n<meta property=\"og:title\" content=\"\u00bfPuede un proyecto como \u2018Cibermanagers\u2019 reducir el acoso escolar?\" \/>\n<meta property=\"og:description\" content=\"\u2018Cibermanagers\u2019 se sirve de la educaci\u00f3n entre iguales para fomentar la ciudadan\u00eda, convivencia, educaci\u00f3n y bienestar digital en aulas, familia y comunidad\" \/>\n<meta property=\"og:url\" content=\"https:\/\/www.ciberbullying.com\/cyberbullying\/2019\/03\/19\/puede-proyecto-cibermanagers-reducir-acoso-escolar\/\" \/>\n<meta property=\"og:site_name\" content=\"CIBERBULLYING\" \/>\n<meta property=\"article:published_time\" content=\"2019-03-19T13:00:19+00:00\" \/>\n<meta property=\"article:modified_time\" content=\"2019-03-20T13:28:36+00:00\" \/>\n<meta property=\"og:image\" content=\"https:\/\/www.ciberbullying.com\/cyberbullying\/wp-content\/uploads\/2019\/03\/cibermanagers-educacio\u0301n-entre-iguales.jpg\" \/>\n\t<meta property=\"og:image:width\" content=\"6000\" \/>\n\t<meta property=\"og:image:height\" content=\"4000\" \/>\n\t<meta property=\"og:image:type\" content=\"image\/jpeg\" \/>\n<meta name=\"author\" content=\"PantallasAmigas\" \/>\n<meta name=\"twitter:card\" content=\"summary_large_image\" \/>\n<meta name=\"twitter:title\" content=\"\u00bfPuede un proyecto como \u2018Cibermanagers\u2019 reducir el acoso escolar?\" \/>\n<meta name=\"twitter:description\" content=\"\u2018Cibermanagers\u2019 se sirve de la educaci\u00f3n entre iguales para fomentar la ciudadan\u00eda, convivencia, educaci\u00f3n y bienestar digital en aulas, familia y comunidad\" \/>\n<meta name=\"twitter:image\" content=\"https:\/\/www.ciberbullying.com\/cyberbullying\/wp-content\/uploads\/2019\/03\/cibermanagers-educacio\u0301n-entre-iguales.jpg\" \/>\n<meta name=\"twitter:label1\" content=\"Escrito por\" \/>\n\t<meta name=\"twitter:data1\" content=\"PantallasAmigas\" \/>\n\t<meta name=\"twitter:label2\" content=\"Tiempo de lectura\" \/>\n\t<meta name=\"twitter:data2\" content=\"4 minutos\" \/>\n<script type=\"application\/ld+json\" class=\"yoast-schema-graph\">{\"@context\":\"https:\\\/\\\/schema.org\",\"@graph\":[{\"@type\":\"Article\",\"@id\":\"https:\\\/\\\/www.ciberbullying.com\\\/cyberbullying\\\/2019\\\/03\\\/19\\\/puede-proyecto-cibermanagers-reducir-acoso-escolar\\\/#article\",\"isPartOf\":{\"@id\":\"https:\\\/\\\/www.ciberbullying.com\\\/cyberbullying\\\/2019\\\/03\\\/19\\\/puede-proyecto-cibermanagers-reducir-acoso-escolar\\\/\"},\"author\":{\"name\":\"PantallasAmigas\",\"@id\":\"https:\\\/\\\/www.ciberbullying.com\\\/cyberbullying\\\/#\\\/schema\\\/person\\\/dff89bf66ee732b07375d9552d359416\"},\"headline\":\"\u00bfPuede un proyecto como \u2018Cibermanagers\u2019 reducir el acoso escolar?\",\"datePublished\":\"2019-03-19T13:00:19+00:00\",\"dateModified\":\"2019-03-20T13:28:36+00:00\",\"mainEntityOfPage\":{\"@id\":\"https:\\\/\\\/www.ciberbullying.com\\\/cyberbullying\\\/2019\\\/03\\\/19\\\/puede-proyecto-cibermanagers-reducir-acoso-escolar\\\/\"},\"wordCount\":727,\"image\":{\"@id\":\"https:\\\/\\\/www.ciberbullying.com\\\/cyberbullying\\\/2019\\\/03\\\/19\\\/puede-proyecto-cibermanagers-reducir-acoso-escolar\\\/#primaryimage\"},\"thumbnailUrl\":\"https:\\\/\\\/www.ciberbullying.com\\\/cyberbullying\\\/wp-content\\\/uploads\\\/2019\\\/03\\\/cibermanagers-educacio\u0301n-entre-iguales.jpg\",\"keywords\":[\"acoso escolar\",\"aprendizaje-servicio\",\"bullying\",\"ciberacoso\",\"ciberacoso escolar\",\"ciberbullying\",\"cibermanagers\",\"convivencia digital\",\"cyberbullying\",\"educaci\u00f3n entre iguales\",\"proyecto cibermanagers\"],\"articleSection\":[\"Ciberbullying\"],\"inLanguage\":\"es\"},{\"@type\":\"WebPage\",\"@id\":\"https:\\\/\\\/www.ciberbullying.com\\\/cyberbullying\\\/2019\\\/03\\\/19\\\/puede-proyecto-cibermanagers-reducir-acoso-escolar\\\/\",\"url\":\"https:\\\/\\\/www.ciberbullying.com\\\/cyberbullying\\\/2019\\\/03\\\/19\\\/puede-proyecto-cibermanagers-reducir-acoso-escolar\\\/\",\"name\":\"\u00bfPuede un proyecto como \u2018Cibermanagers\u2019 reducir el acoso escolar?\",\"isPartOf\":{\"@id\":\"https:\\\/\\\/www.ciberbullying.com\\\/cyberbullying\\\/#website\"},\"primaryImageOfPage\":{\"@id\":\"https:\\\/\\\/www.ciberbullying.com\\\/cyberbullying\\\/2019\\\/03\\\/19\\\/puede-proyecto-cibermanagers-reducir-acoso-escolar\\\/#primaryimage\"},\"image\":{\"@id\":\"https:\\\/\\\/www.ciberbullying.com\\\/cyberbullying\\\/2019\\\/03\\\/19\\\/puede-proyecto-cibermanagers-reducir-acoso-escolar\\\/#primaryimage\"},\"thumbnailUrl\":\"https:\\\/\\\/www.ciberbullying.com\\\/cyberbullying\\\/wp-content\\\/uploads\\\/2019\\\/03\\\/cibermanagers-educacio\u0301n-entre-iguales.jpg\",\"datePublished\":\"2019-03-19T13:00:19+00:00\",\"dateModified\":\"2019-03-20T13:28:36+00:00\",\"author\":{\"@id\":\"https:\\\/\\\/www.ciberbullying.com\\\/cyberbullying\\\/#\\\/schema\\\/person\\\/dff89bf66ee732b07375d9552d359416\"},\"description\":\"\u2018Cibermanagers\u2019 se sirve de la educaci\u00f3n entre iguales para fomentar la ciudadan\u00eda, convivencia, educaci\u00f3n y bienestar digital en aulas, familia y comunidad\",\"breadcrumb\":{\"@id\":\"https:\\\/\\\/www.ciberbullying.com\\\/cyberbullying\\\/2019\\\/03\\\/19\\\/puede-proyecto-cibermanagers-reducir-acoso-escolar\\\/#breadcrumb\"},\"inLanguage\":\"es\",\"potentialAction\":[{\"@type\":\"ReadAction\",\"target\":[\"https:\\\/\\\/www.ciberbullying.com\\\/cyberbullying\\\/2019\\\/03\\\/19\\\/puede-proyecto-cibermanagers-reducir-acoso-escolar\\\/\"]}]},{\"@type\":\"ImageObject\",\"inLanguage\":\"es\",\"@id\":\"https:\\\/\\\/www.ciberbullying.com\\\/cyberbullying\\\/2019\\\/03\\\/19\\\/puede-proyecto-cibermanagers-reducir-acoso-escolar\\\/#primaryimage\",\"url\":\"https:\\\/\\\/www.ciberbullying.com\\\/cyberbullying\\\/wp-content\\\/uploads\\\/2019\\\/03\\\/cibermanagers-educacio\u0301n-entre-iguales.jpg\",\"contentUrl\":\"https:\\\/\\\/www.ciberbullying.com\\\/cyberbullying\\\/wp-content\\\/uploads\\\/2019\\\/03\\\/cibermanagers-educacio\u0301n-entre-iguales.jpg\",\"width\":6000,\"height\":4000,\"caption\":\"Educaci\u00f3n-entre-iguales-cibermanagers-reducir-acoso-escolar\"},{\"@type\":\"BreadcrumbList\",\"@id\":\"https:\\\/\\\/www.ciberbullying.com\\\/cyberbullying\\\/2019\\\/03\\\/19\\\/puede-proyecto-cibermanagers-reducir-acoso-escolar\\\/#breadcrumb\",\"itemListElement\":[{\"@type\":\"ListItem\",\"position\":1,\"name\":\"Portada\",\"item\":\"https:\\\/\\\/www.ciberbullying.com\\\/cyberbullying\\\/\"},{\"@type\":\"ListItem\",\"position\":2,\"name\":\"\u00bfPuede un proyecto como \u2018Cibermanagers\u2019 reducir el acoso escolar?\"}]},{\"@type\":\"WebSite\",\"@id\":\"https:\\\/\\\/www.ciberbullying.com\\\/cyberbullying\\\/#website\",\"url\":\"https:\\\/\\\/www.ciberbullying.com\\\/cyberbullying\\\/\",\"name\":\"CIBERBULLYING\",\"description\":\"Acoso escolar \u2013 Ciberacoso entre iguales\",\"potentialAction\":[{\"@type\":\"SearchAction\",\"target\":{\"@type\":\"EntryPoint\",\"urlTemplate\":\"https:\\\/\\\/www.ciberbullying.com\\\/cyberbullying\\\/?s={search_term_string}\"},\"query-input\":{\"@type\":\"PropertyValueSpecification\",\"valueRequired\":true,\"valueName\":\"search_term_string\"}}],\"inLanguage\":\"es\"},{\"@type\":\"Person\",\"@id\":\"https:\\\/\\\/www.ciberbullying.com\\\/cyberbullying\\\/#\\\/schema\\\/person\\\/dff89bf66ee732b07375d9552d359416\",\"name\":\"PantallasAmigas\",\"image\":{\"@type\":\"ImageObject\",\"inLanguage\":\"es\",\"@id\":\"https:\\\/\\\/secure.gravatar.com\\\/avatar\\\/5eab05966ee30ba2d4bdbc7f83f1eb6c99c4e78cb319c02061c4bb4b7dd85bd8?s=96&d=mm&r=g\",\"url\":\"https:\\\/\\\/secure.gravatar.com\\\/avatar\\\/5eab05966ee30ba2d4bdbc7f83f1eb6c99c4e78cb319c02061c4bb4b7dd85bd8?s=96&d=mm&r=g\",\"contentUrl\":\"https:\\\/\\\/secure.gravatar.com\\\/avatar\\\/5eab05966ee30ba2d4bdbc7f83f1eb6c99c4e78cb319c02061c4bb4b7dd85bd8?s=96&d=mm&r=g\",\"caption\":\"PantallasAmigas\"},\"description\":\"PantallasAmigas es una iniciativa fundada en 2004 cuya misi\u00f3n es promover el uso seguro y saludable de las nuevas tecnolog\u00edas as\u00ed como una ciudadan\u00eda digital responsable en la infancia y la adolescencia.\",\"sameAs\":[\"http:\\\/\\\/www.pantallasamigas.net\"]}]}<\/script>\n<!-- \/ Yoast SEO plugin. -->","yoast_head_json":{"title":"\u00bfPuede un proyecto como \u2018Cibermanagers\u2019 reducir el acoso escolar?","description":"\u2018Cibermanagers\u2019 se sirve de la educaci\u00f3n entre iguales para fomentar la ciudadan\u00eda, convivencia, educaci\u00f3n y bienestar digital en aulas, familia y comunidad","robots":{"index":"index","follow":"follow","max-snippet":"max-snippet:-1","max-image-preview":"max-image-preview:large","max-video-preview":"max-video-preview:-1"},"canonical":"https:\/\/www.ciberbullying.com\/cyberbullying\/2019\/03\/19\/puede-proyecto-cibermanagers-reducir-acoso-escolar\/","og_locale":"es_ES","og_type":"article","og_title":"\u00bfPuede un proyecto como \u2018Cibermanagers\u2019 reducir el acoso escolar?","og_description":"\u2018Cibermanagers\u2019 se sirve de la educaci\u00f3n entre iguales para fomentar la ciudadan\u00eda, convivencia, educaci\u00f3n y bienestar digital en aulas, familia y comunidad","og_url":"https:\/\/www.ciberbullying.com\/cyberbullying\/2019\/03\/19\/puede-proyecto-cibermanagers-reducir-acoso-escolar\/","og_site_name":"CIBERBULLYING","article_published_time":"2019-03-19T13:00:19+00:00","article_modified_time":"2019-03-20T13:28:36+00:00","og_image":[{"width":6000,"height":4000,"url":"https:\/\/www.ciberbullying.com\/cyberbullying\/wp-content\/uploads\/2019\/03\/cibermanagers-educacio\u0301n-entre-iguales.jpg","type":"image\/jpeg"}],"author":"PantallasAmigas","twitter_card":"summary_large_image","twitter_title":"\u00bfPuede un proyecto como \u2018Cibermanagers\u2019 reducir el acoso escolar?","twitter_description":"\u2018Cibermanagers\u2019 se sirve de la educaci\u00f3n entre iguales para fomentar la ciudadan\u00eda, convivencia, educaci\u00f3n y bienestar digital en aulas, familia y comunidad","twitter_image":"https:\/\/www.ciberbullying.com\/cyberbullying\/wp-content\/uploads\/2019\/03\/cibermanagers-educacio\u0301n-entre-iguales.jpg","twitter_misc":{"Escrito por":"PantallasAmigas","Tiempo de lectura":"4 minutos"},"schema":{"@context":"https:\/\/schema.org","@graph":[{"@type":"Article","@id":"https:\/\/www.ciberbullying.com\/cyberbullying\/2019\/03\/19\/puede-proyecto-cibermanagers-reducir-acoso-escolar\/#article","isPartOf":{"@id":"https:\/\/www.ciberbullying.com\/cyberbullying\/2019\/03\/19\/puede-proyecto-cibermanagers-reducir-acoso-escolar\/"},"author":{"name":"PantallasAmigas","@id":"https:\/\/www.ciberbullying.com\/cyberbullying\/#\/schema\/person\/dff89bf66ee732b07375d9552d359416"},"headline":"\u00bfPuede un proyecto como \u2018Cibermanagers\u2019 reducir el acoso escolar?","datePublished":"2019-03-19T13:00:19+00:00","dateModified":"2019-03-20T13:28:36+00:00","mainEntityOfPage":{"@id":"https:\/\/www.ciberbullying.com\/cyberbullying\/2019\/03\/19\/puede-proyecto-cibermanagers-reducir-acoso-escolar\/"},"wordCount":727,"image":{"@id":"https:\/\/www.ciberbullying.com\/cyberbullying\/2019\/03\/19\/puede-proyecto-cibermanagers-reducir-acoso-escolar\/#primaryimage"},"thumbnailUrl":"https:\/\/www.ciberbullying.com\/cyberbullying\/wp-content\/uploads\/2019\/03\/cibermanagers-educacio\u0301n-entre-iguales.jpg","keywords":["acoso escolar","aprendizaje-servicio","bullying","ciberacoso","ciberacoso escolar","ciberbullying","cibermanagers","convivencia digital","cyberbullying","educaci\u00f3n entre iguales","proyecto cibermanagers"],"articleSection":["Ciberbullying"],"inLanguage":"es"},{"@type":"WebPage","@id":"https:\/\/www.ciberbullying.com\/cyberbullying\/2019\/03\/19\/puede-proyecto-cibermanagers-reducir-acoso-escolar\/","url":"https:\/\/www.ciberbullying.com\/cyberbullying\/2019\/03\/19\/puede-proyecto-cibermanagers-reducir-acoso-escolar\/","name":"\u00bfPuede un proyecto como \u2018Cibermanagers\u2019 reducir el acoso escolar?","isPartOf":{"@id":"https:\/\/www.ciberbullying.com\/cyberbullying\/#website"},"primaryImageOfPage":{"@id":"https:\/\/www.ciberbullying.com\/cyberbullying\/2019\/03\/19\/puede-proyecto-cibermanagers-reducir-acoso-escolar\/#primaryimage"},"image":{"@id":"https:\/\/www.ciberbullying.com\/cyberbullying\/2019\/03\/19\/puede-proyecto-cibermanagers-reducir-acoso-escolar\/#primaryimage"},"thumbnailUrl":"https:\/\/www.ciberbullying.com\/cyberbullying\/wp-content\/uploads\/2019\/03\/cibermanagers-educacio\u0301n-entre-iguales.jpg","datePublished":"2019-03-19T13:00:19+00:00","dateModified":"2019-03-20T13:28:36+00:00","author":{"@id":"https:\/\/www.ciberbullying.com\/cyberbullying\/#\/schema\/person\/dff89bf66ee732b07375d9552d359416"},"description":"\u2018Cibermanagers\u2019 se sirve de la educaci\u00f3n entre iguales para fomentar la ciudadan\u00eda, convivencia, educaci\u00f3n y bienestar digital en aulas, familia y comunidad","breadcrumb":{"@id":"https:\/\/www.ciberbullying.com\/cyberbullying\/2019\/03\/19\/puede-proyecto-cibermanagers-reducir-acoso-escolar\/#breadcrumb"},"inLanguage":"es","potentialAction":[{"@type":"ReadAction","target":["https:\/\/www.ciberbullying.com\/cyberbullying\/2019\/03\/19\/puede-proyecto-cibermanagers-reducir-acoso-escolar\/"]}]},{"@type":"ImageObject","inLanguage":"es","@id":"https:\/\/www.ciberbullying.com\/cyberbullying\/2019\/03\/19\/puede-proyecto-cibermanagers-reducir-acoso-escolar\/#primaryimage","url":"https:\/\/www.ciberbullying.com\/cyberbullying\/wp-content\/uploads\/2019\/03\/cibermanagers-educacio\u0301n-entre-iguales.jpg","contentUrl":"https:\/\/www.ciberbullying.com\/cyberbullying\/wp-content\/uploads\/2019\/03\/cibermanagers-educacio\u0301n-entre-iguales.jpg","width":6000,"height":4000,"caption":"Educaci\u00f3n-entre-iguales-cibermanagers-reducir-acoso-escolar"},{"@type":"BreadcrumbList","@id":"https:\/\/www.ciberbullying.com\/cyberbullying\/2019\/03\/19\/puede-proyecto-cibermanagers-reducir-acoso-escolar\/#breadcrumb","itemListElement":[{"@type":"ListItem","position":1,"name":"Portada","item":"https:\/\/www.ciberbullying.com\/cyberbullying\/"},{"@type":"ListItem","position":2,"name":"\u00bfPuede un proyecto como \u2018Cibermanagers\u2019 reducir el acoso escolar?"}]},{"@type":"WebSite","@id":"https:\/\/www.ciberbullying.com\/cyberbullying\/#website","url":"https:\/\/www.ciberbullying.com\/cyberbullying\/","name":"CIBERBULLYING","description":"Acoso escolar \u2013 Ciberacoso entre iguales","potentialAction":[{"@type":"SearchAction","target":{"@type":"EntryPoint","urlTemplate":"https:\/\/www.ciberbullying.com\/cyberbullying\/?s={search_term_string}"},"query-input":{"@type":"PropertyValueSpecification","valueRequired":true,"valueName":"search_term_string"}}],"inLanguage":"es"},{"@type":"Person","@id":"https:\/\/www.ciberbullying.com\/cyberbullying\/#\/schema\/person\/dff89bf66ee732b07375d9552d359416","name":"PantallasAmigas","image":{"@type":"ImageObject","inLanguage":"es","@id":"https:\/\/secure.gravatar.com\/avatar\/5eab05966ee30ba2d4bdbc7f83f1eb6c99c4e78cb319c02061c4bb4b7dd85bd8?s=96&d=mm&r=g","url":"https:\/\/secure.gravatar.com\/avatar\/5eab05966ee30ba2d4bdbc7f83f1eb6c99c4e78cb319c02061c4bb4b7dd85bd8?s=96&d=mm&r=g","contentUrl":"https:\/\/secure.gravatar.com\/avatar\/5eab05966ee30ba2d4bdbc7f83f1eb6c99c4e78cb319c02061c4bb4b7dd85bd8?s=96&d=mm&r=g","caption":"PantallasAmigas"},"description":"PantallasAmigas es una iniciativa fundada en 2004 cuya misi\u00f3n es promover el uso seguro y saludable de las nuevas tecnolog\u00edas as\u00ed como una ciudadan\u00eda digital responsable en la infancia y la adolescencia.","sameAs":["http:\/\/www.pantallasamigas.net"]}]}},"_links":{"self":[{"href":"https:\/\/www.ciberbullying.com\/cyberbullying\/wp-json\/wp\/v2\/posts\/1340","targetHints":{"allow":["GET"]}}],"collection":[{"href":"https:\/\/www.ciberbullying.com\/cyberbullying\/wp-json\/wp\/v2\/posts"}],"about":[{"href":"https:\/\/www.ciberbullying.com\/cyberbullying\/wp-json\/wp\/v2\/types\/post"}],"author":[{"embeddable":true,"href":"https:\/\/www.ciberbullying.com\/cyberbullying\/wp-json\/wp\/v2\/users\/1"}],"replies":[{"embeddable":true,"href":"https:\/\/www.ciberbullying.com\/cyberbullying\/wp-json\/wp\/v2\/comments?post=1340"}],"version-history":[{"count":37,"href":"https:\/\/www.ciberbullying.com\/cyberbullying\/wp-json\/wp\/v2\/posts\/1340\/revisions"}],"predecessor-version":[{"id":1380,"href":"https:\/\/www.ciberbullying.com\/cyberbullying\/wp-json\/wp\/v2\/posts\/1340\/revisions\/1380"}],"wp:featuredmedia":[{"embeddable":true,"href":"https:\/\/www.ciberbullying.com\/cyberbullying\/wp-json\/wp\/v2\/media\/1372"}],"wp:attachment":[{"href":"https:\/\/www.ciberbullying.com\/cyberbullying\/wp-json\/wp\/v2\/media?parent=1340"}],"wp:term":[{"taxonomy":"category","embeddable":true,"href":"https:\/\/www.ciberbullying.com\/cyberbullying\/wp-json\/wp\/v2\/categories?post=1340"},{"taxonomy":"post_tag","embeddable":true,"href":"https:\/\/www.ciberbullying.com\/cyberbullying\/wp-json\/wp\/v2\/tags?post=1340"}],"curies":[{"name":"wp","href":"https:\/\/api.w.org\/{rel}","templated":true}]}}