{"id":1226,"date":"2019-02-13T11:53:11","date_gmt":"2019-02-13T10:53:11","guid":{"rendered":"https:\/\/www.ciberbullying.com\/cyberbullying\/?p=1226"},"modified":"2019-02-13T12:15:57","modified_gmt":"2019-02-13T11:15:57","slug":"famosos-no-se-callan-bullying-turno-maria-herrejon","status":"publish","type":"post","link":"https:\/\/www.ciberbullying.com\/cyberbullying\/2019\/02\/13\/famosos-no-se-callan-bullying-turno-maria-herrejon\/","title":{"rendered":"Los famosos no se callan ante el bullying: el turno de Mar\u00eda Herrej\u00f3n"},"content":{"rendered":"<div style=\"width: 1010px\" class=\"wp-caption aligncenter\"><a href=\"https:\/\/www.ciberbullying.com\/cyberbullying\/wp-content\/uploads\/2019\/02\/maria-herrejon-ciberbullying.jpg\"><img fetchpriority=\"high\" decoding=\"async\" class=\"size-full wp-image-1236\" src=\"https:\/\/www.ciberbullying.com\/cyberbullying\/wp-content\/uploads\/2019\/02\/maria-herrejon-ciberbullying.jpg\" alt=\"youtuber-maria-herrejon-testimonio-ciberbullying\" width=\"1000\" height=\"567\" srcset=\"https:\/\/www.ciberbullying.com\/cyberbullying\/wp-content\/uploads\/2019\/02\/maria-herrejon-ciberbullying.jpg 1000w, https:\/\/www.ciberbullying.com\/cyberbullying\/wp-content\/uploads\/2019\/02\/maria-herrejon-ciberbullying-300x170.jpg 300w, https:\/\/www.ciberbullying.com\/cyberbullying\/wp-content\/uploads\/2019\/02\/maria-herrejon-ciberbullying-768x435.jpg 768w\" sizes=\"(max-width: 1000px) 100vw, 1000px\" \/><\/a><p class=\"wp-caption-text\">La youtuber Mar\u00eda Herrej\u00f3n durante su testimonio en el programa de Flooxer.<\/p><\/div>\n<p style=\"text-align: justify;\">El acoso escolar no entiende de sexos, clases ni razas. Es una realidad que <strong>puede afectar a cualquiera y ahora m\u00e1s que nunca<\/strong>, gracias a las nuevas tecnolog\u00edas que a todas partes llegan. Quienes gozan cierta\u00a0popularidad online lo saben bien, quiz\u00e1 por ello cada vez m\u00e1s rostros conocidos se atreven a contar su historia y manera de afrontarlo. Personajes\u00a0pertenecientes a \u00e1mbitos art\u00edsticos m\u00e1s tradicionales como el <strong>cine, el teatro, la m\u00fasica o la televisi\u00f3n<\/strong>\u00a0hasta perfiles de m\u00e1s reciente surgimiento como\u00a0los denominados\u00a0<em>influencers<\/em>. Muchos de ellos han alzado la voz alguna vez para denunciar esta situaci\u00f3n a trav\u00e9s de su testimonio.\u00a0<em>\u00a0<\/em><\/p>\n<p style=\"text-align: justify;\">El relato m\u00e1s reciente es el de la <strong><em>youtuber<\/em> Mar\u00eda Herrej\u00f3n<\/strong>, quien ya se confes\u00f3 v\u00edctima de <em>bullying<\/em> en 2017 a trav\u00e9s de un <a href=\"https:\/\/elpais.com\/elpais\/2017\/06\/12\/tentaciones\/1497268735_228700.html\" target=\"_blank\">libro\u00a0sobre acoso\u00a0escolar<\/a> compartido con otros\u00a0cuatro compa\u00f1eros de Youtube. Herrej\u00f3n ha contado en el programa \u00abLas u\u00f1as\u00bb de Flooxer\u00a0c\u00f3mo sus compa\u00f1eros de colegio le insultaban, empujaban contra las taquillas y escup\u00edan en su comida. Ha reconocido sentir miedo al pensar en esta vivencia trasladada al presente, con un <em>smartphone<\/em> en la mano de\u00a0cada uno de sus acosadores, porque de esta forma <strong>\u00abel <em>bullying<\/em>\u00a0ahora no descansa\u00bb<\/strong>.<\/p>\n<p style=\"text-align: justify;\"><!--more--><\/p>\n<h3 style=\"text-align: justify;\"><strong>Internet puede ser un lugar de odio\u00a0y\u00a0esperanza a la vez<\/strong><\/h3>\n<p style=\"text-align: justify;\">Tiene raz\u00f3n en cuanto a que Internet ha encrudecido el acoso, ya que la violencia volcada en un dispositivo m\u00f3vil te acompa\u00f1a all\u00e1 donde vayas. No obstante, tambi\u00e9n supone <strong>un canal donde refugiarse y encontrar ayuda<\/strong>. A lo largo y ancho de la red podemos dar con un mont\u00f3n de relatos de personas que est\u00e1n pasando por la misma circunstancia o tambi\u00e9n <strong>podemos\u00a0inspirarnos en aquello que nos hace felices<\/strong>.\u00a0Mar\u00eda Herrej\u00f3n, por ejemplo, encontr\u00f3 en el entorno digital un pasatiempo que acabar\u00eda sentando las bases de su vida profesional.<\/p>\n<blockquote>\n<p style=\"text-align: justify;\">\u00abCog\u00ed toda esa rabia y la convert\u00ed en gasolina\u00bb<\/p>\n<\/blockquote>\n<p style=\"text-align: justify;\">Si bien es cierto que ella misma se reconoce como una persona fuerte,\u00a0admite que el apoyo en casa es fundamental, por lo que <strong>anima a todas las v\u00edctimas de acoso a que cuenten lo que sucede<\/strong> a sus padres, madres o responsables. No todas las personas son capaces de soportar la misma presi\u00f3n, ella decidi\u00f3 permanecer en el mismo instituto pero no tiene por qu\u00e9 ser as\u00ed en todos los casos.<\/p>\n<p style=\"text-align: justify;\">Sin embargo, lo que m\u00e1s debemos\u00a0valorar de su\u00a0experiencia es la forma en la que decidi\u00f3 afrontarlo: \u00abCog\u00ed toda esa rabia y la convert\u00ed en gasolina para impulsarme hasta aqu\u00ed\u00bb. \u00c9se es el <a href=\"https:\/\/www.ciberbullying.com\/cyberbullying\/diez-consejos-basicos-contra-el-ciberbullying\/\" target=\"_blank\">consejo<\/a> que quiere dar a todas las personas que est\u00e9n atravesando una situaci\u00f3n de acoso o <em>ciberbullying<\/em>, que\u00a0<strong>transformen todo el dolor\u00a0y enfado\u00a0que sienten en energ\u00eda<\/strong> que les impulse a llegar donde quieran. Al fin y al cabo, el colegio no dura\u00a0para siempre y la vida despu\u00e9s de \u00e9l puede ser maravillosa.<\/p>\n<h6>Puedes ver el relato de la <em>youtuber<\/em> en el v\u00eddeo de abajo o <a href=\"https:\/\/www.atresplayer.com\/flooxer\/programas\/unas\/temporada-2\/maria-herrejon-bullying_5c59611a7ed1a8de27e102e5\/\" target=\"_blank\">pinchando aqu\u00ed<\/a>.<\/h6>\n<p><iframe data-src=\"https:\/\/www.atresplayer.com\/flooxer\/programas\/unas\/temporada-2\/maria-herrejon-bullying_5c59611a7ed1a8de27e102e5\/\" width=\"560\" height=\"315\" frameborder=\"0\" allowfullscreen=\"allowfullscreen\" src=\"data:image\/svg+xml;base64,PHN2ZyB3aWR0aD0iMSIgaGVpZ2h0PSIxIiB4bWxucz0iaHR0cDovL3d3dy53My5vcmcvMjAwMC9zdmciPjwvc3ZnPg==\" class=\"lazyload\" data-load-mode=\"1\"><\/iframe><\/p>\n","protected":false},"excerpt":{"rendered":"<p>El acoso escolar no entiende de sexos, clases ni razas. Es una realidad que puede afectar a cualquiera y ahora m\u00e1s que nunca, gracias a las nuevas tecnolog\u00edas que a todas partes llegan. Quienes gozan cierta\u00a0popularidad online lo saben bien, quiz\u00e1 por ello cada vez m\u00e1s rostros conocidos se atreven a contar su historia y [&hellip;]<\/p>\n","protected":false},"author":1,"featured_media":1236,"comment_status":"closed","ping_status":"open","sticky":false,"template":"","format":"standard","meta":{"footnotes":""},"categories":[1],"tags":[869,264,28,27,8,914,913,912],"class_list":["post-1226","post","type-post","status-publish","format-standard","has-post-thumbnail","hentry","category-ciberbullying","tag-acoso-entre-iguales","tag-acoso-escolar","tag-bullying","tag-ciberacoso","tag-ciberbullying-2","tag-famosos","tag-relato","tag-testimonio"],"yoast_head":"<!-- This site is optimized with the Yoast SEO plugin v27.5 - https:\/\/yoast.com\/product\/yoast-seo-wordpress\/ -->\n<title>Los famosos no se callan ante el bullying: el turno de Mar\u00eda Herrej\u00f3n - CIBERBULLYING<\/title>\n<meta name=\"robots\" content=\"index, follow, max-snippet:-1, max-image-preview:large, max-video-preview:-1\" \/>\n<link rel=\"canonical\" href=\"https:\/\/www.ciberbullying.com\/cyberbullying\/2019\/02\/13\/famosos-no-se-callan-bullying-turno-maria-herrejon\/\" \/>\n<meta property=\"og:locale\" content=\"es_ES\" \/>\n<meta property=\"og:type\" content=\"article\" \/>\n<meta property=\"og:title\" content=\"Los famosos no se callan ante el bullying: el turno de Mar\u00eda Herrej\u00f3n - CIBERBULLYING\" \/>\n<meta property=\"og:description\" content=\"El acoso escolar no entiende de sexos, clases ni razas. Es una realidad que puede afectar a cualquiera y ahora m\u00e1s que nunca, gracias a las nuevas tecnolog\u00edas que a todas partes llegan. Quienes gozan cierta\u00a0popularidad online lo saben bien, quiz\u00e1 por ello cada vez m\u00e1s rostros conocidos se atreven a contar su historia y [&hellip;]\" \/>\n<meta property=\"og:url\" content=\"https:\/\/www.ciberbullying.com\/cyberbullying\/2019\/02\/13\/famosos-no-se-callan-bullying-turno-maria-herrejon\/\" \/>\n<meta property=\"og:site_name\" content=\"CIBERBULLYING\" \/>\n<meta property=\"article:published_time\" content=\"2019-02-13T10:53:11+00:00\" \/>\n<meta property=\"article:modified_time\" content=\"2019-02-13T11:15:57+00:00\" \/>\n<meta property=\"og:image\" content=\"https:\/\/www.ciberbullying.com\/cyberbullying\/wp-content\/uploads\/2019\/02\/maria-herrejon-ciberbullying.jpg\" \/>\n\t<meta property=\"og:image:width\" content=\"1000\" \/>\n\t<meta property=\"og:image:height\" content=\"567\" \/>\n\t<meta property=\"og:image:type\" content=\"image\/jpeg\" \/>\n<meta name=\"author\" content=\"PantallasAmigas\" \/>\n<meta name=\"twitter:card\" content=\"summary_large_image\" \/>\n<meta name=\"twitter:label1\" content=\"Escrito por\" \/>\n\t<meta name=\"twitter:data1\" content=\"PantallasAmigas\" \/>\n\t<meta name=\"twitter:label2\" content=\"Tiempo de lectura\" \/>\n\t<meta name=\"twitter:data2\" content=\"3 minutos\" \/>\n<script type=\"application\/ld+json\" class=\"yoast-schema-graph\">{\"@context\":\"https:\\\/\\\/schema.org\",\"@graph\":[{\"@type\":\"Article\",\"@id\":\"https:\\\/\\\/www.ciberbullying.com\\\/cyberbullying\\\/2019\\\/02\\\/13\\\/famosos-no-se-callan-bullying-turno-maria-herrejon\\\/#article\",\"isPartOf\":{\"@id\":\"https:\\\/\\\/www.ciberbullying.com\\\/cyberbullying\\\/2019\\\/02\\\/13\\\/famosos-no-se-callan-bullying-turno-maria-herrejon\\\/\"},\"author\":{\"name\":\"PantallasAmigas\",\"@id\":\"https:\\\/\\\/www.ciberbullying.com\\\/cyberbullying\\\/#\\\/schema\\\/person\\\/dff89bf66ee732b07375d9552d359416\"},\"headline\":\"Los famosos no se callan ante el bullying: el turno de Mar\u00eda Herrej\u00f3n\",\"datePublished\":\"2019-02-13T10:53:11+00:00\",\"dateModified\":\"2019-02-13T11:15:57+00:00\",\"mainEntityOfPage\":{\"@id\":\"https:\\\/\\\/www.ciberbullying.com\\\/cyberbullying\\\/2019\\\/02\\\/13\\\/famosos-no-se-callan-bullying-turno-maria-herrejon\\\/\"},\"wordCount\":558,\"image\":{\"@id\":\"https:\\\/\\\/www.ciberbullying.com\\\/cyberbullying\\\/2019\\\/02\\\/13\\\/famosos-no-se-callan-bullying-turno-maria-herrejon\\\/#primaryimage\"},\"thumbnailUrl\":\"https:\\\/\\\/www.ciberbullying.com\\\/cyberbullying\\\/wp-content\\\/uploads\\\/2019\\\/02\\\/maria-herrejon-ciberbullying.jpg\",\"keywords\":[\"acoso entre iguales\",\"acoso escolar\",\"bullying\",\"ciberacoso\",\"ciberbullying\",\"famosos\",\"relato\",\"testimonio\"],\"articleSection\":[\"Ciberbullying\"],\"inLanguage\":\"es\"},{\"@type\":\"WebPage\",\"@id\":\"https:\\\/\\\/www.ciberbullying.com\\\/cyberbullying\\\/2019\\\/02\\\/13\\\/famosos-no-se-callan-bullying-turno-maria-herrejon\\\/\",\"url\":\"https:\\\/\\\/www.ciberbullying.com\\\/cyberbullying\\\/2019\\\/02\\\/13\\\/famosos-no-se-callan-bullying-turno-maria-herrejon\\\/\",\"name\":\"Los famosos no se callan ante el bullying: el turno de Mar\u00eda Herrej\u00f3n - CIBERBULLYING\",\"isPartOf\":{\"@id\":\"https:\\\/\\\/www.ciberbullying.com\\\/cyberbullying\\\/#website\"},\"primaryImageOfPage\":{\"@id\":\"https:\\\/\\\/www.ciberbullying.com\\\/cyberbullying\\\/2019\\\/02\\\/13\\\/famosos-no-se-callan-bullying-turno-maria-herrejon\\\/#primaryimage\"},\"image\":{\"@id\":\"https:\\\/\\\/www.ciberbullying.com\\\/cyberbullying\\\/2019\\\/02\\\/13\\\/famosos-no-se-callan-bullying-turno-maria-herrejon\\\/#primaryimage\"},\"thumbnailUrl\":\"https:\\\/\\\/www.ciberbullying.com\\\/cyberbullying\\\/wp-content\\\/uploads\\\/2019\\\/02\\\/maria-herrejon-ciberbullying.jpg\",\"datePublished\":\"2019-02-13T10:53:11+00:00\",\"dateModified\":\"2019-02-13T11:15:57+00:00\",\"author\":{\"@id\":\"https:\\\/\\\/www.ciberbullying.com\\\/cyberbullying\\\/#\\\/schema\\\/person\\\/dff89bf66ee732b07375d9552d359416\"},\"breadcrumb\":{\"@id\":\"https:\\\/\\\/www.ciberbullying.com\\\/cyberbullying\\\/2019\\\/02\\\/13\\\/famosos-no-se-callan-bullying-turno-maria-herrejon\\\/#breadcrumb\"},\"inLanguage\":\"es\",\"potentialAction\":[{\"@type\":\"ReadAction\",\"target\":[\"https:\\\/\\\/www.ciberbullying.com\\\/cyberbullying\\\/2019\\\/02\\\/13\\\/famosos-no-se-callan-bullying-turno-maria-herrejon\\\/\"]}]},{\"@type\":\"ImageObject\",\"inLanguage\":\"es\",\"@id\":\"https:\\\/\\\/www.ciberbullying.com\\\/cyberbullying\\\/2019\\\/02\\\/13\\\/famosos-no-se-callan-bullying-turno-maria-herrejon\\\/#primaryimage\",\"url\":\"https:\\\/\\\/www.ciberbullying.com\\\/cyberbullying\\\/wp-content\\\/uploads\\\/2019\\\/02\\\/maria-herrejon-ciberbullying.jpg\",\"contentUrl\":\"https:\\\/\\\/www.ciberbullying.com\\\/cyberbullying\\\/wp-content\\\/uploads\\\/2019\\\/02\\\/maria-herrejon-ciberbullying.jpg\",\"width\":1000,\"height\":567,\"caption\":\"La youtuber Mar\u00eda Herrej\u00f3n durante su testimonio en el programa de Flooxer.\"},{\"@type\":\"BreadcrumbList\",\"@id\":\"https:\\\/\\\/www.ciberbullying.com\\\/cyberbullying\\\/2019\\\/02\\\/13\\\/famosos-no-se-callan-bullying-turno-maria-herrejon\\\/#breadcrumb\",\"itemListElement\":[{\"@type\":\"ListItem\",\"position\":1,\"name\":\"Portada\",\"item\":\"https:\\\/\\\/www.ciberbullying.com\\\/cyberbullying\\\/\"},{\"@type\":\"ListItem\",\"position\":2,\"name\":\"Los famosos no se callan ante el bullying: el turno de Mar\u00eda Herrej\u00f3n\"}]},{\"@type\":\"WebSite\",\"@id\":\"https:\\\/\\\/www.ciberbullying.com\\\/cyberbullying\\\/#website\",\"url\":\"https:\\\/\\\/www.ciberbullying.com\\\/cyberbullying\\\/\",\"name\":\"CIBERBULLYING\",\"description\":\"Acoso escolar \u2013 Ciberacoso entre iguales\",\"potentialAction\":[{\"@type\":\"SearchAction\",\"target\":{\"@type\":\"EntryPoint\",\"urlTemplate\":\"https:\\\/\\\/www.ciberbullying.com\\\/cyberbullying\\\/?s={search_term_string}\"},\"query-input\":{\"@type\":\"PropertyValueSpecification\",\"valueRequired\":true,\"valueName\":\"search_term_string\"}}],\"inLanguage\":\"es\"},{\"@type\":\"Person\",\"@id\":\"https:\\\/\\\/www.ciberbullying.com\\\/cyberbullying\\\/#\\\/schema\\\/person\\\/dff89bf66ee732b07375d9552d359416\",\"name\":\"PantallasAmigas\",\"image\":{\"@type\":\"ImageObject\",\"inLanguage\":\"es\",\"@id\":\"https:\\\/\\\/secure.gravatar.com\\\/avatar\\\/5eab05966ee30ba2d4bdbc7f83f1eb6c99c4e78cb319c02061c4bb4b7dd85bd8?s=96&d=mm&r=g\",\"url\":\"https:\\\/\\\/secure.gravatar.com\\\/avatar\\\/5eab05966ee30ba2d4bdbc7f83f1eb6c99c4e78cb319c02061c4bb4b7dd85bd8?s=96&d=mm&r=g\",\"contentUrl\":\"https:\\\/\\\/secure.gravatar.com\\\/avatar\\\/5eab05966ee30ba2d4bdbc7f83f1eb6c99c4e78cb319c02061c4bb4b7dd85bd8?s=96&d=mm&r=g\",\"caption\":\"PantallasAmigas\"},\"description\":\"PantallasAmigas es una iniciativa fundada en 2004 cuya misi\u00f3n es promover el uso seguro y saludable de las nuevas tecnolog\u00edas as\u00ed como una ciudadan\u00eda digital responsable en la infancia y la adolescencia.\",\"sameAs\":[\"http:\\\/\\\/www.pantallasamigas.net\"]}]}<\/script>\n<!-- \/ Yoast SEO plugin. -->","yoast_head_json":{"title":"Los famosos no se callan ante el bullying: el turno de Mar\u00eda Herrej\u00f3n - CIBERBULLYING","robots":{"index":"index","follow":"follow","max-snippet":"max-snippet:-1","max-image-preview":"max-image-preview:large","max-video-preview":"max-video-preview:-1"},"canonical":"https:\/\/www.ciberbullying.com\/cyberbullying\/2019\/02\/13\/famosos-no-se-callan-bullying-turno-maria-herrejon\/","og_locale":"es_ES","og_type":"article","og_title":"Los famosos no se callan ante el bullying: el turno de Mar\u00eda Herrej\u00f3n - CIBERBULLYING","og_description":"El acoso escolar no entiende de sexos, clases ni razas. Es una realidad que puede afectar a cualquiera y ahora m\u00e1s que nunca, gracias a las nuevas tecnolog\u00edas que a todas partes llegan. Quienes gozan cierta\u00a0popularidad online lo saben bien, quiz\u00e1 por ello cada vez m\u00e1s rostros conocidos se atreven a contar su historia y [&hellip;]","og_url":"https:\/\/www.ciberbullying.com\/cyberbullying\/2019\/02\/13\/famosos-no-se-callan-bullying-turno-maria-herrejon\/","og_site_name":"CIBERBULLYING","article_published_time":"2019-02-13T10:53:11+00:00","article_modified_time":"2019-02-13T11:15:57+00:00","og_image":[{"width":1000,"height":567,"url":"https:\/\/www.ciberbullying.com\/cyberbullying\/wp-content\/uploads\/2019\/02\/maria-herrejon-ciberbullying.jpg","type":"image\/jpeg"}],"author":"PantallasAmigas","twitter_card":"summary_large_image","twitter_misc":{"Escrito por":"PantallasAmigas","Tiempo de lectura":"3 minutos"},"schema":{"@context":"https:\/\/schema.org","@graph":[{"@type":"Article","@id":"https:\/\/www.ciberbullying.com\/cyberbullying\/2019\/02\/13\/famosos-no-se-callan-bullying-turno-maria-herrejon\/#article","isPartOf":{"@id":"https:\/\/www.ciberbullying.com\/cyberbullying\/2019\/02\/13\/famosos-no-se-callan-bullying-turno-maria-herrejon\/"},"author":{"name":"PantallasAmigas","@id":"https:\/\/www.ciberbullying.com\/cyberbullying\/#\/schema\/person\/dff89bf66ee732b07375d9552d359416"},"headline":"Los famosos no se callan ante el bullying: el turno de Mar\u00eda Herrej\u00f3n","datePublished":"2019-02-13T10:53:11+00:00","dateModified":"2019-02-13T11:15:57+00:00","mainEntityOfPage":{"@id":"https:\/\/www.ciberbullying.com\/cyberbullying\/2019\/02\/13\/famosos-no-se-callan-bullying-turno-maria-herrejon\/"},"wordCount":558,"image":{"@id":"https:\/\/www.ciberbullying.com\/cyberbullying\/2019\/02\/13\/famosos-no-se-callan-bullying-turno-maria-herrejon\/#primaryimage"},"thumbnailUrl":"https:\/\/www.ciberbullying.com\/cyberbullying\/wp-content\/uploads\/2019\/02\/maria-herrejon-ciberbullying.jpg","keywords":["acoso entre iguales","acoso escolar","bullying","ciberacoso","ciberbullying","famosos","relato","testimonio"],"articleSection":["Ciberbullying"],"inLanguage":"es"},{"@type":"WebPage","@id":"https:\/\/www.ciberbullying.com\/cyberbullying\/2019\/02\/13\/famosos-no-se-callan-bullying-turno-maria-herrejon\/","url":"https:\/\/www.ciberbullying.com\/cyberbullying\/2019\/02\/13\/famosos-no-se-callan-bullying-turno-maria-herrejon\/","name":"Los famosos no se callan ante el bullying: el turno de Mar\u00eda Herrej\u00f3n - CIBERBULLYING","isPartOf":{"@id":"https:\/\/www.ciberbullying.com\/cyberbullying\/#website"},"primaryImageOfPage":{"@id":"https:\/\/www.ciberbullying.com\/cyberbullying\/2019\/02\/13\/famosos-no-se-callan-bullying-turno-maria-herrejon\/#primaryimage"},"image":{"@id":"https:\/\/www.ciberbullying.com\/cyberbullying\/2019\/02\/13\/famosos-no-se-callan-bullying-turno-maria-herrejon\/#primaryimage"},"thumbnailUrl":"https:\/\/www.ciberbullying.com\/cyberbullying\/wp-content\/uploads\/2019\/02\/maria-herrejon-ciberbullying.jpg","datePublished":"2019-02-13T10:53:11+00:00","dateModified":"2019-02-13T11:15:57+00:00","author":{"@id":"https:\/\/www.ciberbullying.com\/cyberbullying\/#\/schema\/person\/dff89bf66ee732b07375d9552d359416"},"breadcrumb":{"@id":"https:\/\/www.ciberbullying.com\/cyberbullying\/2019\/02\/13\/famosos-no-se-callan-bullying-turno-maria-herrejon\/#breadcrumb"},"inLanguage":"es","potentialAction":[{"@type":"ReadAction","target":["https:\/\/www.ciberbullying.com\/cyberbullying\/2019\/02\/13\/famosos-no-se-callan-bullying-turno-maria-herrejon\/"]}]},{"@type":"ImageObject","inLanguage":"es","@id":"https:\/\/www.ciberbullying.com\/cyberbullying\/2019\/02\/13\/famosos-no-se-callan-bullying-turno-maria-herrejon\/#primaryimage","url":"https:\/\/www.ciberbullying.com\/cyberbullying\/wp-content\/uploads\/2019\/02\/maria-herrejon-ciberbullying.jpg","contentUrl":"https:\/\/www.ciberbullying.com\/cyberbullying\/wp-content\/uploads\/2019\/02\/maria-herrejon-ciberbullying.jpg","width":1000,"height":567,"caption":"La youtuber Mar\u00eda Herrej\u00f3n durante su testimonio en el programa de Flooxer."},{"@type":"BreadcrumbList","@id":"https:\/\/www.ciberbullying.com\/cyberbullying\/2019\/02\/13\/famosos-no-se-callan-bullying-turno-maria-herrejon\/#breadcrumb","itemListElement":[{"@type":"ListItem","position":1,"name":"Portada","item":"https:\/\/www.ciberbullying.com\/cyberbullying\/"},{"@type":"ListItem","position":2,"name":"Los famosos no se callan ante el bullying: el turno de Mar\u00eda Herrej\u00f3n"}]},{"@type":"WebSite","@id":"https:\/\/www.ciberbullying.com\/cyberbullying\/#website","url":"https:\/\/www.ciberbullying.com\/cyberbullying\/","name":"CIBERBULLYING","description":"Acoso escolar \u2013 Ciberacoso entre iguales","potentialAction":[{"@type":"SearchAction","target":{"@type":"EntryPoint","urlTemplate":"https:\/\/www.ciberbullying.com\/cyberbullying\/?s={search_term_string}"},"query-input":{"@type":"PropertyValueSpecification","valueRequired":true,"valueName":"search_term_string"}}],"inLanguage":"es"},{"@type":"Person","@id":"https:\/\/www.ciberbullying.com\/cyberbullying\/#\/schema\/person\/dff89bf66ee732b07375d9552d359416","name":"PantallasAmigas","image":{"@type":"ImageObject","inLanguage":"es","@id":"https:\/\/secure.gravatar.com\/avatar\/5eab05966ee30ba2d4bdbc7f83f1eb6c99c4e78cb319c02061c4bb4b7dd85bd8?s=96&d=mm&r=g","url":"https:\/\/secure.gravatar.com\/avatar\/5eab05966ee30ba2d4bdbc7f83f1eb6c99c4e78cb319c02061c4bb4b7dd85bd8?s=96&d=mm&r=g","contentUrl":"https:\/\/secure.gravatar.com\/avatar\/5eab05966ee30ba2d4bdbc7f83f1eb6c99c4e78cb319c02061c4bb4b7dd85bd8?s=96&d=mm&r=g","caption":"PantallasAmigas"},"description":"PantallasAmigas es una iniciativa fundada en 2004 cuya misi\u00f3n es promover el uso seguro y saludable de las nuevas tecnolog\u00edas as\u00ed como una ciudadan\u00eda digital responsable en la infancia y la adolescencia.","sameAs":["http:\/\/www.pantallasamigas.net"]}]}},"_links":{"self":[{"href":"https:\/\/www.ciberbullying.com\/cyberbullying\/wp-json\/wp\/v2\/posts\/1226","targetHints":{"allow":["GET"]}}],"collection":[{"href":"https:\/\/www.ciberbullying.com\/cyberbullying\/wp-json\/wp\/v2\/posts"}],"about":[{"href":"https:\/\/www.ciberbullying.com\/cyberbullying\/wp-json\/wp\/v2\/types\/post"}],"author":[{"embeddable":true,"href":"https:\/\/www.ciberbullying.com\/cyberbullying\/wp-json\/wp\/v2\/users\/1"}],"replies":[{"embeddable":true,"href":"https:\/\/www.ciberbullying.com\/cyberbullying\/wp-json\/wp\/v2\/comments?post=1226"}],"version-history":[{"count":15,"href":"https:\/\/www.ciberbullying.com\/cyberbullying\/wp-json\/wp\/v2\/posts\/1226\/revisions"}],"predecessor-version":[{"id":1243,"href":"https:\/\/www.ciberbullying.com\/cyberbullying\/wp-json\/wp\/v2\/posts\/1226\/revisions\/1243"}],"wp:featuredmedia":[{"embeddable":true,"href":"https:\/\/www.ciberbullying.com\/cyberbullying\/wp-json\/wp\/v2\/media\/1236"}],"wp:attachment":[{"href":"https:\/\/www.ciberbullying.com\/cyberbullying\/wp-json\/wp\/v2\/media?parent=1226"}],"wp:term":[{"taxonomy":"category","embeddable":true,"href":"https:\/\/www.ciberbullying.com\/cyberbullying\/wp-json\/wp\/v2\/categories?post=1226"},{"taxonomy":"post_tag","embeddable":true,"href":"https:\/\/www.ciberbullying.com\/cyberbullying\/wp-json\/wp\/v2\/tags?post=1226"}],"curies":[{"name":"wp","href":"https:\/\/api.w.org\/{rel}","templated":true}]}}