{"id":1162,"date":"2019-01-30T10:45:51","date_gmt":"2019-01-30T09:45:51","guid":{"rendered":"https:\/\/www.ciberbullying.com\/cyberbullying\/?p=1162"},"modified":"2019-02-06T18:03:52","modified_gmt":"2019-02-06T17:03:52","slug":"claves-elevar-autoestima-mejor-arma-combatir-acoso-escolar","status":"publish","type":"post","link":"https:\/\/www.ciberbullying.com\/cyberbullying\/2019\/01\/30\/claves-elevar-autoestima-mejor-arma-combatir-acoso-escolar\/","title":{"rendered":"Claves para elevar la autoestima: la mejor arma para combatir el acoso escolar"},"content":{"rendered":"<h3><strong>Una\u00a0autoestima alta en los ni\u00f1os\/as\u00a0facilita que desarrollen la seguridad necesaria para defenderse\u00a0frente al\u00a0bullying<\/strong><\/h3>\n<p><a href=\"https:\/\/www.ciberbullying.com\/cyberbullying\/wp-content\/uploads\/2019\/01\/dia-escolar-no-violencia-paz-QueTalEnElcole-acoso-escolar.png\"><img fetchpriority=\"high\" decoding=\"async\" class=\"aligncenter wp-image-1163 size-large\" src=\"https:\/\/www.ciberbullying.com\/cyberbullying\/wp-content\/uploads\/2019\/01\/dia-escolar-no-violencia-paz-QueTalEnElcole-acoso-escolar-1024x576.png\" alt=\"imagen-quetalenelcole-acoso-escolar-repsol-\" width=\"720\" height=\"405\" srcset=\"https:\/\/www.ciberbullying.com\/cyberbullying\/wp-content\/uploads\/2019\/01\/dia-escolar-no-violencia-paz-QueTalEnElcole-acoso-escolar-1024x576.png 1024w, https:\/\/www.ciberbullying.com\/cyberbullying\/wp-content\/uploads\/2019\/01\/dia-escolar-no-violencia-paz-QueTalEnElcole-acoso-escolar-300x169.png 300w, https:\/\/www.ciberbullying.com\/cyberbullying\/wp-content\/uploads\/2019\/01\/dia-escolar-no-violencia-paz-QueTalEnElcole-acoso-escolar-768x432.png 768w, https:\/\/www.ciberbullying.com\/cyberbullying\/wp-content\/uploads\/2019\/01\/dia-escolar-no-violencia-paz-QueTalEnElcole-acoso-escolar.png 1280w\" sizes=\"(max-width: 720px) 100vw, 720px\" \/><\/a><\/p>\n<p style=\"text-align: justify;\"><strong>\u201c\u00bfQu\u00e9 tal en el cole?\u201d, una pregunta muy sencilla que puede esconder detr\u00e1s una nada f\u00e1cil respuesta. Muchas veces creemos que expresar algo en voz alta lo hace m\u00e1s real, mientras que si lo mantenemos escondido no se siente tanto. El\u00a0<em>bullying<\/em>\u00a0no es menos acoso por guardarlo en silencio, simplemente es una realidad\u00a0esperando una llamada de auxilio. Hoy,\u00a0<a href=\"http:\/\/www.ite.educacion.es\/gl\/inicio\/noticias-de-interes\/752-30-de-enero-dia-escolar-de-la-no-violencia-y-la-paz\" target=\"_blank\"><b>D\u00eda Escolar de<\/b>\u00a0la No\u00a0<b>Violencia<\/b>\u00a0y la Paz<\/a>, parece urgente buscar una herramienta para hacer frente al acoso escolar.\u00a0<\/strong><\/p>\n<p style=\"text-align: justify;\">La compa\u00f1\u00eda\u00a0espa\u00f1ola\u00a0Repsol pon\u00eda en marcha el a\u00f1o pasado\u00a0una campa\u00f1a titulada<a href=\"https:\/\/www.repsol.es\/es\/landings\/quetalenelcole\/index.cshtml\" target=\"_blank\">\u00a0#Qu\u00e9TalEnElCole<\/a>, cuya misi\u00f3n se centraba\u00a0en\u00a0<strong>dar visibilidad a una realidad que sufren miles de estudiantes<\/strong>. Desde el propio nombre del proyecto, se anima a padres y madres a iniciar el di\u00e1logo con sus hijos\/as, precisamente, porque es menos probable que \u00e9stos tomen la iniciativa de hablar en busca de ayuda. Con el objetivo de preparar este camino,\u00a0la compa\u00f1\u00eda de energ\u00eda contaba con la ayuda de <a href=\"https:\/\/www.patriciaramirezloeffler.com\/?q=patricia\" target=\"_blank\">Patricia Ram\u00edrez<\/a>,\u00a0<strong>considerada\u00a0recientemente la psic\u00f3loga m\u00e1s influyente de Espa\u00f1a<\/strong>.\u00a0A trav\u00e9s de varios\u00a0v\u00eddeos\u00a0rodados\u00a0en\u00a0cortos trayectos de coche, Ram\u00edrez ofrec\u00eda\u00a0<a href=\"https:\/\/www.repsol.es\/es\/landings\/quetalenelcole\/consejos.cshtml\" target=\"_blank\">consejos y t\u00e9cnicas<\/a>\u00a0dirigidas\u00a0a\u00a0los progenitores a la hora de combatir el\u00a0<em>bullying.<\/em> Con ello,\u00a0se suger\u00eda\u00a0a padres y madres que aprovechen este tipo de\u00a0escenarios de vuelta a casa para crear un\u00a0clima de confianza con los ni\u00f1os\/as.<\/p>\n<p style=\"text-align: justify;\"><!--more--><\/p>\n<p style=\"text-align: justify;\">En este marco de lucha contra el acoso escolar,\u00a0<a href=\"https:\/\/www.pantallasamigas.net\/repsol-lanza-la-campana-quetalenelcole-contra-el-bullying-y-el-ciberacoso-escolar\/\" target=\"_blank\">el pasado 15 de octubre<\/a>\u00a0se celebraba un evento que reun\u00eda a todo tipo de agentes sociales relacionados con el \u00e1mbito educativo. En \u00e9l, interven\u00eda la psic\u00f3loga con una charla en la que incid\u00eda en la <strong>importancia de\u00a0fortalecer\u00a0la autoestima en la infancia<\/strong>. Seg\u00fan Ram\u00edrez, los ni\u00f1os\/as con autoestima alta son m\u00e1s seguros y cuanta m\u00e1s seguridad presenten, mayor capacidad tendr\u00e1n para defenderse.<\/p>\n<h4 style=\"text-align: justify;\"><strong>\u00bfC\u00f3mo\u00a0elevar la autoestima?<\/strong><\/h4>\n<p style=\"text-align: justify;\">Por norma general, los hijos\/as tienden a\u00a0concebir\u00a0a sus <strong>padres y madres como sus modelos de referencia<\/strong>, de modo que no\u00a0existen personas m\u00e1s id\u00f3neas para\u00a0fortalecer la autoestima\u00a0de\u00a0la figura\u00a0infantil. La psic\u00f3loga cree que para realzar la estima hacia uno mismo en la infancia y conseguir elevar la seguridad de\u00a0los ni\u00f1os\/as en este sentido\u00a0es necesario\u00a0trabajar\u00a0los siguientes puntos:<\/p>\n<p><strong>Amor\u00a0sin condiciones.<\/strong> Frases como \u00abte querr\u00eda m\u00e1s\u00a0si sacaras mejores notas\u00bb o condicionar las muestras de\u00a0cari\u00f1o a fines concretos crear\u00e1n una concepci\u00f3n err\u00f3nea del amor en el ni\u00f1o\/a, adem\u00e1s de un sentimiento de no ser merecedor del amor de sus propios padres\/madres.<\/p>\n<p><strong>No hacer comparaciones.\u00a0<\/strong>Comparar constantemente a un hijo\/a\u00a0con su hermano\/a, amigo\/as o compa\u00f1ero\/as propiciar\u00e1 que se sienta menospreciado o interpretar\u00e1 que no est\u00e1 a la altura.<\/p>\n<p><strong>Cr\u00edticas constructivas.<\/strong> Hacerle saber\u00a0d\u00f3nde ha fallado mediante sugerencias de mejora sin \u00e1nimo de hacerle sentir mal gratuitamente.<\/p>\n<p><strong>Reconocer sus avances.\u00a0<\/strong>Destacar\u00a0las cosas que le salen bien por encima de las que no le han salido aumentar\u00e1 el sentimiento de satisfacci\u00f3n del ni\u00f1o\/a.<\/p>\n<p><strong>Tener expectativas positivas.<\/strong> Transmitirle ideas tales como \u00absab\u00eda que no lo ibas a conseguir\u00bb s\u00f3lo fomenta su frustraci\u00f3n y disgusto consigo mismo\/a. Cuando damos por hecho que algo lo va a hacer bien, autom\u00e1ticamente le trasladamos el refuerzo positivo y es m\u00e1s probable que consiga superar esa meta.<\/p>\n<p><strong>No poner etiquetas.<\/strong>\u00a0Si sus personas de referencia le encasillan con afirmaciones como\u00a0\u00abc\u00f3mo vas a aprobar si eres un vago\u00bb probablemente termine adoptando el rol de esa etiqueta que se le ha puesto, pues es lo que \u00e9l\/ella entiende que se espera de \u00e9l\/ella.<\/p>\n<p><strong>Ense\u00f1ar a gestionar el fracaso.\u00a0<\/strong>\u00bfCu\u00e1ntas veces va a ver truncados sus planes en la vida? Muchas, como nos pasa a todos. Ense\u00f1arle que el fracaso forma parte de la vida y generarle una buena tolerancia a la frustraci\u00f3n ser\u00e1\u00a0esencial para que no se venga abajo su autoestima cuando algo no le salga bien.<\/p>\n<p><strong>Controlar el nivel de exigencia.\u00a0<\/strong>Para fijar la exigencia, es primordial atender a sus gustos y a aquello con lo que se muestra c\u00f3modo\/a. \u00bfPor qu\u00e9 pedirle m\u00e1s en algo para lo que ha dado ya la talla y no centrar esa energ\u00eda derivada de exigir el m\u00e1ximo en incentivarle a\u00a0esforzarse en lo que le hace feliz?<\/p>\n<p style=\"text-align: justify;\">En un d\u00eda como hoy, con la <em>no violencia<\/em> como bandera, urge hacer frente al mayor enemigo de la paz en las aulas: el acoso escolar o <em>bullying<\/em>. Y fuera de ellas, las nuevas tecnolog\u00edas\u00a0han propiciado otro monstruo concebido como\u00a0<strong>ciberacoso o <em>ciberbullying<\/em><\/strong>,\u00a0que no\u00a0otorga descanso alguno\u00a0a la v\u00edctima. Si, seg\u00fan parece, la <strong>autoestima se presenta como el mejor arma<\/strong>\u00a0con el que combatirlo, debemos poner el foco en trabajar este aspecto. Y m\u00e1s a\u00fan, cuando el refuerzo de la concepci\u00f3n propia <strong>en la era digital resulta\u00a0realmente necesario<\/strong>, ya que Internet puede resultar un <a href=\"https:\/\/www.pantallasamigas.net\/uso-abusivo-redes-sociales-menores-aumenta-depresion\/\" target=\"_blank\">entorno especialmente nocivo<\/a> para aquellos\/as menores que no gozan de grandes niveles de autoestima.<\/p>\n<p><iframe data-src=\"https:\/\/www.youtube.com\/embed\/Kt9J51T2cA8\" width=\"560\" height=\"315\" frameborder=\"0\" allowfullscreen=\"allowfullscreen\" src=\"data:image\/svg+xml;base64,PHN2ZyB3aWR0aD0iMSIgaGVpZ2h0PSIxIiB4bWxucz0iaHR0cDovL3d3dy53My5vcmcvMjAwMC9zdmciPjwvc3ZnPg==\" class=\"lazyload\" data-load-mode=\"1\"><\/iframe><\/p>\n<p style=\"text-align: justify;\">En el encuentro tambi\u00e9n participaron rostros p\u00fablicos como\u00a0el\u00a0presentador de televisi\u00f3n<a href=\"https:\/\/www.ciberbullying.com\/cyberbullying\/2019\/01\/18\/genios-acoso\/\" target=\"_blank\"> Christian G\u00e1lvez<\/a>,\u00a0la\u00a0cantante<a href=\"https:\/\/www.ciberbullying.com\/cyberbullying\/2019\/01\/21\/sonrisa-mejor-arma-luchar-bullying\/\" target=\"_blank\"> Miriam Fern\u00e1ndez<\/a>, el \u00abhermano mayor\u00bb<a href=\"https:\/\/www.ciberbullying.com\/cyberbullying\/2019\/01\/25\/acosado-acosador-dos-caras-bullying\/\" target=\"_blank\"> Pedro Garc\u00eda Aguado<\/a> y\u00a0el fundador de PantallasAmigas,\u00a0<a href=\"https:\/\/www.pantallasamigas.net\/jorge-flores-fernandez\/\">Jorge Flores.<\/a>\u00a0Desde estudiantes y profesores hasta padres, madres o especialistas de la Pedagog\u00eda se daban cita en un foro cuyo hilo argumental\u00a0<strong>atend\u00eda la\u00a0necesidad de poner freno<\/strong>\u00a0a\u00a0una cruel realidad como la del bullying y el\u00a0<em>ciberacoso<\/em>\u00a0escolar. Quiz\u00e1 el primer\u00a0asalto\u00a0comience por cuestionarse #Qu\u00e9TalEnElCole.<\/p>\n","protected":false},"excerpt":{"rendered":"<p>Una\u00a0autoestima alta en los ni\u00f1os\/as\u00a0facilita que desarrollen la seguridad necesaria para defenderse\u00a0frente al\u00a0bullying \u201c\u00bfQu\u00e9 tal en el cole?\u201d, una pregunta muy sencilla que puede esconder detr\u00e1s una nada f\u00e1cil respuesta. Muchas veces creemos que expresar algo en voz alta lo hace m\u00e1s real, mientras que si lo mantenemos escondido no se siente tanto. El\u00a0bullying\u00a0no es [&hellip;]<\/p>\n","protected":false},"author":1,"featured_media":1163,"comment_status":"closed","ping_status":"open","sticky":false,"template":"","format":"standard","meta":{"footnotes":""},"categories":[1,310,804],"tags":[16,869,264,909,28,535,27,813,8,908,910,902,903],"class_list":["post-1162","post","type-post","status-publish","format-standard","has-post-thumbnail","hentry","category-ciberbullying","category-eventos-2","category-prevencion","tag-acoso","tag-acoso-entre-iguales","tag-acoso-escolar","tag-autoestima","tag-bullying","tag-charlas","tag-ciberacoso","tag-ciberacoso-entre-iguales","tag-ciberbullying-2","tag-dia-escolar-de-la-no-violencia","tag-patricia-ramirez","tag-quetalenelcole","tag-repsol"],"yoast_head":"<!-- This site is optimized with the Yoast SEO plugin v27.5 - https:\/\/yoast.com\/product\/yoast-seo-wordpress\/ -->\n<title>Claves para elevar la autoestima: la mejor arma para combatir el acoso escolar - CIBERBULLYING<\/title>\n<meta name=\"robots\" content=\"index, follow, max-snippet:-1, max-image-preview:large, max-video-preview:-1\" \/>\n<link rel=\"canonical\" href=\"https:\/\/www.ciberbullying.com\/cyberbullying\/2019\/01\/30\/claves-elevar-autoestima-mejor-arma-combatir-acoso-escolar\/\" \/>\n<meta property=\"og:locale\" content=\"es_ES\" \/>\n<meta property=\"og:type\" content=\"article\" \/>\n<meta property=\"og:title\" content=\"Claves para elevar la autoestima: la mejor arma para combatir el acoso escolar - CIBERBULLYING\" \/>\n<meta property=\"og:description\" content=\"Una\u00a0autoestima alta en los ni\u00f1os\/as\u00a0facilita que desarrollen la seguridad necesaria para defenderse\u00a0frente al\u00a0bullying \u201c\u00bfQu\u00e9 tal en el cole?\u201d, una pregunta muy sencilla que puede esconder detr\u00e1s una nada f\u00e1cil respuesta. Muchas veces creemos que expresar algo en voz alta lo hace m\u00e1s real, mientras que si lo mantenemos escondido no se siente tanto. El\u00a0bullying\u00a0no es [&hellip;]\" \/>\n<meta property=\"og:url\" content=\"https:\/\/www.ciberbullying.com\/cyberbullying\/2019\/01\/30\/claves-elevar-autoestima-mejor-arma-combatir-acoso-escolar\/\" \/>\n<meta property=\"og:site_name\" content=\"CIBERBULLYING\" \/>\n<meta property=\"article:published_time\" content=\"2019-01-30T09:45:51+00:00\" \/>\n<meta property=\"article:modified_time\" content=\"2019-02-06T17:03:52+00:00\" \/>\n<meta property=\"og:image\" content=\"https:\/\/www.ciberbullying.com\/cyberbullying\/wp-content\/uploads\/2019\/01\/dia-escolar-no-violencia-paz-QueTalEnElcole-acoso-escolar.png\" \/>\n\t<meta property=\"og:image:width\" content=\"1280\" \/>\n\t<meta property=\"og:image:height\" content=\"720\" \/>\n\t<meta property=\"og:image:type\" content=\"image\/png\" \/>\n<meta name=\"author\" content=\"PantallasAmigas\" \/>\n<meta name=\"twitter:card\" content=\"summary_large_image\" \/>\n<meta name=\"twitter:label1\" content=\"Escrito por\" \/>\n\t<meta name=\"twitter:data1\" content=\"PantallasAmigas\" \/>\n\t<meta name=\"twitter:label2\" content=\"Tiempo de lectura\" \/>\n\t<meta name=\"twitter:data2\" content=\"5 minutos\" \/>\n<script type=\"application\/ld+json\" class=\"yoast-schema-graph\">{\"@context\":\"https:\\\/\\\/schema.org\",\"@graph\":[{\"@type\":\"Article\",\"@id\":\"https:\\\/\\\/www.ciberbullying.com\\\/cyberbullying\\\/2019\\\/01\\\/30\\\/claves-elevar-autoestima-mejor-arma-combatir-acoso-escolar\\\/#article\",\"isPartOf\":{\"@id\":\"https:\\\/\\\/www.ciberbullying.com\\\/cyberbullying\\\/2019\\\/01\\\/30\\\/claves-elevar-autoestima-mejor-arma-combatir-acoso-escolar\\\/\"},\"author\":{\"name\":\"PantallasAmigas\",\"@id\":\"https:\\\/\\\/www.ciberbullying.com\\\/cyberbullying\\\/#\\\/schema\\\/person\\\/dff89bf66ee732b07375d9552d359416\"},\"headline\":\"Claves para elevar la autoestima: la mejor arma para combatir el acoso escolar\",\"datePublished\":\"2019-01-30T09:45:51+00:00\",\"dateModified\":\"2019-02-06T17:03:52+00:00\",\"mainEntityOfPage\":{\"@id\":\"https:\\\/\\\/www.ciberbullying.com\\\/cyberbullying\\\/2019\\\/01\\\/30\\\/claves-elevar-autoestima-mejor-arma-combatir-acoso-escolar\\\/\"},\"wordCount\":1008,\"image\":{\"@id\":\"https:\\\/\\\/www.ciberbullying.com\\\/cyberbullying\\\/2019\\\/01\\\/30\\\/claves-elevar-autoestima-mejor-arma-combatir-acoso-escolar\\\/#primaryimage\"},\"thumbnailUrl\":\"https:\\\/\\\/www.ciberbullying.com\\\/cyberbullying\\\/wp-content\\\/uploads\\\/2019\\\/01\\\/dia-escolar-no-violencia-paz-QueTalEnElcole-acoso-escolar.png\",\"keywords\":[\"acoso\",\"acoso entre iguales\",\"acoso escolar\",\"autoestima\",\"bullying\",\"charlas\",\"ciberacoso\",\"ciberacoso entre iguales\",\"ciberbullying\",\"dia escolar de la no violencia\",\"patricia ramirez\",\"qu\u00e9talenelcole\",\"repsol\"],\"articleSection\":[\"Ciberbullying\",\"Eventos\",\"Prevenci\u00f3n\"],\"inLanguage\":\"es\"},{\"@type\":\"WebPage\",\"@id\":\"https:\\\/\\\/www.ciberbullying.com\\\/cyberbullying\\\/2019\\\/01\\\/30\\\/claves-elevar-autoestima-mejor-arma-combatir-acoso-escolar\\\/\",\"url\":\"https:\\\/\\\/www.ciberbullying.com\\\/cyberbullying\\\/2019\\\/01\\\/30\\\/claves-elevar-autoestima-mejor-arma-combatir-acoso-escolar\\\/\",\"name\":\"Claves para elevar la autoestima: la mejor arma para combatir el acoso escolar - CIBERBULLYING\",\"isPartOf\":{\"@id\":\"https:\\\/\\\/www.ciberbullying.com\\\/cyberbullying\\\/#website\"},\"primaryImageOfPage\":{\"@id\":\"https:\\\/\\\/www.ciberbullying.com\\\/cyberbullying\\\/2019\\\/01\\\/30\\\/claves-elevar-autoestima-mejor-arma-combatir-acoso-escolar\\\/#primaryimage\"},\"image\":{\"@id\":\"https:\\\/\\\/www.ciberbullying.com\\\/cyberbullying\\\/2019\\\/01\\\/30\\\/claves-elevar-autoestima-mejor-arma-combatir-acoso-escolar\\\/#primaryimage\"},\"thumbnailUrl\":\"https:\\\/\\\/www.ciberbullying.com\\\/cyberbullying\\\/wp-content\\\/uploads\\\/2019\\\/01\\\/dia-escolar-no-violencia-paz-QueTalEnElcole-acoso-escolar.png\",\"datePublished\":\"2019-01-30T09:45:51+00:00\",\"dateModified\":\"2019-02-06T17:03:52+00:00\",\"author\":{\"@id\":\"https:\\\/\\\/www.ciberbullying.com\\\/cyberbullying\\\/#\\\/schema\\\/person\\\/dff89bf66ee732b07375d9552d359416\"},\"breadcrumb\":{\"@id\":\"https:\\\/\\\/www.ciberbullying.com\\\/cyberbullying\\\/2019\\\/01\\\/30\\\/claves-elevar-autoestima-mejor-arma-combatir-acoso-escolar\\\/#breadcrumb\"},\"inLanguage\":\"es\",\"potentialAction\":[{\"@type\":\"ReadAction\",\"target\":[\"https:\\\/\\\/www.ciberbullying.com\\\/cyberbullying\\\/2019\\\/01\\\/30\\\/claves-elevar-autoestima-mejor-arma-combatir-acoso-escolar\\\/\"]}]},{\"@type\":\"ImageObject\",\"inLanguage\":\"es\",\"@id\":\"https:\\\/\\\/www.ciberbullying.com\\\/cyberbullying\\\/2019\\\/01\\\/30\\\/claves-elevar-autoestima-mejor-arma-combatir-acoso-escolar\\\/#primaryimage\",\"url\":\"https:\\\/\\\/www.ciberbullying.com\\\/cyberbullying\\\/wp-content\\\/uploads\\\/2019\\\/01\\\/dia-escolar-no-violencia-paz-QueTalEnElcole-acoso-escolar.png\",\"contentUrl\":\"https:\\\/\\\/www.ciberbullying.com\\\/cyberbullying\\\/wp-content\\\/uploads\\\/2019\\\/01\\\/dia-escolar-no-violencia-paz-QueTalEnElcole-acoso-escolar.png\",\"width\":1280,\"height\":720,\"caption\":\"imagen-quetalenelcole-acoso-escolar-repsol-\"},{\"@type\":\"BreadcrumbList\",\"@id\":\"https:\\\/\\\/www.ciberbullying.com\\\/cyberbullying\\\/2019\\\/01\\\/30\\\/claves-elevar-autoestima-mejor-arma-combatir-acoso-escolar\\\/#breadcrumb\",\"itemListElement\":[{\"@type\":\"ListItem\",\"position\":1,\"name\":\"Portada\",\"item\":\"https:\\\/\\\/www.ciberbullying.com\\\/cyberbullying\\\/\"},{\"@type\":\"ListItem\",\"position\":2,\"name\":\"Claves para elevar la autoestima: la mejor arma para combatir el acoso escolar\"}]},{\"@type\":\"WebSite\",\"@id\":\"https:\\\/\\\/www.ciberbullying.com\\\/cyberbullying\\\/#website\",\"url\":\"https:\\\/\\\/www.ciberbullying.com\\\/cyberbullying\\\/\",\"name\":\"CIBERBULLYING\",\"description\":\"Acoso escolar \u2013 Ciberacoso entre iguales\",\"potentialAction\":[{\"@type\":\"SearchAction\",\"target\":{\"@type\":\"EntryPoint\",\"urlTemplate\":\"https:\\\/\\\/www.ciberbullying.com\\\/cyberbullying\\\/?s={search_term_string}\"},\"query-input\":{\"@type\":\"PropertyValueSpecification\",\"valueRequired\":true,\"valueName\":\"search_term_string\"}}],\"inLanguage\":\"es\"},{\"@type\":\"Person\",\"@id\":\"https:\\\/\\\/www.ciberbullying.com\\\/cyberbullying\\\/#\\\/schema\\\/person\\\/dff89bf66ee732b07375d9552d359416\",\"name\":\"PantallasAmigas\",\"image\":{\"@type\":\"ImageObject\",\"inLanguage\":\"es\",\"@id\":\"https:\\\/\\\/secure.gravatar.com\\\/avatar\\\/5eab05966ee30ba2d4bdbc7f83f1eb6c99c4e78cb319c02061c4bb4b7dd85bd8?s=96&d=mm&r=g\",\"url\":\"https:\\\/\\\/secure.gravatar.com\\\/avatar\\\/5eab05966ee30ba2d4bdbc7f83f1eb6c99c4e78cb319c02061c4bb4b7dd85bd8?s=96&d=mm&r=g\",\"contentUrl\":\"https:\\\/\\\/secure.gravatar.com\\\/avatar\\\/5eab05966ee30ba2d4bdbc7f83f1eb6c99c4e78cb319c02061c4bb4b7dd85bd8?s=96&d=mm&r=g\",\"caption\":\"PantallasAmigas\"},\"description\":\"PantallasAmigas es una iniciativa fundada en 2004 cuya misi\u00f3n es promover el uso seguro y saludable de las nuevas tecnolog\u00edas as\u00ed como una ciudadan\u00eda digital responsable en la infancia y la adolescencia.\",\"sameAs\":[\"http:\\\/\\\/www.pantallasamigas.net\"]}]}<\/script>\n<!-- \/ Yoast SEO plugin. -->","yoast_head_json":{"title":"Claves para elevar la autoestima: la mejor arma para combatir el acoso escolar - CIBERBULLYING","robots":{"index":"index","follow":"follow","max-snippet":"max-snippet:-1","max-image-preview":"max-image-preview:large","max-video-preview":"max-video-preview:-1"},"canonical":"https:\/\/www.ciberbullying.com\/cyberbullying\/2019\/01\/30\/claves-elevar-autoestima-mejor-arma-combatir-acoso-escolar\/","og_locale":"es_ES","og_type":"article","og_title":"Claves para elevar la autoestima: la mejor arma para combatir el acoso escolar - CIBERBULLYING","og_description":"Una\u00a0autoestima alta en los ni\u00f1os\/as\u00a0facilita que desarrollen la seguridad necesaria para defenderse\u00a0frente al\u00a0bullying \u201c\u00bfQu\u00e9 tal en el cole?\u201d, una pregunta muy sencilla que puede esconder detr\u00e1s una nada f\u00e1cil respuesta. Muchas veces creemos que expresar algo en voz alta lo hace m\u00e1s real, mientras que si lo mantenemos escondido no se siente tanto. El\u00a0bullying\u00a0no es [&hellip;]","og_url":"https:\/\/www.ciberbullying.com\/cyberbullying\/2019\/01\/30\/claves-elevar-autoestima-mejor-arma-combatir-acoso-escolar\/","og_site_name":"CIBERBULLYING","article_published_time":"2019-01-30T09:45:51+00:00","article_modified_time":"2019-02-06T17:03:52+00:00","og_image":[{"width":1280,"height":720,"url":"https:\/\/www.ciberbullying.com\/cyberbullying\/wp-content\/uploads\/2019\/01\/dia-escolar-no-violencia-paz-QueTalEnElcole-acoso-escolar.png","type":"image\/png"}],"author":"PantallasAmigas","twitter_card":"summary_large_image","twitter_misc":{"Escrito por":"PantallasAmigas","Tiempo de lectura":"5 minutos"},"schema":{"@context":"https:\/\/schema.org","@graph":[{"@type":"Article","@id":"https:\/\/www.ciberbullying.com\/cyberbullying\/2019\/01\/30\/claves-elevar-autoestima-mejor-arma-combatir-acoso-escolar\/#article","isPartOf":{"@id":"https:\/\/www.ciberbullying.com\/cyberbullying\/2019\/01\/30\/claves-elevar-autoestima-mejor-arma-combatir-acoso-escolar\/"},"author":{"name":"PantallasAmigas","@id":"https:\/\/www.ciberbullying.com\/cyberbullying\/#\/schema\/person\/dff89bf66ee732b07375d9552d359416"},"headline":"Claves para elevar la autoestima: la mejor arma para combatir el acoso escolar","datePublished":"2019-01-30T09:45:51+00:00","dateModified":"2019-02-06T17:03:52+00:00","mainEntityOfPage":{"@id":"https:\/\/www.ciberbullying.com\/cyberbullying\/2019\/01\/30\/claves-elevar-autoestima-mejor-arma-combatir-acoso-escolar\/"},"wordCount":1008,"image":{"@id":"https:\/\/www.ciberbullying.com\/cyberbullying\/2019\/01\/30\/claves-elevar-autoestima-mejor-arma-combatir-acoso-escolar\/#primaryimage"},"thumbnailUrl":"https:\/\/www.ciberbullying.com\/cyberbullying\/wp-content\/uploads\/2019\/01\/dia-escolar-no-violencia-paz-QueTalEnElcole-acoso-escolar.png","keywords":["acoso","acoso entre iguales","acoso escolar","autoestima","bullying","charlas","ciberacoso","ciberacoso entre iguales","ciberbullying","dia escolar de la no violencia","patricia ramirez","qu\u00e9talenelcole","repsol"],"articleSection":["Ciberbullying","Eventos","Prevenci\u00f3n"],"inLanguage":"es"},{"@type":"WebPage","@id":"https:\/\/www.ciberbullying.com\/cyberbullying\/2019\/01\/30\/claves-elevar-autoestima-mejor-arma-combatir-acoso-escolar\/","url":"https:\/\/www.ciberbullying.com\/cyberbullying\/2019\/01\/30\/claves-elevar-autoestima-mejor-arma-combatir-acoso-escolar\/","name":"Claves para elevar la autoestima: la mejor arma para combatir el acoso escolar - CIBERBULLYING","isPartOf":{"@id":"https:\/\/www.ciberbullying.com\/cyberbullying\/#website"},"primaryImageOfPage":{"@id":"https:\/\/www.ciberbullying.com\/cyberbullying\/2019\/01\/30\/claves-elevar-autoestima-mejor-arma-combatir-acoso-escolar\/#primaryimage"},"image":{"@id":"https:\/\/www.ciberbullying.com\/cyberbullying\/2019\/01\/30\/claves-elevar-autoestima-mejor-arma-combatir-acoso-escolar\/#primaryimage"},"thumbnailUrl":"https:\/\/www.ciberbullying.com\/cyberbullying\/wp-content\/uploads\/2019\/01\/dia-escolar-no-violencia-paz-QueTalEnElcole-acoso-escolar.png","datePublished":"2019-01-30T09:45:51+00:00","dateModified":"2019-02-06T17:03:52+00:00","author":{"@id":"https:\/\/www.ciberbullying.com\/cyberbullying\/#\/schema\/person\/dff89bf66ee732b07375d9552d359416"},"breadcrumb":{"@id":"https:\/\/www.ciberbullying.com\/cyberbullying\/2019\/01\/30\/claves-elevar-autoestima-mejor-arma-combatir-acoso-escolar\/#breadcrumb"},"inLanguage":"es","potentialAction":[{"@type":"ReadAction","target":["https:\/\/www.ciberbullying.com\/cyberbullying\/2019\/01\/30\/claves-elevar-autoestima-mejor-arma-combatir-acoso-escolar\/"]}]},{"@type":"ImageObject","inLanguage":"es","@id":"https:\/\/www.ciberbullying.com\/cyberbullying\/2019\/01\/30\/claves-elevar-autoestima-mejor-arma-combatir-acoso-escolar\/#primaryimage","url":"https:\/\/www.ciberbullying.com\/cyberbullying\/wp-content\/uploads\/2019\/01\/dia-escolar-no-violencia-paz-QueTalEnElcole-acoso-escolar.png","contentUrl":"https:\/\/www.ciberbullying.com\/cyberbullying\/wp-content\/uploads\/2019\/01\/dia-escolar-no-violencia-paz-QueTalEnElcole-acoso-escolar.png","width":1280,"height":720,"caption":"imagen-quetalenelcole-acoso-escolar-repsol-"},{"@type":"BreadcrumbList","@id":"https:\/\/www.ciberbullying.com\/cyberbullying\/2019\/01\/30\/claves-elevar-autoestima-mejor-arma-combatir-acoso-escolar\/#breadcrumb","itemListElement":[{"@type":"ListItem","position":1,"name":"Portada","item":"https:\/\/www.ciberbullying.com\/cyberbullying\/"},{"@type":"ListItem","position":2,"name":"Claves para elevar la autoestima: la mejor arma para combatir el acoso escolar"}]},{"@type":"WebSite","@id":"https:\/\/www.ciberbullying.com\/cyberbullying\/#website","url":"https:\/\/www.ciberbullying.com\/cyberbullying\/","name":"CIBERBULLYING","description":"Acoso escolar \u2013 Ciberacoso entre iguales","potentialAction":[{"@type":"SearchAction","target":{"@type":"EntryPoint","urlTemplate":"https:\/\/www.ciberbullying.com\/cyberbullying\/?s={search_term_string}"},"query-input":{"@type":"PropertyValueSpecification","valueRequired":true,"valueName":"search_term_string"}}],"inLanguage":"es"},{"@type":"Person","@id":"https:\/\/www.ciberbullying.com\/cyberbullying\/#\/schema\/person\/dff89bf66ee732b07375d9552d359416","name":"PantallasAmigas","image":{"@type":"ImageObject","inLanguage":"es","@id":"https:\/\/secure.gravatar.com\/avatar\/5eab05966ee30ba2d4bdbc7f83f1eb6c99c4e78cb319c02061c4bb4b7dd85bd8?s=96&d=mm&r=g","url":"https:\/\/secure.gravatar.com\/avatar\/5eab05966ee30ba2d4bdbc7f83f1eb6c99c4e78cb319c02061c4bb4b7dd85bd8?s=96&d=mm&r=g","contentUrl":"https:\/\/secure.gravatar.com\/avatar\/5eab05966ee30ba2d4bdbc7f83f1eb6c99c4e78cb319c02061c4bb4b7dd85bd8?s=96&d=mm&r=g","caption":"PantallasAmigas"},"description":"PantallasAmigas es una iniciativa fundada en 2004 cuya misi\u00f3n es promover el uso seguro y saludable de las nuevas tecnolog\u00edas as\u00ed como una ciudadan\u00eda digital responsable en la infancia y la adolescencia.","sameAs":["http:\/\/www.pantallasamigas.net"]}]}},"_links":{"self":[{"href":"https:\/\/www.ciberbullying.com\/cyberbullying\/wp-json\/wp\/v2\/posts\/1162","targetHints":{"allow":["GET"]}}],"collection":[{"href":"https:\/\/www.ciberbullying.com\/cyberbullying\/wp-json\/wp\/v2\/posts"}],"about":[{"href":"https:\/\/www.ciberbullying.com\/cyberbullying\/wp-json\/wp\/v2\/types\/post"}],"author":[{"embeddable":true,"href":"https:\/\/www.ciberbullying.com\/cyberbullying\/wp-json\/wp\/v2\/users\/1"}],"replies":[{"embeddable":true,"href":"https:\/\/www.ciberbullying.com\/cyberbullying\/wp-json\/wp\/v2\/comments?post=1162"}],"version-history":[{"count":32,"href":"https:\/\/www.ciberbullying.com\/cyberbullying\/wp-json\/wp\/v2\/posts\/1162\/revisions"}],"predecessor-version":[{"id":1196,"href":"https:\/\/www.ciberbullying.com\/cyberbullying\/wp-json\/wp\/v2\/posts\/1162\/revisions\/1196"}],"wp:featuredmedia":[{"embeddable":true,"href":"https:\/\/www.ciberbullying.com\/cyberbullying\/wp-json\/wp\/v2\/media\/1163"}],"wp:attachment":[{"href":"https:\/\/www.ciberbullying.com\/cyberbullying\/wp-json\/wp\/v2\/media?parent=1162"}],"wp:term":[{"taxonomy":"category","embeddable":true,"href":"https:\/\/www.ciberbullying.com\/cyberbullying\/wp-json\/wp\/v2\/categories?post=1162"},{"taxonomy":"post_tag","embeddable":true,"href":"https:\/\/www.ciberbullying.com\/cyberbullying\/wp-json\/wp\/v2\/tags?post=1162"}],"curies":[{"name":"wp","href":"https:\/\/api.w.org\/{rel}","templated":true}]}}