{"id":1144,"date":"2019-01-25T13:51:24","date_gmt":"2019-01-25T12:51:24","guid":{"rendered":"https:\/\/www.ciberbullying.com\/cyberbullying\/?p=1144"},"modified":"2019-01-31T10:52:42","modified_gmt":"2019-01-31T09:52:42","slug":"acosado-acosador-dos-caras-bullying","status":"publish","type":"post","link":"https:\/\/www.ciberbullying.com\/cyberbullying\/2019\/01\/25\/acosado-acosador-dos-caras-bullying\/","title":{"rendered":"De acosado a acosador s\u00f3lo hay una \u00abr\u00bb: las dos caras del bullying"},"content":{"rendered":"<h3 style=\"text-align: left;\"><strong>El \u00abhermano mayor\u00bb Pedro Garc\u00eda Aguado reconoce que ha vivido el\u00a0acoso escolar como v\u00edctima y acosador\u00a0<\/strong><\/h3>\n<p style=\"text-align: justify;\"><strong>\u00ab\u00bfQu\u00e9 tal en el cole?\u00bb, una pregunta muy sencilla que puede esconder detr\u00e1s una nada f\u00e1cil respuesta. Muchas veces creemos que expresar algo en voz alta lo hace m\u00e1s real, mientras que si lo mantenemos escondido no se siente tanto. El\u00a0<em>bullying<\/em>\u00a0no es menos acoso por guardarlo en silencio, simplemente es una realidad\u00a0esperando una llamada de auxilio.\u00a0<a href=\"https:\/\/www.repsol.es\/es\/landings\/quetalenelcole\/index.cshtml\" target=\"_blank\">La\u00a0campa\u00f1a #Qu\u00e9TalEnElCole<\/a>\u00a0lanzada por Repsol anima a padres y madres a iniciar el di\u00e1logo con sus hijos\/as, precisamente porque es menos probable que \u00e9stos tomen la iniciativa de hablar en busca de ayuda. El <em>hermano mayor<\/em>, Pedro Garc\u00eda Aguado se une a\u00a0esta lucha aportando su testimonio.<\/strong><\/p>\n<div id=\"attachment_1147\" style=\"width: 730px\" class=\"wp-caption aligncenter\"><a href=\"https:\/\/www.ciberbullying.com\/cyberbullying\/wp-content\/uploads\/2019\/01\/Pedro-Garcia-Aguado-Ciberbullying-QueTalEnElCole.png\"><img fetchpriority=\"high\" decoding=\"async\" aria-describedby=\"caption-attachment-1147\" class=\"size-large wp-image-1147\" src=\"https:\/\/www.ciberbullying.com\/cyberbullying\/wp-content\/uploads\/2019\/01\/Pedro-Garcia-Aguado-Ciberbullying-QueTalEnElCole-1024x645.png\" alt=\"pedro-garcia-aguado-ciberbullying-quetalenelcole\" width=\"720\" height=\"454\" srcset=\"https:\/\/www.ciberbullying.com\/cyberbullying\/wp-content\/uploads\/2019\/01\/Pedro-Garcia-Aguado-Ciberbullying-QueTalEnElCole-1024x645.png 1024w, https:\/\/www.ciberbullying.com\/cyberbullying\/wp-content\/uploads\/2019\/01\/Pedro-Garcia-Aguado-Ciberbullying-QueTalEnElCole-300x189.png 300w, https:\/\/www.ciberbullying.com\/cyberbullying\/wp-content\/uploads\/2019\/01\/Pedro-Garcia-Aguado-Ciberbullying-QueTalEnElCole-768x484.png 768w, https:\/\/www.ciberbullying.com\/cyberbullying\/wp-content\/uploads\/2019\/01\/Pedro-Garcia-Aguado-Ciberbullying-QueTalEnElCole.png 1137w\" sizes=\"(max-width: 720px) 100vw, 720px\" \/><\/a><p id=\"caption-attachment-1147\" class=\"wp-caption-text\">El\u00a0ex jugador de waterpolo, Pedro Garc\u00eda Aguado, durante su charla en el evento #Qu\u00e9TalEnElCole.<\/p><\/div>\n<p style=\"text-align: justify;\">La compa\u00f1\u00eda de energ\u00eda se ha decidido por este proyecto para <strong>tratar de\u00a0dar visibilidad al acoso escolar<\/strong>. Para ello, ha contado con la ayuda de Patricia Ram\u00edrez,\u00a0considerada\u00a0recientemente la psic\u00f3loga m\u00e1s influyente de Espa\u00f1a. A trav\u00e9s de varios v\u00eddeos con un coche como\u00a0escenario, Ram\u00edrez ofrece\u00a0<a href=\"https:\/\/www.repsol.es\/es\/landings\/quetalenelcole\/consejos.cshtml\" target=\"_blank\">consejos y t\u00e9cnicas<\/a>\u00a0dirigidas\u00a0a padres y madres a la hora de combatir el\u00a0<em>bullying<\/em>.<\/p>\n<p style=\"text-align: justify;\"><!--more--><\/p>\n<p style=\"text-align: justify;\">En el marco de esta campa\u00f1a, se celebraba\u00a0<a href=\"https:\/\/www.pantallasamigas.net\/repsol-lanza-la-campana-quetalenelcole-contra-el-bullying-y-el-ciberacoso-escolar\/\" target=\"_blank\">un evento el pasado 15 de octubre<\/a>\u00a0en el que cinco rostros p\u00fablicos abordaban el acoso escolar desde diferentes planos. El ex jugador de waterpolo, <a href=\"https:\/\/twitter.com\/pgaguado\" target=\"_blank\">Pedro Garc\u00eda Aguado<\/a> era uno de ellos. En una charla de 15 minutos de duraci\u00f3n, <strong>el \u00abhermano mayor\u00bb se reconoc\u00eda como una v\u00edctima de bullying en la infancia, pero tambi\u00e9n como acosador<\/strong>\u00a0<strong>en el instituto<\/strong> y\u00a0se\u00f1alaba la educaci\u00f3n como herramienta clave\u00a0para enfrentar esta realidad.<\/p>\n<p style=\"text-align: justify;\">A trav\u00e9s de su testimonio, pod\u00edamos conocer su miedo por las amenazas de sus compa\u00f1eros al salir de\u00a0clase o c\u00f3mo su hija se agarraba la barriga cada ma\u00f1ana sujetando un dolor que, en realidad, somatizaba s\u00f3lo para no asistir al colegio. Garc\u00eda Aguado\u00a0trataba tambi\u00e9n\u00a0de\u00a0encontrar en la <strong>educaci\u00f3n familiar, la falta de afectividad o la b\u00fasqueda de atenci\u00f3n<\/strong>, las posibles razones por las que un ni\u00f1o\/a puede llegar a acosar.<\/p>\n<p style=\"text-align: justify;\"><iframe data-src=\"https:\/\/www.youtube.com\/embed\/FkzJ-C4Pqkc\" width=\"560\" height=\"315\" frameborder=\"0\" allowfullscreen=\"allowfullscreen\" src=\"data:image\/svg+xml;base64,PHN2ZyB3aWR0aD0iMSIgaGVpZ2h0PSIxIiB4bWxucz0iaHR0cDovL3d3dy53My5vcmcvMjAwMC9zdmciPjwvc3ZnPg==\" class=\"lazyload\" data-load-mode=\"1\"><\/iframe><\/p>\n<p style=\"text-align: justify;\">Al resto de ponencias\u00a0les pon\u00edan cara el\u00a0<a href=\"https:\/\/www.ciberbullying.com\/cyberbullying\/2019\/01\/18\/genios-acoso\/\" target=\"_blank\">presentador de televisi\u00f3n Christian G\u00e1lvez<\/a>,\u00a0la <a href=\"https:\/\/www.ciberbullying.com\/cyberbullying\/2019\/01\/21\/sonrisa-mejor-arma-luchar-bullying\/\" target=\"_blank\">cantante Miriam Fern\u00e1ndez<\/a>, la propia Ram\u00edrez\u00a0y el fundador de PantallasAmigas,\u00a0<a href=\"https:\/\/www.pantallasamigas.net\/jorge-flores-fernandez\/\">Jorge Flores.<\/a>\u00a0Desde estudiantes y profesores hasta padres, madres o especialistas de la Pedagog\u00eda se daban cita en un foro cuyo hilo argumental\u00a0atend\u00eda la\u00a0<strong>necesidad de poner freno<\/strong>\u00a0a\u00a0una cruel realidad como la del bullying y el\u00a0<em>ciberacoso<\/em>\u00a0escolar. Quiz\u00e1 el primer\u00a0asalto\u00a0comience por cuestionarse #Qu\u00e9TalEnElCole.<\/p>\n","protected":false},"excerpt":{"rendered":"<p>El \u00abhermano mayor\u00bb Pedro Garc\u00eda Aguado reconoce que ha vivido el\u00a0acoso escolar como v\u00edctima y acosador\u00a0 \u00ab\u00bfQu\u00e9 tal en el cole?\u00bb, una pregunta muy sencilla que puede esconder detr\u00e1s una nada f\u00e1cil respuesta. Muchas veces creemos que expresar algo en voz alta lo hace m\u00e1s real, mientras que si lo mantenemos escondido no se siente [&hellip;]<\/p>\n","protected":false},"author":1,"featured_media":1147,"comment_status":"closed","ping_status":"open","sticky":false,"template":"","format":"standard","meta":{"footnotes":""},"categories":[1,310],"tags":[431,264,28,27,813,8,289,906,902,903,907],"class_list":["post-1144","post","type-post","status-publish","format-standard","has-post-thumbnail","hentry","category-ciberbullying","category-eventos-2","tag-acosadores","tag-acoso-escolar","tag-bullying","tag-ciberacoso","tag-ciberacoso-entre-iguales","tag-ciberbullying-2","tag-conferencias","tag-evento","tag-quetalenelcole","tag-repsol","tag-victima"],"yoast_head":"<!-- This site is optimized with the Yoast SEO plugin v27.4 - https:\/\/yoast.com\/product\/yoast-seo-wordpress\/ -->\n<title>De acosado a acosador s\u00f3lo hay una &quot;r&quot;: las dos caras del bullying - CIBERBULLYING<\/title>\n<meta name=\"robots\" content=\"index, follow, max-snippet:-1, max-image-preview:large, max-video-preview:-1\" \/>\n<link rel=\"canonical\" href=\"https:\/\/www.ciberbullying.com\/cyberbullying\/2019\/01\/25\/acosado-acosador-dos-caras-bullying\/\" \/>\n<meta property=\"og:locale\" content=\"es_ES\" \/>\n<meta property=\"og:type\" content=\"article\" \/>\n<meta property=\"og:title\" content=\"De acosado a acosador s\u00f3lo hay una &quot;r&quot;: las dos caras del bullying - CIBERBULLYING\" \/>\n<meta property=\"og:description\" content=\"El \u00abhermano mayor\u00bb Pedro Garc\u00eda Aguado reconoce que ha vivido el\u00a0acoso escolar como v\u00edctima y acosador\u00a0 \u00ab\u00bfQu\u00e9 tal en el cole?\u00bb, una pregunta muy sencilla que puede esconder detr\u00e1s una nada f\u00e1cil respuesta. Muchas veces creemos que expresar algo en voz alta lo hace m\u00e1s real, mientras que si lo mantenemos escondido no se siente [&hellip;]\" \/>\n<meta property=\"og:url\" content=\"https:\/\/www.ciberbullying.com\/cyberbullying\/2019\/01\/25\/acosado-acosador-dos-caras-bullying\/\" \/>\n<meta property=\"og:site_name\" content=\"CIBERBULLYING\" \/>\n<meta property=\"article:published_time\" content=\"2019-01-25T12:51:24+00:00\" \/>\n<meta property=\"article:modified_time\" content=\"2019-01-31T09:52:42+00:00\" \/>\n<meta property=\"og:image\" content=\"https:\/\/www.ciberbullying.com\/cyberbullying\/wp-content\/uploads\/2019\/01\/Pedro-Garcia-Aguado-Ciberbullying-QueTalEnElCole.png\" \/>\n\t<meta property=\"og:image:width\" content=\"1137\" \/>\n\t<meta property=\"og:image:height\" content=\"716\" \/>\n\t<meta property=\"og:image:type\" content=\"image\/png\" \/>\n<meta name=\"author\" content=\"PantallasAmigas\" \/>\n<meta name=\"twitter:card\" content=\"summary_large_image\" \/>\n<meta name=\"twitter:label1\" content=\"Escrito por\" \/>\n\t<meta name=\"twitter:data1\" content=\"PantallasAmigas\" \/>\n\t<meta name=\"twitter:label2\" content=\"Tiempo de lectura\" \/>\n\t<meta name=\"twitter:data2\" content=\"2 minutos\" \/>\n<script type=\"application\/ld+json\" class=\"yoast-schema-graph\">{\"@context\":\"https:\\\/\\\/schema.org\",\"@graph\":[{\"@type\":\"Article\",\"@id\":\"https:\\\/\\\/www.ciberbullying.com\\\/cyberbullying\\\/2019\\\/01\\\/25\\\/acosado-acosador-dos-caras-bullying\\\/#article\",\"isPartOf\":{\"@id\":\"https:\\\/\\\/www.ciberbullying.com\\\/cyberbullying\\\/2019\\\/01\\\/25\\\/acosado-acosador-dos-caras-bullying\\\/\"},\"author\":{\"name\":\"PantallasAmigas\",\"@id\":\"https:\\\/\\\/www.ciberbullying.com\\\/cyberbullying\\\/#\\\/schema\\\/person\\\/dff89bf66ee732b07375d9552d359416\"},\"headline\":\"De acosado a acosador s\u00f3lo hay una \u00abr\u00bb: las dos caras del bullying\",\"datePublished\":\"2019-01-25T12:51:24+00:00\",\"dateModified\":\"2019-01-31T09:52:42+00:00\",\"mainEntityOfPage\":{\"@id\":\"https:\\\/\\\/www.ciberbullying.com\\\/cyberbullying\\\/2019\\\/01\\\/25\\\/acosado-acosador-dos-caras-bullying\\\/\"},\"wordCount\":499,\"image\":{\"@id\":\"https:\\\/\\\/www.ciberbullying.com\\\/cyberbullying\\\/2019\\\/01\\\/25\\\/acosado-acosador-dos-caras-bullying\\\/#primaryimage\"},\"thumbnailUrl\":\"https:\\\/\\\/www.ciberbullying.com\\\/cyberbullying\\\/wp-content\\\/uploads\\\/2019\\\/01\\\/Pedro-Garcia-Aguado-Ciberbullying-QueTalEnElCole.png\",\"keywords\":[\"acosadores\",\"acoso escolar\",\"bullying\",\"ciberacoso\",\"ciberacoso entre iguales\",\"ciberbullying\",\"conferencias\",\"evento\",\"qu\u00e9talenelcole\",\"repsol\",\"victima\"],\"articleSection\":[\"Ciberbullying\",\"Eventos\"],\"inLanguage\":\"es\"},{\"@type\":\"WebPage\",\"@id\":\"https:\\\/\\\/www.ciberbullying.com\\\/cyberbullying\\\/2019\\\/01\\\/25\\\/acosado-acosador-dos-caras-bullying\\\/\",\"url\":\"https:\\\/\\\/www.ciberbullying.com\\\/cyberbullying\\\/2019\\\/01\\\/25\\\/acosado-acosador-dos-caras-bullying\\\/\",\"name\":\"De acosado a acosador s\u00f3lo hay una \\\"r\\\": las dos caras del bullying - CIBERBULLYING\",\"isPartOf\":{\"@id\":\"https:\\\/\\\/www.ciberbullying.com\\\/cyberbullying\\\/#website\"},\"primaryImageOfPage\":{\"@id\":\"https:\\\/\\\/www.ciberbullying.com\\\/cyberbullying\\\/2019\\\/01\\\/25\\\/acosado-acosador-dos-caras-bullying\\\/#primaryimage\"},\"image\":{\"@id\":\"https:\\\/\\\/www.ciberbullying.com\\\/cyberbullying\\\/2019\\\/01\\\/25\\\/acosado-acosador-dos-caras-bullying\\\/#primaryimage\"},\"thumbnailUrl\":\"https:\\\/\\\/www.ciberbullying.com\\\/cyberbullying\\\/wp-content\\\/uploads\\\/2019\\\/01\\\/Pedro-Garcia-Aguado-Ciberbullying-QueTalEnElCole.png\",\"datePublished\":\"2019-01-25T12:51:24+00:00\",\"dateModified\":\"2019-01-31T09:52:42+00:00\",\"author\":{\"@id\":\"https:\\\/\\\/www.ciberbullying.com\\\/cyberbullying\\\/#\\\/schema\\\/person\\\/dff89bf66ee732b07375d9552d359416\"},\"breadcrumb\":{\"@id\":\"https:\\\/\\\/www.ciberbullying.com\\\/cyberbullying\\\/2019\\\/01\\\/25\\\/acosado-acosador-dos-caras-bullying\\\/#breadcrumb\"},\"inLanguage\":\"es\",\"potentialAction\":[{\"@type\":\"ReadAction\",\"target\":[\"https:\\\/\\\/www.ciberbullying.com\\\/cyberbullying\\\/2019\\\/01\\\/25\\\/acosado-acosador-dos-caras-bullying\\\/\"]}]},{\"@type\":\"ImageObject\",\"inLanguage\":\"es\",\"@id\":\"https:\\\/\\\/www.ciberbullying.com\\\/cyberbullying\\\/2019\\\/01\\\/25\\\/acosado-acosador-dos-caras-bullying\\\/#primaryimage\",\"url\":\"https:\\\/\\\/www.ciberbullying.com\\\/cyberbullying\\\/wp-content\\\/uploads\\\/2019\\\/01\\\/Pedro-Garcia-Aguado-Ciberbullying-QueTalEnElCole.png\",\"contentUrl\":\"https:\\\/\\\/www.ciberbullying.com\\\/cyberbullying\\\/wp-content\\\/uploads\\\/2019\\\/01\\\/Pedro-Garcia-Aguado-Ciberbullying-QueTalEnElCole.png\",\"width\":1137,\"height\":716,\"caption\":\"El \\\"hermano mayor\\\" Pedro Garc\u00eda Aguado , durante su charla en el evento #Qu\u00e9TalEnElCole.\"},{\"@type\":\"BreadcrumbList\",\"@id\":\"https:\\\/\\\/www.ciberbullying.com\\\/cyberbullying\\\/2019\\\/01\\\/25\\\/acosado-acosador-dos-caras-bullying\\\/#breadcrumb\",\"itemListElement\":[{\"@type\":\"ListItem\",\"position\":1,\"name\":\"Portada\",\"item\":\"https:\\\/\\\/www.ciberbullying.com\\\/cyberbullying\\\/\"},{\"@type\":\"ListItem\",\"position\":2,\"name\":\"De acosado a acosador s\u00f3lo hay una &#8220;r&#8221;: las dos caras del bullying\"}]},{\"@type\":\"WebSite\",\"@id\":\"https:\\\/\\\/www.ciberbullying.com\\\/cyberbullying\\\/#website\",\"url\":\"https:\\\/\\\/www.ciberbullying.com\\\/cyberbullying\\\/\",\"name\":\"CIBERBULLYING\",\"description\":\"Acoso escolar \u2013 Ciberacoso entre iguales\",\"potentialAction\":[{\"@type\":\"SearchAction\",\"target\":{\"@type\":\"EntryPoint\",\"urlTemplate\":\"https:\\\/\\\/www.ciberbullying.com\\\/cyberbullying\\\/?s={search_term_string}\"},\"query-input\":{\"@type\":\"PropertyValueSpecification\",\"valueRequired\":true,\"valueName\":\"search_term_string\"}}],\"inLanguage\":\"es\"},{\"@type\":\"Person\",\"@id\":\"https:\\\/\\\/www.ciberbullying.com\\\/cyberbullying\\\/#\\\/schema\\\/person\\\/dff89bf66ee732b07375d9552d359416\",\"name\":\"PantallasAmigas\",\"image\":{\"@type\":\"ImageObject\",\"inLanguage\":\"es\",\"@id\":\"https:\\\/\\\/secure.gravatar.com\\\/avatar\\\/5eab05966ee30ba2d4bdbc7f83f1eb6c99c4e78cb319c02061c4bb4b7dd85bd8?s=96&d=mm&r=g\",\"url\":\"https:\\\/\\\/secure.gravatar.com\\\/avatar\\\/5eab05966ee30ba2d4bdbc7f83f1eb6c99c4e78cb319c02061c4bb4b7dd85bd8?s=96&d=mm&r=g\",\"contentUrl\":\"https:\\\/\\\/secure.gravatar.com\\\/avatar\\\/5eab05966ee30ba2d4bdbc7f83f1eb6c99c4e78cb319c02061c4bb4b7dd85bd8?s=96&d=mm&r=g\",\"caption\":\"PantallasAmigas\"},\"description\":\"PantallasAmigas es una iniciativa fundada en 2004 cuya misi\u00f3n es promover el uso seguro y saludable de las nuevas tecnolog\u00edas as\u00ed como una ciudadan\u00eda digital responsable en la infancia y la adolescencia.\",\"sameAs\":[\"http:\\\/\\\/www.pantallasamigas.net\"]}]}<\/script>\n<!-- \/ Yoast SEO plugin. -->","yoast_head_json":{"title":"De acosado a acosador s\u00f3lo hay una \"r\": las dos caras del bullying - CIBERBULLYING","robots":{"index":"index","follow":"follow","max-snippet":"max-snippet:-1","max-image-preview":"max-image-preview:large","max-video-preview":"max-video-preview:-1"},"canonical":"https:\/\/www.ciberbullying.com\/cyberbullying\/2019\/01\/25\/acosado-acosador-dos-caras-bullying\/","og_locale":"es_ES","og_type":"article","og_title":"De acosado a acosador s\u00f3lo hay una \"r\": las dos caras del bullying - CIBERBULLYING","og_description":"El \u00abhermano mayor\u00bb Pedro Garc\u00eda Aguado reconoce que ha vivido el\u00a0acoso escolar como v\u00edctima y acosador\u00a0 \u00ab\u00bfQu\u00e9 tal en el cole?\u00bb, una pregunta muy sencilla que puede esconder detr\u00e1s una nada f\u00e1cil respuesta. Muchas veces creemos que expresar algo en voz alta lo hace m\u00e1s real, mientras que si lo mantenemos escondido no se siente [&hellip;]","og_url":"https:\/\/www.ciberbullying.com\/cyberbullying\/2019\/01\/25\/acosado-acosador-dos-caras-bullying\/","og_site_name":"CIBERBULLYING","article_published_time":"2019-01-25T12:51:24+00:00","article_modified_time":"2019-01-31T09:52:42+00:00","og_image":[{"width":1137,"height":716,"url":"https:\/\/www.ciberbullying.com\/cyberbullying\/wp-content\/uploads\/2019\/01\/Pedro-Garcia-Aguado-Ciberbullying-QueTalEnElCole.png","type":"image\/png"}],"author":"PantallasAmigas","twitter_card":"summary_large_image","twitter_misc":{"Escrito por":"PantallasAmigas","Tiempo de lectura":"2 minutos"},"schema":{"@context":"https:\/\/schema.org","@graph":[{"@type":"Article","@id":"https:\/\/www.ciberbullying.com\/cyberbullying\/2019\/01\/25\/acosado-acosador-dos-caras-bullying\/#article","isPartOf":{"@id":"https:\/\/www.ciberbullying.com\/cyberbullying\/2019\/01\/25\/acosado-acosador-dos-caras-bullying\/"},"author":{"name":"PantallasAmigas","@id":"https:\/\/www.ciberbullying.com\/cyberbullying\/#\/schema\/person\/dff89bf66ee732b07375d9552d359416"},"headline":"De acosado a acosador s\u00f3lo hay una \u00abr\u00bb: las dos caras del bullying","datePublished":"2019-01-25T12:51:24+00:00","dateModified":"2019-01-31T09:52:42+00:00","mainEntityOfPage":{"@id":"https:\/\/www.ciberbullying.com\/cyberbullying\/2019\/01\/25\/acosado-acosador-dos-caras-bullying\/"},"wordCount":499,"image":{"@id":"https:\/\/www.ciberbullying.com\/cyberbullying\/2019\/01\/25\/acosado-acosador-dos-caras-bullying\/#primaryimage"},"thumbnailUrl":"https:\/\/www.ciberbullying.com\/cyberbullying\/wp-content\/uploads\/2019\/01\/Pedro-Garcia-Aguado-Ciberbullying-QueTalEnElCole.png","keywords":["acosadores","acoso escolar","bullying","ciberacoso","ciberacoso entre iguales","ciberbullying","conferencias","evento","qu\u00e9talenelcole","repsol","victima"],"articleSection":["Ciberbullying","Eventos"],"inLanguage":"es"},{"@type":"WebPage","@id":"https:\/\/www.ciberbullying.com\/cyberbullying\/2019\/01\/25\/acosado-acosador-dos-caras-bullying\/","url":"https:\/\/www.ciberbullying.com\/cyberbullying\/2019\/01\/25\/acosado-acosador-dos-caras-bullying\/","name":"De acosado a acosador s\u00f3lo hay una \"r\": las dos caras del bullying - CIBERBULLYING","isPartOf":{"@id":"https:\/\/www.ciberbullying.com\/cyberbullying\/#website"},"primaryImageOfPage":{"@id":"https:\/\/www.ciberbullying.com\/cyberbullying\/2019\/01\/25\/acosado-acosador-dos-caras-bullying\/#primaryimage"},"image":{"@id":"https:\/\/www.ciberbullying.com\/cyberbullying\/2019\/01\/25\/acosado-acosador-dos-caras-bullying\/#primaryimage"},"thumbnailUrl":"https:\/\/www.ciberbullying.com\/cyberbullying\/wp-content\/uploads\/2019\/01\/Pedro-Garcia-Aguado-Ciberbullying-QueTalEnElCole.png","datePublished":"2019-01-25T12:51:24+00:00","dateModified":"2019-01-31T09:52:42+00:00","author":{"@id":"https:\/\/www.ciberbullying.com\/cyberbullying\/#\/schema\/person\/dff89bf66ee732b07375d9552d359416"},"breadcrumb":{"@id":"https:\/\/www.ciberbullying.com\/cyberbullying\/2019\/01\/25\/acosado-acosador-dos-caras-bullying\/#breadcrumb"},"inLanguage":"es","potentialAction":[{"@type":"ReadAction","target":["https:\/\/www.ciberbullying.com\/cyberbullying\/2019\/01\/25\/acosado-acosador-dos-caras-bullying\/"]}]},{"@type":"ImageObject","inLanguage":"es","@id":"https:\/\/www.ciberbullying.com\/cyberbullying\/2019\/01\/25\/acosado-acosador-dos-caras-bullying\/#primaryimage","url":"https:\/\/www.ciberbullying.com\/cyberbullying\/wp-content\/uploads\/2019\/01\/Pedro-Garcia-Aguado-Ciberbullying-QueTalEnElCole.png","contentUrl":"https:\/\/www.ciberbullying.com\/cyberbullying\/wp-content\/uploads\/2019\/01\/Pedro-Garcia-Aguado-Ciberbullying-QueTalEnElCole.png","width":1137,"height":716,"caption":"El \"hermano mayor\" Pedro Garc\u00eda Aguado , durante su charla en el evento #Qu\u00e9TalEnElCole."},{"@type":"BreadcrumbList","@id":"https:\/\/www.ciberbullying.com\/cyberbullying\/2019\/01\/25\/acosado-acosador-dos-caras-bullying\/#breadcrumb","itemListElement":[{"@type":"ListItem","position":1,"name":"Portada","item":"https:\/\/www.ciberbullying.com\/cyberbullying\/"},{"@type":"ListItem","position":2,"name":"De acosado a acosador s\u00f3lo hay una &#8220;r&#8221;: las dos caras del bullying"}]},{"@type":"WebSite","@id":"https:\/\/www.ciberbullying.com\/cyberbullying\/#website","url":"https:\/\/www.ciberbullying.com\/cyberbullying\/","name":"CIBERBULLYING","description":"Acoso escolar \u2013 Ciberacoso entre iguales","potentialAction":[{"@type":"SearchAction","target":{"@type":"EntryPoint","urlTemplate":"https:\/\/www.ciberbullying.com\/cyberbullying\/?s={search_term_string}"},"query-input":{"@type":"PropertyValueSpecification","valueRequired":true,"valueName":"search_term_string"}}],"inLanguage":"es"},{"@type":"Person","@id":"https:\/\/www.ciberbullying.com\/cyberbullying\/#\/schema\/person\/dff89bf66ee732b07375d9552d359416","name":"PantallasAmigas","image":{"@type":"ImageObject","inLanguage":"es","@id":"https:\/\/secure.gravatar.com\/avatar\/5eab05966ee30ba2d4bdbc7f83f1eb6c99c4e78cb319c02061c4bb4b7dd85bd8?s=96&d=mm&r=g","url":"https:\/\/secure.gravatar.com\/avatar\/5eab05966ee30ba2d4bdbc7f83f1eb6c99c4e78cb319c02061c4bb4b7dd85bd8?s=96&d=mm&r=g","contentUrl":"https:\/\/secure.gravatar.com\/avatar\/5eab05966ee30ba2d4bdbc7f83f1eb6c99c4e78cb319c02061c4bb4b7dd85bd8?s=96&d=mm&r=g","caption":"PantallasAmigas"},"description":"PantallasAmigas es una iniciativa fundada en 2004 cuya misi\u00f3n es promover el uso seguro y saludable de las nuevas tecnolog\u00edas as\u00ed como una ciudadan\u00eda digital responsable en la infancia y la adolescencia.","sameAs":["http:\/\/www.pantallasamigas.net"]}]}},"_links":{"self":[{"href":"https:\/\/www.ciberbullying.com\/cyberbullying\/wp-json\/wp\/v2\/posts\/1144","targetHints":{"allow":["GET"]}}],"collection":[{"href":"https:\/\/www.ciberbullying.com\/cyberbullying\/wp-json\/wp\/v2\/posts"}],"about":[{"href":"https:\/\/www.ciberbullying.com\/cyberbullying\/wp-json\/wp\/v2\/types\/post"}],"author":[{"embeddable":true,"href":"https:\/\/www.ciberbullying.com\/cyberbullying\/wp-json\/wp\/v2\/users\/1"}],"replies":[{"embeddable":true,"href":"https:\/\/www.ciberbullying.com\/cyberbullying\/wp-json\/wp\/v2\/comments?post=1144"}],"version-history":[{"count":15,"href":"https:\/\/www.ciberbullying.com\/cyberbullying\/wp-json\/wp\/v2\/posts\/1144\/revisions"}],"predecessor-version":[{"id":1195,"href":"https:\/\/www.ciberbullying.com\/cyberbullying\/wp-json\/wp\/v2\/posts\/1144\/revisions\/1195"}],"wp:featuredmedia":[{"embeddable":true,"href":"https:\/\/www.ciberbullying.com\/cyberbullying\/wp-json\/wp\/v2\/media\/1147"}],"wp:attachment":[{"href":"https:\/\/www.ciberbullying.com\/cyberbullying\/wp-json\/wp\/v2\/media?parent=1144"}],"wp:term":[{"taxonomy":"category","embeddable":true,"href":"https:\/\/www.ciberbullying.com\/cyberbullying\/wp-json\/wp\/v2\/categories?post=1144"},{"taxonomy":"post_tag","embeddable":true,"href":"https:\/\/www.ciberbullying.com\/cyberbullying\/wp-json\/wp\/v2\/tags?post=1144"}],"curies":[{"name":"wp","href":"https:\/\/api.w.org\/{rel}","templated":true}]}}