{"id":1128,"date":"2019-01-21T15:54:33","date_gmt":"2019-01-21T14:54:33","guid":{"rendered":"https:\/\/www.ciberbullying.com\/cyberbullying\/?p=1128"},"modified":"2019-02-05T17:38:26","modified_gmt":"2019-02-05T16:38:26","slug":"sonrisa-mejor-arma-luchar-bullying","status":"publish","type":"post","link":"https:\/\/www.ciberbullying.com\/cyberbullying\/2019\/01\/21\/sonrisa-mejor-arma-luchar-bullying\/","title":{"rendered":"\u00bfY si la sonrisa es la mejor estrategia para luchar contra el bullying?"},"content":{"rendered":"<h3 style=\"text-align: justify;\"><strong>La cantante Miriam Fern\u00e1ndez confiesa que el acoso escolar que sufr\u00eda\u00a0ces\u00f3 cuando empez\u00f3 a sonre\u00edr a sus acosadores<\/strong><\/h3>\n<p style=\"text-align: justify;\"><strong>\u00ab\u00bfQu\u00e9 tal en el cole?\u00bb, una pregunta muy sencilla que puede esconder detr\u00e1s una nada f\u00e1cil respuesta. Muchas veces creemos que expresar algo en voz alta lo hace m\u00e1s real, mientras que si lo mantenemos escondido no se siente tanto. El\u00a0<em>bullying<\/em>\u00a0no es menos acoso por guardarlo en silencio, simplemente es una realidad\u00a0esperando una llamada de auxilio. <a href=\"https:\/\/www.repsol.es\/es\/landings\/quetalenelcole\/index.cshtml\" target=\"_blank\">La\u00a0campa\u00f1a #Qu\u00e9TalEnElCole<\/a>\u00a0lanzada por Repsol anima a padres y madres a iniciar el di\u00e1logo con sus hijos\/as, precisamente porque es menos probable que \u00e9stos tomen la iniciativa de hablar en busca de ayuda.\u00a0<\/strong><\/p>\n<div id=\"attachment_1132\" style=\"width: 730px\" class=\"wp-caption aligncenter\"><a href=\"https:\/\/www.ciberbullying.com\/cyberbullying\/wp-content\/uploads\/2019\/01\/Miriam-Fernandez.jpg\"><img fetchpriority=\"high\" decoding=\"async\" aria-describedby=\"caption-attachment-1132\" class=\"size-large wp-image-1132\" src=\"https:\/\/www.ciberbullying.com\/cyberbullying\/wp-content\/uploads\/2019\/01\/Miriam-Fernandez-1024x554.jpg\" alt=\"La cantante y actriz Miriam Fern\u00e1ndez comparti\u00f3 su experiencia con el bullying en una charla enmarcada en el evento #Qu\u00e9talEnElCole\" width=\"720\" height=\"390\" srcset=\"https:\/\/www.ciberbullying.com\/cyberbullying\/wp-content\/uploads\/2019\/01\/Miriam-Fernandez-1024x554.jpg 1024w, https:\/\/www.ciberbullying.com\/cyberbullying\/wp-content\/uploads\/2019\/01\/Miriam-Fernandez-300x162.jpg 300w, https:\/\/www.ciberbullying.com\/cyberbullying\/wp-content\/uploads\/2019\/01\/Miriam-Fernandez-768x415.jpg 768w, https:\/\/www.ciberbullying.com\/cyberbullying\/wp-content\/uploads\/2019\/01\/Miriam-Fernandez.jpg 1268w\" sizes=\"(max-width: 720px) 100vw, 720px\" \/><\/a><p id=\"caption-attachment-1132\" class=\"wp-caption-text\">La cantante y actriz Miriam Fern\u00e1ndez comparti\u00f3 su experiencia con el bullying en una charla enmarcada en el evento #Qu\u00e9talEnElCole<\/p><\/div>\n<p style=\"text-align: justify;\">La compa\u00f1\u00eda de energ\u00eda se ha decidido por este proyecto para tratar de\u00a0<strong>dar visibilidad al acoso escolar<\/strong>. Para ello, ha contado con la ayuda de Patricia Ram\u00edrez,\u00a0considerada\u00a0recientemente la psic\u00f3loga m\u00e1s influyente de Espa\u00f1a. A trav\u00e9s de varios v\u00eddeos con un coche como\u00a0escenario, Ram\u00edrez ofrece\u00a0<a href=\"https:\/\/www.repsol.es\/es\/landings\/quetalenelcole\/consejos.cshtml\" target=\"_blank\">consejos y t\u00e9cnicas<\/a>\u00a0dirigidas\u00a0a padres y madres a la hora de combatir el\u00a0<em>bullying<\/em>.<\/p>\n<p style=\"text-align: justify;\"><!--more--><\/p>\n<p style=\"text-align: justify;\">En el marco de esta campa\u00f1a, se celebraba <a href=\"https:\/\/www.pantallasamigas.net\/repsol-lanza-la-campana-quetalenelcole-contra-el-bullying-y-el-ciberacoso-escolar\/\" target=\"_blank\">un evento el pasado 15 de octubre<\/a> en el que cinco rostros p\u00fablicos abordaban el acoso escolar desde diferentes planos. Cada charla ten\u00eda una duraci\u00f3n menor a quince minutos y cada ponente aportaba su visi\u00f3n particular, as\u00ed como sus propias claves para enfrentarse a\u00a0la realidad del <em>bullying<\/em>. En esta ocasi\u00f3n, rescatamos\u00a0el <strong>motivador discurso de <a href=\"https:\/\/www.facebook.com\/Miriam-Fern%C3%A1ndez-144906902226550\/\" target=\"_blank\">Miriam Fern\u00e1ndez<\/a><\/strong>, cantante y actriz\u00a0conocida\u00a0por su participaci\u00f3n en el <em>talent show<\/em>\u00a0\u2018T\u00fa s\u00ed que vales\u2019. Esta joven artista ha sabido <strong>afrontar la vida con ilusi\u00f3n y ganas<\/strong> a pesar de llegar al mundo con aparentemente todo en contra. Una complicaci\u00f3n en el parto\u00a0marc\u00f3 sus primeros segundos de vida con una par\u00e1lisis cerebral que, seg\u00fan los expertos sanitarios,\u00a0iba a impedirle andar en el futuro.<\/p>\n<p style=\"text-align: justify;\"><strong>Su esfuerzo,\u00a0entrega y el apoyo incondicional de su familia<\/strong> desmontaron\u00a0el pron\u00f3stico\u00a0m\u00e9dico\u00a0inicial y a d\u00eda de hoy puede caminar gracias a la ayuda de un andador. Ha conseguido su sue\u00f1o de convertirse en cantante y pelea\u00a0por\u00a0ser considerada como una persona igual a las dem\u00e1s, por encima de su discapacidad. A pesar de las dificultades asociadas a su estado, en su camino hasta aqu\u00ed se ha encontrado con\u00a0situaciones que le hicieron sufrir\u00a0m\u00e1s all\u00e1 de su condici\u00f3n f\u00edsica: <strong>el acoso e indiferencia de sus compa\u00f1eros de colegio<\/strong>. Miriam confesaba durante su intervenci\u00f3n que cuando empez\u00f3 a sonre\u00edr, todo empez\u00f3 a cambiar.<\/p>\n<p><iframe data-src=\"https:\/\/www.youtube.com\/embed\/w4MGygbm_O4\" width=\"560\" height=\"315\" frameborder=\"0\" allowfullscreen=\"allowfullscreen\" src=\"data:image\/svg+xml;base64,PHN2ZyB3aWR0aD0iMSIgaGVpZ2h0PSIxIiB4bWxucz0iaHR0cDovL3d3dy53My5vcmcvMjAwMC9zdmciPjwvc3ZnPg==\" class=\"lazyload\" data-load-mode=\"1\"><\/iframe><\/p>\n<p style=\"text-align: justify;\">Al resto de ponencias\u00a0les pon\u00edan cara la propia Patricia Ram\u00edrez, el <a href=\"https:\/\/www.ciberbullying.com\/cyberbullying\/2019\/01\/18\/genios-acoso\/\" target=\"_blank\">presentador de televisi\u00f3n Christian G\u00e1lvez<\/a>, el ex jugador de waterpolo y \u201chermano mayor\u201d Pedro Garc\u00eda Aguado y el fundador de PantallasAmigas,\u00a0<a href=\"https:\/\/www.pantallasamigas.net\/jorge-flores-fernandez\/\">Jorge Flores.<\/a>\u00a0Desde estudiantes y profesores hasta padres, madres o especialistas de la Pedagog\u00eda se daban cita en un foro cuyo hilo argumental\u00a0atend\u00eda la <strong>necesidad de poner freno<\/strong> a\u00a0una cruel realidad como la del bullying y el\u00a0<em>ciberacoso<\/em>\u00a0escolar. Quiz\u00e1 el primer\u00a0asalto\u00a0comience por cuestionarse #Qu\u00e9TalEnElCole.<\/p>\n","protected":false},"excerpt":{"rendered":"<p>La cantante Miriam Fern\u00e1ndez confiesa que el acoso escolar que sufr\u00eda\u00a0ces\u00f3 cuando empez\u00f3 a sonre\u00edr a sus acosadores \u00ab\u00bfQu\u00e9 tal en el cole?\u00bb, una pregunta muy sencilla que puede esconder detr\u00e1s una nada f\u00e1cil respuesta. Muchas veces creemos que expresar algo en voz alta lo hace m\u00e1s real, mientras que si lo mantenemos escondido no [&hellip;]<\/p>\n","protected":false},"author":1,"featured_media":1132,"comment_status":"closed","ping_status":"open","sticky":false,"template":"","format":"standard","meta":{"footnotes":""},"categories":[1,310],"tags":[16,869,264,28,904,535,27,848,768,8,289,291,905,902,903],"class_list":["post-1128","post","type-post","status-publish","format-standard","has-post-thumbnail","hentry","category-ciberbullying","category-eventos-2","tag-acoso","tag-acoso-entre-iguales","tag-acoso-escolar","tag-bullying","tag-campana","tag-charlas","tag-ciberacoso","tag-ciberacoso-escolar","tag-ciberagresion","tag-ciberbullying-2","tag-conferencias","tag-eventos","tag-miriam-fernandez","tag-quetalenelcole","tag-repsol"],"yoast_head":"<!-- This site is optimized with the Yoast SEO plugin v27.5 - https:\/\/yoast.com\/product\/yoast-seo-wordpress\/ -->\n<title>\u00bfY si la sonrisa es la mejor estrategia para luchar contra el bullying? - CIBERBULLYING<\/title>\n<meta name=\"robots\" content=\"index, follow, max-snippet:-1, max-image-preview:large, max-video-preview:-1\" \/>\n<link rel=\"canonical\" href=\"https:\/\/www.ciberbullying.com\/cyberbullying\/2019\/01\/21\/sonrisa-mejor-arma-luchar-bullying\/\" \/>\n<meta property=\"og:locale\" content=\"es_ES\" \/>\n<meta property=\"og:type\" content=\"article\" \/>\n<meta property=\"og:title\" content=\"\u00bfY si la sonrisa es la mejor estrategia para luchar contra el bullying? - CIBERBULLYING\" \/>\n<meta property=\"og:description\" content=\"La cantante Miriam Fern\u00e1ndez confiesa que el acoso escolar que sufr\u00eda\u00a0ces\u00f3 cuando empez\u00f3 a sonre\u00edr a sus acosadores \u00ab\u00bfQu\u00e9 tal en el cole?\u00bb, una pregunta muy sencilla que puede esconder detr\u00e1s una nada f\u00e1cil respuesta. Muchas veces creemos que expresar algo en voz alta lo hace m\u00e1s real, mientras que si lo mantenemos escondido no [&hellip;]\" \/>\n<meta property=\"og:url\" content=\"https:\/\/www.ciberbullying.com\/cyberbullying\/2019\/01\/21\/sonrisa-mejor-arma-luchar-bullying\/\" \/>\n<meta property=\"og:site_name\" content=\"CIBERBULLYING\" \/>\n<meta property=\"article:published_time\" content=\"2019-01-21T14:54:33+00:00\" \/>\n<meta property=\"article:modified_time\" content=\"2019-02-05T16:38:26+00:00\" \/>\n<meta property=\"og:image\" content=\"https:\/\/www.ciberbullying.com\/cyberbullying\/wp-content\/uploads\/2019\/01\/Miriam-Fernandez.jpg\" \/>\n\t<meta property=\"og:image:width\" content=\"1268\" \/>\n\t<meta property=\"og:image:height\" content=\"686\" \/>\n\t<meta property=\"og:image:type\" content=\"image\/jpeg\" \/>\n<meta name=\"author\" content=\"PantallasAmigas\" \/>\n<meta name=\"twitter:card\" content=\"summary_large_image\" \/>\n<meta name=\"twitter:label1\" content=\"Escrito por\" \/>\n\t<meta name=\"twitter:data1\" content=\"PantallasAmigas\" \/>\n\t<meta name=\"twitter:label2\" content=\"Tiempo de lectura\" \/>\n\t<meta name=\"twitter:data2\" content=\"3 minutos\" \/>\n<script type=\"application\/ld+json\" class=\"yoast-schema-graph\">{\"@context\":\"https:\\\/\\\/schema.org\",\"@graph\":[{\"@type\":\"Article\",\"@id\":\"https:\\\/\\\/www.ciberbullying.com\\\/cyberbullying\\\/2019\\\/01\\\/21\\\/sonrisa-mejor-arma-luchar-bullying\\\/#article\",\"isPartOf\":{\"@id\":\"https:\\\/\\\/www.ciberbullying.com\\\/cyberbullying\\\/2019\\\/01\\\/21\\\/sonrisa-mejor-arma-luchar-bullying\\\/\"},\"author\":{\"name\":\"PantallasAmigas\",\"@id\":\"https:\\\/\\\/www.ciberbullying.com\\\/cyberbullying\\\/#\\\/schema\\\/person\\\/dff89bf66ee732b07375d9552d359416\"},\"headline\":\"\u00bfY si la sonrisa es la mejor estrategia para luchar contra el bullying?\",\"datePublished\":\"2019-01-21T14:54:33+00:00\",\"dateModified\":\"2019-02-05T16:38:26+00:00\",\"mainEntityOfPage\":{\"@id\":\"https:\\\/\\\/www.ciberbullying.com\\\/cyberbullying\\\/2019\\\/01\\\/21\\\/sonrisa-mejor-arma-luchar-bullying\\\/\"},\"wordCount\":586,\"image\":{\"@id\":\"https:\\\/\\\/www.ciberbullying.com\\\/cyberbullying\\\/2019\\\/01\\\/21\\\/sonrisa-mejor-arma-luchar-bullying\\\/#primaryimage\"},\"thumbnailUrl\":\"https:\\\/\\\/www.ciberbullying.com\\\/cyberbullying\\\/wp-content\\\/uploads\\\/2019\\\/01\\\/Miriam-Fernandez.jpg\",\"keywords\":[\"acoso\",\"acoso entre iguales\",\"acoso escolar\",\"bullying\",\"campa\u00f1a\",\"charlas\",\"ciberacoso\",\"ciberacoso escolar\",\"ciberagresi\u00f3n\",\"ciberbullying\",\"conferencias\",\"eventos\",\"miriam fern\u00e1ndez\",\"qu\u00e9talenelcole\",\"repsol\"],\"articleSection\":[\"Ciberbullying\",\"Eventos\"],\"inLanguage\":\"es\"},{\"@type\":\"WebPage\",\"@id\":\"https:\\\/\\\/www.ciberbullying.com\\\/cyberbullying\\\/2019\\\/01\\\/21\\\/sonrisa-mejor-arma-luchar-bullying\\\/\",\"url\":\"https:\\\/\\\/www.ciberbullying.com\\\/cyberbullying\\\/2019\\\/01\\\/21\\\/sonrisa-mejor-arma-luchar-bullying\\\/\",\"name\":\"\u00bfY si la sonrisa es la mejor estrategia para luchar contra el bullying? - CIBERBULLYING\",\"isPartOf\":{\"@id\":\"https:\\\/\\\/www.ciberbullying.com\\\/cyberbullying\\\/#website\"},\"primaryImageOfPage\":{\"@id\":\"https:\\\/\\\/www.ciberbullying.com\\\/cyberbullying\\\/2019\\\/01\\\/21\\\/sonrisa-mejor-arma-luchar-bullying\\\/#primaryimage\"},\"image\":{\"@id\":\"https:\\\/\\\/www.ciberbullying.com\\\/cyberbullying\\\/2019\\\/01\\\/21\\\/sonrisa-mejor-arma-luchar-bullying\\\/#primaryimage\"},\"thumbnailUrl\":\"https:\\\/\\\/www.ciberbullying.com\\\/cyberbullying\\\/wp-content\\\/uploads\\\/2019\\\/01\\\/Miriam-Fernandez.jpg\",\"datePublished\":\"2019-01-21T14:54:33+00:00\",\"dateModified\":\"2019-02-05T16:38:26+00:00\",\"author\":{\"@id\":\"https:\\\/\\\/www.ciberbullying.com\\\/cyberbullying\\\/#\\\/schema\\\/person\\\/dff89bf66ee732b07375d9552d359416\"},\"breadcrumb\":{\"@id\":\"https:\\\/\\\/www.ciberbullying.com\\\/cyberbullying\\\/2019\\\/01\\\/21\\\/sonrisa-mejor-arma-luchar-bullying\\\/#breadcrumb\"},\"inLanguage\":\"es\",\"potentialAction\":[{\"@type\":\"ReadAction\",\"target\":[\"https:\\\/\\\/www.ciberbullying.com\\\/cyberbullying\\\/2019\\\/01\\\/21\\\/sonrisa-mejor-arma-luchar-bullying\\\/\"]}]},{\"@type\":\"ImageObject\",\"inLanguage\":\"es\",\"@id\":\"https:\\\/\\\/www.ciberbullying.com\\\/cyberbullying\\\/2019\\\/01\\\/21\\\/sonrisa-mejor-arma-luchar-bullying\\\/#primaryimage\",\"url\":\"https:\\\/\\\/www.ciberbullying.com\\\/cyberbullying\\\/wp-content\\\/uploads\\\/2019\\\/01\\\/Miriam-Fernandez.jpg\",\"contentUrl\":\"https:\\\/\\\/www.ciberbullying.com\\\/cyberbullying\\\/wp-content\\\/uploads\\\/2019\\\/01\\\/Miriam-Fernandez.jpg\",\"width\":1268,\"height\":686,\"caption\":\"La cantante y actriz Miriam Fern\u00e1ndez comparti\u00f3 su experiencia con el bullying en una charla enmarcada en el evento #Qu\u00e9talEnElCole\"},{\"@type\":\"BreadcrumbList\",\"@id\":\"https:\\\/\\\/www.ciberbullying.com\\\/cyberbullying\\\/2019\\\/01\\\/21\\\/sonrisa-mejor-arma-luchar-bullying\\\/#breadcrumb\",\"itemListElement\":[{\"@type\":\"ListItem\",\"position\":1,\"name\":\"Portada\",\"item\":\"https:\\\/\\\/www.ciberbullying.com\\\/cyberbullying\\\/\"},{\"@type\":\"ListItem\",\"position\":2,\"name\":\"\u00bfY si la sonrisa es la mejor estrategia para luchar contra el bullying?\"}]},{\"@type\":\"WebSite\",\"@id\":\"https:\\\/\\\/www.ciberbullying.com\\\/cyberbullying\\\/#website\",\"url\":\"https:\\\/\\\/www.ciberbullying.com\\\/cyberbullying\\\/\",\"name\":\"CIBERBULLYING\",\"description\":\"Acoso escolar \u2013 Ciberacoso entre iguales\",\"potentialAction\":[{\"@type\":\"SearchAction\",\"target\":{\"@type\":\"EntryPoint\",\"urlTemplate\":\"https:\\\/\\\/www.ciberbullying.com\\\/cyberbullying\\\/?s={search_term_string}\"},\"query-input\":{\"@type\":\"PropertyValueSpecification\",\"valueRequired\":true,\"valueName\":\"search_term_string\"}}],\"inLanguage\":\"es\"},{\"@type\":\"Person\",\"@id\":\"https:\\\/\\\/www.ciberbullying.com\\\/cyberbullying\\\/#\\\/schema\\\/person\\\/dff89bf66ee732b07375d9552d359416\",\"name\":\"PantallasAmigas\",\"image\":{\"@type\":\"ImageObject\",\"inLanguage\":\"es\",\"@id\":\"https:\\\/\\\/secure.gravatar.com\\\/avatar\\\/5eab05966ee30ba2d4bdbc7f83f1eb6c99c4e78cb319c02061c4bb4b7dd85bd8?s=96&d=mm&r=g\",\"url\":\"https:\\\/\\\/secure.gravatar.com\\\/avatar\\\/5eab05966ee30ba2d4bdbc7f83f1eb6c99c4e78cb319c02061c4bb4b7dd85bd8?s=96&d=mm&r=g\",\"contentUrl\":\"https:\\\/\\\/secure.gravatar.com\\\/avatar\\\/5eab05966ee30ba2d4bdbc7f83f1eb6c99c4e78cb319c02061c4bb4b7dd85bd8?s=96&d=mm&r=g\",\"caption\":\"PantallasAmigas\"},\"description\":\"PantallasAmigas es una iniciativa fundada en 2004 cuya misi\u00f3n es promover el uso seguro y saludable de las nuevas tecnolog\u00edas as\u00ed como una ciudadan\u00eda digital responsable en la infancia y la adolescencia.\",\"sameAs\":[\"http:\\\/\\\/www.pantallasamigas.net\"]}]}<\/script>\n<!-- \/ Yoast SEO plugin. -->","yoast_head_json":{"title":"\u00bfY si la sonrisa es la mejor estrategia para luchar contra el bullying? - CIBERBULLYING","robots":{"index":"index","follow":"follow","max-snippet":"max-snippet:-1","max-image-preview":"max-image-preview:large","max-video-preview":"max-video-preview:-1"},"canonical":"https:\/\/www.ciberbullying.com\/cyberbullying\/2019\/01\/21\/sonrisa-mejor-arma-luchar-bullying\/","og_locale":"es_ES","og_type":"article","og_title":"\u00bfY si la sonrisa es la mejor estrategia para luchar contra el bullying? - CIBERBULLYING","og_description":"La cantante Miriam Fern\u00e1ndez confiesa que el acoso escolar que sufr\u00eda\u00a0ces\u00f3 cuando empez\u00f3 a sonre\u00edr a sus acosadores \u00ab\u00bfQu\u00e9 tal en el cole?\u00bb, una pregunta muy sencilla que puede esconder detr\u00e1s una nada f\u00e1cil respuesta. Muchas veces creemos que expresar algo en voz alta lo hace m\u00e1s real, mientras que si lo mantenemos escondido no [&hellip;]","og_url":"https:\/\/www.ciberbullying.com\/cyberbullying\/2019\/01\/21\/sonrisa-mejor-arma-luchar-bullying\/","og_site_name":"CIBERBULLYING","article_published_time":"2019-01-21T14:54:33+00:00","article_modified_time":"2019-02-05T16:38:26+00:00","og_image":[{"width":1268,"height":686,"url":"https:\/\/www.ciberbullying.com\/cyberbullying\/wp-content\/uploads\/2019\/01\/Miriam-Fernandez.jpg","type":"image\/jpeg"}],"author":"PantallasAmigas","twitter_card":"summary_large_image","twitter_misc":{"Escrito por":"PantallasAmigas","Tiempo de lectura":"3 minutos"},"schema":{"@context":"https:\/\/schema.org","@graph":[{"@type":"Article","@id":"https:\/\/www.ciberbullying.com\/cyberbullying\/2019\/01\/21\/sonrisa-mejor-arma-luchar-bullying\/#article","isPartOf":{"@id":"https:\/\/www.ciberbullying.com\/cyberbullying\/2019\/01\/21\/sonrisa-mejor-arma-luchar-bullying\/"},"author":{"name":"PantallasAmigas","@id":"https:\/\/www.ciberbullying.com\/cyberbullying\/#\/schema\/person\/dff89bf66ee732b07375d9552d359416"},"headline":"\u00bfY si la sonrisa es la mejor estrategia para luchar contra el bullying?","datePublished":"2019-01-21T14:54:33+00:00","dateModified":"2019-02-05T16:38:26+00:00","mainEntityOfPage":{"@id":"https:\/\/www.ciberbullying.com\/cyberbullying\/2019\/01\/21\/sonrisa-mejor-arma-luchar-bullying\/"},"wordCount":586,"image":{"@id":"https:\/\/www.ciberbullying.com\/cyberbullying\/2019\/01\/21\/sonrisa-mejor-arma-luchar-bullying\/#primaryimage"},"thumbnailUrl":"https:\/\/www.ciberbullying.com\/cyberbullying\/wp-content\/uploads\/2019\/01\/Miriam-Fernandez.jpg","keywords":["acoso","acoso entre iguales","acoso escolar","bullying","campa\u00f1a","charlas","ciberacoso","ciberacoso escolar","ciberagresi\u00f3n","ciberbullying","conferencias","eventos","miriam fern\u00e1ndez","qu\u00e9talenelcole","repsol"],"articleSection":["Ciberbullying","Eventos"],"inLanguage":"es"},{"@type":"WebPage","@id":"https:\/\/www.ciberbullying.com\/cyberbullying\/2019\/01\/21\/sonrisa-mejor-arma-luchar-bullying\/","url":"https:\/\/www.ciberbullying.com\/cyberbullying\/2019\/01\/21\/sonrisa-mejor-arma-luchar-bullying\/","name":"\u00bfY si la sonrisa es la mejor estrategia para luchar contra el bullying? - CIBERBULLYING","isPartOf":{"@id":"https:\/\/www.ciberbullying.com\/cyberbullying\/#website"},"primaryImageOfPage":{"@id":"https:\/\/www.ciberbullying.com\/cyberbullying\/2019\/01\/21\/sonrisa-mejor-arma-luchar-bullying\/#primaryimage"},"image":{"@id":"https:\/\/www.ciberbullying.com\/cyberbullying\/2019\/01\/21\/sonrisa-mejor-arma-luchar-bullying\/#primaryimage"},"thumbnailUrl":"https:\/\/www.ciberbullying.com\/cyberbullying\/wp-content\/uploads\/2019\/01\/Miriam-Fernandez.jpg","datePublished":"2019-01-21T14:54:33+00:00","dateModified":"2019-02-05T16:38:26+00:00","author":{"@id":"https:\/\/www.ciberbullying.com\/cyberbullying\/#\/schema\/person\/dff89bf66ee732b07375d9552d359416"},"breadcrumb":{"@id":"https:\/\/www.ciberbullying.com\/cyberbullying\/2019\/01\/21\/sonrisa-mejor-arma-luchar-bullying\/#breadcrumb"},"inLanguage":"es","potentialAction":[{"@type":"ReadAction","target":["https:\/\/www.ciberbullying.com\/cyberbullying\/2019\/01\/21\/sonrisa-mejor-arma-luchar-bullying\/"]}]},{"@type":"ImageObject","inLanguage":"es","@id":"https:\/\/www.ciberbullying.com\/cyberbullying\/2019\/01\/21\/sonrisa-mejor-arma-luchar-bullying\/#primaryimage","url":"https:\/\/www.ciberbullying.com\/cyberbullying\/wp-content\/uploads\/2019\/01\/Miriam-Fernandez.jpg","contentUrl":"https:\/\/www.ciberbullying.com\/cyberbullying\/wp-content\/uploads\/2019\/01\/Miriam-Fernandez.jpg","width":1268,"height":686,"caption":"La cantante y actriz Miriam Fern\u00e1ndez comparti\u00f3 su experiencia con el bullying en una charla enmarcada en el evento #Qu\u00e9talEnElCole"},{"@type":"BreadcrumbList","@id":"https:\/\/www.ciberbullying.com\/cyberbullying\/2019\/01\/21\/sonrisa-mejor-arma-luchar-bullying\/#breadcrumb","itemListElement":[{"@type":"ListItem","position":1,"name":"Portada","item":"https:\/\/www.ciberbullying.com\/cyberbullying\/"},{"@type":"ListItem","position":2,"name":"\u00bfY si la sonrisa es la mejor estrategia para luchar contra el bullying?"}]},{"@type":"WebSite","@id":"https:\/\/www.ciberbullying.com\/cyberbullying\/#website","url":"https:\/\/www.ciberbullying.com\/cyberbullying\/","name":"CIBERBULLYING","description":"Acoso escolar \u2013 Ciberacoso entre iguales","potentialAction":[{"@type":"SearchAction","target":{"@type":"EntryPoint","urlTemplate":"https:\/\/www.ciberbullying.com\/cyberbullying\/?s={search_term_string}"},"query-input":{"@type":"PropertyValueSpecification","valueRequired":true,"valueName":"search_term_string"}}],"inLanguage":"es"},{"@type":"Person","@id":"https:\/\/www.ciberbullying.com\/cyberbullying\/#\/schema\/person\/dff89bf66ee732b07375d9552d359416","name":"PantallasAmigas","image":{"@type":"ImageObject","inLanguage":"es","@id":"https:\/\/secure.gravatar.com\/avatar\/5eab05966ee30ba2d4bdbc7f83f1eb6c99c4e78cb319c02061c4bb4b7dd85bd8?s=96&d=mm&r=g","url":"https:\/\/secure.gravatar.com\/avatar\/5eab05966ee30ba2d4bdbc7f83f1eb6c99c4e78cb319c02061c4bb4b7dd85bd8?s=96&d=mm&r=g","contentUrl":"https:\/\/secure.gravatar.com\/avatar\/5eab05966ee30ba2d4bdbc7f83f1eb6c99c4e78cb319c02061c4bb4b7dd85bd8?s=96&d=mm&r=g","caption":"PantallasAmigas"},"description":"PantallasAmigas es una iniciativa fundada en 2004 cuya misi\u00f3n es promover el uso seguro y saludable de las nuevas tecnolog\u00edas as\u00ed como una ciudadan\u00eda digital responsable en la infancia y la adolescencia.","sameAs":["http:\/\/www.pantallasamigas.net"]}]}},"_links":{"self":[{"href":"https:\/\/www.ciberbullying.com\/cyberbullying\/wp-json\/wp\/v2\/posts\/1128","targetHints":{"allow":["GET"]}}],"collection":[{"href":"https:\/\/www.ciberbullying.com\/cyberbullying\/wp-json\/wp\/v2\/posts"}],"about":[{"href":"https:\/\/www.ciberbullying.com\/cyberbullying\/wp-json\/wp\/v2\/types\/post"}],"author":[{"embeddable":true,"href":"https:\/\/www.ciberbullying.com\/cyberbullying\/wp-json\/wp\/v2\/users\/1"}],"replies":[{"embeddable":true,"href":"https:\/\/www.ciberbullying.com\/cyberbullying\/wp-json\/wp\/v2\/comments?post=1128"}],"version-history":[{"count":17,"href":"https:\/\/www.ciberbullying.com\/cyberbullying\/wp-json\/wp\/v2\/posts\/1128\/revisions"}],"predecessor-version":[{"id":1204,"href":"https:\/\/www.ciberbullying.com\/cyberbullying\/wp-json\/wp\/v2\/posts\/1128\/revisions\/1204"}],"wp:featuredmedia":[{"embeddable":true,"href":"https:\/\/www.ciberbullying.com\/cyberbullying\/wp-json\/wp\/v2\/media\/1132"}],"wp:attachment":[{"href":"https:\/\/www.ciberbullying.com\/cyberbullying\/wp-json\/wp\/v2\/media?parent=1128"}],"wp:term":[{"taxonomy":"category","embeddable":true,"href":"https:\/\/www.ciberbullying.com\/cyberbullying\/wp-json\/wp\/v2\/categories?post=1128"},{"taxonomy":"post_tag","embeddable":true,"href":"https:\/\/www.ciberbullying.com\/cyberbullying\/wp-json\/wp\/v2\/tags?post=1128"}],"curies":[{"name":"wp","href":"https:\/\/api.w.org\/{rel}","templated":true}]}}