{"id":1005,"date":"2016-03-17T11:35:15","date_gmt":"2016-03-17T10:35:15","guid":{"rendered":"http:\/\/www.ciberbullying.com\/cyberbullying\/?p=1005"},"modified":"2016-03-17T11:35:15","modified_gmt":"2016-03-17T10:35:15","slug":"formacion-familiar-contra-el-acoso-la-aventura-de-la-crianza","status":"publish","type":"post","link":"https:\/\/www.ciberbullying.com\/cyberbullying\/2016\/03\/17\/formacion-familiar-contra-el-acoso-la-aventura-de-la-crianza\/","title":{"rendered":"Formaci\u00f3n familiar contra el acoso: \u201cLa Aventura de la Crianza\u201d"},"content":{"rendered":"<p><strong>Curso digital para madres y padres que buscan fortalecer y proteger a su familia <\/strong><\/p>\n<p><em>\u00a0<a href=\"http:\/\/www.ciberbullying.com\/cyberbullying\/wp-content\/uploads\/2016\/03\/Acoso_curso_edex_ciberacoso_formaci\u00f3n.png\"><img fetchpriority=\"high\" decoding=\"async\" class=\"alignnone size-full wp-image-1006\" src=\"http:\/\/www.ciberbullying.com\/cyberbullying\/wp-content\/uploads\/2016\/03\/Acoso_curso_edex_ciberacoso_formaci\u00f3n.png\" alt=\"Acoso_curso_edex_ciberacoso_formaci\u00f3n\" width=\"811\" height=\"392\" srcset=\"https:\/\/www.ciberbullying.com\/cyberbullying\/wp-content\/uploads\/2016\/03\/Acoso_curso_edex_ciberacoso_formaci\u00f3n.png 811w, https:\/\/www.ciberbullying.com\/cyberbullying\/wp-content\/uploads\/2016\/03\/Acoso_curso_edex_ciberacoso_formaci\u00f3n-300x145.png 300w\" sizes=\"(max-width: 811px) 100vw, 811px\" \/><\/a><\/em><\/p>\n<p><strong>Silencio, distancia, da\u00f1o<\/strong><\/p>\n<p>Laura empieza a ser acosada en el patio del colegio. La molestan por su pelo corto que a algunas de sus compa\u00f1eras le parece muy masculino. <strong>Ella calla, no quiere que nadie m\u00e1s lo sepa<\/strong>. Pero el resto toma vuelo y empiezan a enviarle mensajes a su Facebook, a su m\u00f3vil, a su correo. En cuesti\u00f3n de un par de semanas, las burlas y el acoso se vuelven multi presentes para Laura, pero ella calla. No sabe qu\u00e9 hacer. Quiere sentirse capaz de afrontar lo que pasa, pero no logra hacerlo. Quiere suponer que no pasa nada, pero a cada instante hay mensajes que se lo recuerdan. Ve a sus padres a kil\u00f3metros de distancia, a los docentes de su escuela como alternativa imposible, a sus compa\u00f1eros como amenaza. Se a\u00edsla y entre m\u00e1s lejos y m\u00e1s silencio, m\u00e1s da\u00f1o se produce.<\/p>\n<p><!--more--><\/p>\n<p><strong>Expresar, acercar, cuidar<\/strong><\/p>\n<p>Hay distintas alternativas para frenar el acoso e incluso para evitar que aparezca. Ninguna sirve si la persona acosada se mantiene en soledad. Lo mejor ante el acoso es sumar acciones distintas. Y una de ellas es prepararse para su aparici\u00f3n, para saber c\u00f3mo abordarlo si llega. Eso es algo que puede hacerse desde casa, d\u00eda a d\u00eda, como manera de fortalecerse cuando la amenaza aparezca.<\/p>\n<p><strong>Se trata de cultivar una relaci\u00f3n cercana entre las personas de la familia<\/strong>. Esto no ocurre por arte de magia. Sucede cuando se le pone encanto a la vida diaria, cuando se conf\u00eda en el punto de vista de la persona hija, cuando investigamos m\u00e1s y suponemos menos sobre nuestras hijas e hijos. Con estas tres claves, la vida familiar puede hacerse basada en el respeto, en el cuidado y en el acompa\u00f1arnos para afrontar las dificultades y desaf\u00edos que encontremos.<\/p>\n<p><strong>Prepararse en familia<\/strong><\/p>\n<p><strong><em>La Aventura de la Crianza<\/em><\/strong> es un <strong>curso digital<\/strong> para que madres y padres aprendan a construir una mesa de conversaci\u00f3n familiar apoyada en tres patas: el <strong>Encanto <\/strong>(no la cantaleta o la cantinela), la <strong>Confianza <\/strong>(en que no soy la \u00fanica persona que tiene la raz\u00f3n) y la <strong>Curiosidad<\/strong> (para averiguar m\u00e1s y suponer menos). Sobre esta mesa estar\u00e1n servidas las\u00a0<a href=\"http:\/\/habilidadesparalavida.net\/habilidades.php\">10 Habilidades para la Vida<\/a>\u00a0y la <strong>\u00c9tica del Cuidado.<\/strong><\/p>\n<p>En compa\u00f1\u00eda de personas de Am\u00e9rica y de Espa\u00f1a, durante siete semanas, se aprenden maneras de <strong>mantener viva la comunicaci\u00f3n familiar<\/strong>. Ese un factor protector ante el acoso, las drogas, la desesperanza y otros desaf\u00edos que tienen ni\u00f1as, ni\u00f1os y j\u00f3venes. Estar comunicado es tambi\u00e9n un factor promotor de la alegr\u00eda, de la capacidad de abordar positivamente las dificultades, la solidaridad y el aprendizaje con y de otras personas.<\/p>\n<p>Es una invitaci\u00f3n de\u00a0<a href=\"http:\/\/www.edex.es\/\">Fundaci\u00f3n EDEX<\/a>, por medio de la\u00a0<a href=\"http:\/\/escuela.habilidadesparalavida.net\/\">Escuela Iberoamericana de Habilidades para la Vida<\/a>. <strong>Las matr\u00edculas est\u00e1n abiertas<\/strong>. \u00a1Adelante!<\/p>\n","protected":false},"excerpt":{"rendered":"<p>Curso digital para madres y padres que buscan fortalecer y proteger a su familia \u00a0 Silencio, distancia, da\u00f1o Laura empieza a ser acosada en el patio del colegio. La molestan por su pelo corto que a algunas de sus compa\u00f1eras le parece muy masculino. Ella calla, no quiere que nadie m\u00e1s lo sepa. Pero el [&hellip;]<\/p>\n","protected":false},"author":1,"featured_media":1006,"comment_status":"open","ping_status":"open","sticky":false,"template":"","format":"standard","meta":{"footnotes":""},"categories":[1,279,804],"tags":[16,28,27,8,428,875,91,272,385,819,874,305,131,21,19,294,235,141],"class_list":["post-1005","post","type-post","status-publish","format-standard","has-post-thumbnail","hentry","category-ciberbullying","category-categoria-estudios","category-prevencion","tag-acoso","tag-bullying","tag-ciberacoso","tag-ciberbullying-2","tag-edex","tag-escuela-iberoamericana-de-habilidades-para-la-vida","tag-familias","tag-formacion","tag-fundacion-edex","tag-habilidades-para-la-vida-digital","tag-la-aventura-de-la-vida","tag-madres","tag-ninas","tag-ninos","tag-padres","tag-pantallasamigas","tag-prevencion","tag-seguridad"],"yoast_head":"<!-- This site is optimized with the Yoast SEO plugin v27.5 - https:\/\/yoast.com\/product\/yoast-seo-wordpress\/ -->\n<title>Formaci\u00f3n familiar contra el acoso: \u201cLa Aventura de la Crianza\u201d - CIBERBULLYING<\/title>\n<meta name=\"robots\" content=\"index, follow, max-snippet:-1, max-image-preview:large, max-video-preview:-1\" \/>\n<link rel=\"canonical\" href=\"https:\/\/www.ciberbullying.com\/cyberbullying\/2016\/03\/17\/formacion-familiar-contra-el-acoso-la-aventura-de-la-crianza\/\" \/>\n<meta property=\"og:locale\" content=\"es_ES\" \/>\n<meta property=\"og:type\" content=\"article\" \/>\n<meta property=\"og:title\" content=\"Formaci\u00f3n familiar contra el acoso: \u201cLa Aventura de la Crianza\u201d - CIBERBULLYING\" \/>\n<meta property=\"og:description\" content=\"Curso digital para madres y padres que buscan fortalecer y proteger a su familia \u00a0 Silencio, distancia, da\u00f1o Laura empieza a ser acosada en el patio del colegio. La molestan por su pelo corto que a algunas de sus compa\u00f1eras le parece muy masculino. Ella calla, no quiere que nadie m\u00e1s lo sepa. Pero el [&hellip;]\" \/>\n<meta property=\"og:url\" content=\"https:\/\/www.ciberbullying.com\/cyberbullying\/2016\/03\/17\/formacion-familiar-contra-el-acoso-la-aventura-de-la-crianza\/\" \/>\n<meta property=\"og:site_name\" content=\"CIBERBULLYING\" \/>\n<meta property=\"article:published_time\" content=\"2016-03-17T10:35:15+00:00\" \/>\n<meta property=\"og:image\" content=\"https:\/\/www.ciberbullying.com\/cyberbullying\/wp-content\/uploads\/2016\/03\/Acoso_curso_edex_ciberacoso_formaci\u00f3n.png\" \/>\n\t<meta property=\"og:image:width\" content=\"811\" \/>\n\t<meta property=\"og:image:height\" content=\"392\" \/>\n\t<meta property=\"og:image:type\" content=\"image\/png\" \/>\n<meta name=\"author\" content=\"PantallasAmigas\" \/>\n<meta name=\"twitter:card\" content=\"summary_large_image\" \/>\n<meta name=\"twitter:label1\" content=\"Escrito por\" \/>\n\t<meta name=\"twitter:data1\" content=\"PantallasAmigas\" \/>\n\t<meta name=\"twitter:label2\" content=\"Tiempo de lectura\" \/>\n\t<meta name=\"twitter:data2\" content=\"3 minutos\" \/>\n<script type=\"application\/ld+json\" class=\"yoast-schema-graph\">{\"@context\":\"https:\\\/\\\/schema.org\",\"@graph\":[{\"@type\":\"Article\",\"@id\":\"https:\\\/\\\/www.ciberbullying.com\\\/cyberbullying\\\/2016\\\/03\\\/17\\\/formacion-familiar-contra-el-acoso-la-aventura-de-la-crianza\\\/#article\",\"isPartOf\":{\"@id\":\"https:\\\/\\\/www.ciberbullying.com\\\/cyberbullying\\\/2016\\\/03\\\/17\\\/formacion-familiar-contra-el-acoso-la-aventura-de-la-crianza\\\/\"},\"author\":{\"name\":\"PantallasAmigas\",\"@id\":\"https:\\\/\\\/www.ciberbullying.com\\\/cyberbullying\\\/#\\\/schema\\\/person\\\/dff89bf66ee732b07375d9552d359416\"},\"headline\":\"Formaci\u00f3n familiar contra el acoso: \u201cLa Aventura de la Crianza\u201d\",\"datePublished\":\"2016-03-17T10:35:15+00:00\",\"mainEntityOfPage\":{\"@id\":\"https:\\\/\\\/www.ciberbullying.com\\\/cyberbullying\\\/2016\\\/03\\\/17\\\/formacion-familiar-contra-el-acoso-la-aventura-de-la-crianza\\\/\"},\"wordCount\":524,\"commentCount\":2,\"image\":{\"@id\":\"https:\\\/\\\/www.ciberbullying.com\\\/cyberbullying\\\/2016\\\/03\\\/17\\\/formacion-familiar-contra-el-acoso-la-aventura-de-la-crianza\\\/#primaryimage\"},\"thumbnailUrl\":\"https:\\\/\\\/www.ciberbullying.com\\\/cyberbullying\\\/wp-content\\\/uploads\\\/2016\\\/03\\\/Acoso_curso_edex_ciberacoso_formaci\u00f3n.png\",\"keywords\":[\"acoso\",\"bullying\",\"ciberacoso\",\"ciberbullying\",\"Edex\",\"Escuela Iberoamericana de Habilidades para la vida\",\"familias\",\"formaci\u00f3n\",\"fundaci\u00f3n edex\",\"habilidades para la vida digital\",\"la aventura de la vida\",\"madres\",\"ni\u00f1as\",\"ni\u00f1os\",\"padres\",\"pantallasamigas\",\"prevenci\u00f3n\",\"seguridad\"],\"articleSection\":[\"Ciberbullying\",\"Estudios\",\"Prevenci\u00f3n\"],\"inLanguage\":\"es\",\"potentialAction\":[{\"@type\":\"CommentAction\",\"name\":\"Comment\",\"target\":[\"https:\\\/\\\/www.ciberbullying.com\\\/cyberbullying\\\/2016\\\/03\\\/17\\\/formacion-familiar-contra-el-acoso-la-aventura-de-la-crianza\\\/#respond\"]}]},{\"@type\":\"WebPage\",\"@id\":\"https:\\\/\\\/www.ciberbullying.com\\\/cyberbullying\\\/2016\\\/03\\\/17\\\/formacion-familiar-contra-el-acoso-la-aventura-de-la-crianza\\\/\",\"url\":\"https:\\\/\\\/www.ciberbullying.com\\\/cyberbullying\\\/2016\\\/03\\\/17\\\/formacion-familiar-contra-el-acoso-la-aventura-de-la-crianza\\\/\",\"name\":\"Formaci\u00f3n familiar contra el acoso: \u201cLa Aventura de la Crianza\u201d - CIBERBULLYING\",\"isPartOf\":{\"@id\":\"https:\\\/\\\/www.ciberbullying.com\\\/cyberbullying\\\/#website\"},\"primaryImageOfPage\":{\"@id\":\"https:\\\/\\\/www.ciberbullying.com\\\/cyberbullying\\\/2016\\\/03\\\/17\\\/formacion-familiar-contra-el-acoso-la-aventura-de-la-crianza\\\/#primaryimage\"},\"image\":{\"@id\":\"https:\\\/\\\/www.ciberbullying.com\\\/cyberbullying\\\/2016\\\/03\\\/17\\\/formacion-familiar-contra-el-acoso-la-aventura-de-la-crianza\\\/#primaryimage\"},\"thumbnailUrl\":\"https:\\\/\\\/www.ciberbullying.com\\\/cyberbullying\\\/wp-content\\\/uploads\\\/2016\\\/03\\\/Acoso_curso_edex_ciberacoso_formaci\u00f3n.png\",\"datePublished\":\"2016-03-17T10:35:15+00:00\",\"author\":{\"@id\":\"https:\\\/\\\/www.ciberbullying.com\\\/cyberbullying\\\/#\\\/schema\\\/person\\\/dff89bf66ee732b07375d9552d359416\"},\"breadcrumb\":{\"@id\":\"https:\\\/\\\/www.ciberbullying.com\\\/cyberbullying\\\/2016\\\/03\\\/17\\\/formacion-familiar-contra-el-acoso-la-aventura-de-la-crianza\\\/#breadcrumb\"},\"inLanguage\":\"es\",\"potentialAction\":[{\"@type\":\"ReadAction\",\"target\":[\"https:\\\/\\\/www.ciberbullying.com\\\/cyberbullying\\\/2016\\\/03\\\/17\\\/formacion-familiar-contra-el-acoso-la-aventura-de-la-crianza\\\/\"]}]},{\"@type\":\"ImageObject\",\"inLanguage\":\"es\",\"@id\":\"https:\\\/\\\/www.ciberbullying.com\\\/cyberbullying\\\/2016\\\/03\\\/17\\\/formacion-familiar-contra-el-acoso-la-aventura-de-la-crianza\\\/#primaryimage\",\"url\":\"https:\\\/\\\/www.ciberbullying.com\\\/cyberbullying\\\/wp-content\\\/uploads\\\/2016\\\/03\\\/Acoso_curso_edex_ciberacoso_formaci\u00f3n.png\",\"contentUrl\":\"https:\\\/\\\/www.ciberbullying.com\\\/cyberbullying\\\/wp-content\\\/uploads\\\/2016\\\/03\\\/Acoso_curso_edex_ciberacoso_formaci\u00f3n.png\",\"width\":811,\"height\":392},{\"@type\":\"BreadcrumbList\",\"@id\":\"https:\\\/\\\/www.ciberbullying.com\\\/cyberbullying\\\/2016\\\/03\\\/17\\\/formacion-familiar-contra-el-acoso-la-aventura-de-la-crianza\\\/#breadcrumb\",\"itemListElement\":[{\"@type\":\"ListItem\",\"position\":1,\"name\":\"Portada\",\"item\":\"https:\\\/\\\/www.ciberbullying.com\\\/cyberbullying\\\/\"},{\"@type\":\"ListItem\",\"position\":2,\"name\":\"Formaci\u00f3n familiar contra el acoso: \u201cLa Aventura de la Crianza\u201d\"}]},{\"@type\":\"WebSite\",\"@id\":\"https:\\\/\\\/www.ciberbullying.com\\\/cyberbullying\\\/#website\",\"url\":\"https:\\\/\\\/www.ciberbullying.com\\\/cyberbullying\\\/\",\"name\":\"CIBERBULLYING\",\"description\":\"Acoso escolar \u2013 Ciberacoso entre iguales\",\"potentialAction\":[{\"@type\":\"SearchAction\",\"target\":{\"@type\":\"EntryPoint\",\"urlTemplate\":\"https:\\\/\\\/www.ciberbullying.com\\\/cyberbullying\\\/?s={search_term_string}\"},\"query-input\":{\"@type\":\"PropertyValueSpecification\",\"valueRequired\":true,\"valueName\":\"search_term_string\"}}],\"inLanguage\":\"es\"},{\"@type\":\"Person\",\"@id\":\"https:\\\/\\\/www.ciberbullying.com\\\/cyberbullying\\\/#\\\/schema\\\/person\\\/dff89bf66ee732b07375d9552d359416\",\"name\":\"PantallasAmigas\",\"image\":{\"@type\":\"ImageObject\",\"inLanguage\":\"es\",\"@id\":\"https:\\\/\\\/secure.gravatar.com\\\/avatar\\\/5eab05966ee30ba2d4bdbc7f83f1eb6c99c4e78cb319c02061c4bb4b7dd85bd8?s=96&d=mm&r=g\",\"url\":\"https:\\\/\\\/secure.gravatar.com\\\/avatar\\\/5eab05966ee30ba2d4bdbc7f83f1eb6c99c4e78cb319c02061c4bb4b7dd85bd8?s=96&d=mm&r=g\",\"contentUrl\":\"https:\\\/\\\/secure.gravatar.com\\\/avatar\\\/5eab05966ee30ba2d4bdbc7f83f1eb6c99c4e78cb319c02061c4bb4b7dd85bd8?s=96&d=mm&r=g\",\"caption\":\"PantallasAmigas\"},\"description\":\"PantallasAmigas es una iniciativa fundada en 2004 cuya misi\u00f3n es promover el uso seguro y saludable de las nuevas tecnolog\u00edas as\u00ed como una ciudadan\u00eda digital responsable en la infancia y la adolescencia.\",\"sameAs\":[\"http:\\\/\\\/www.pantallasamigas.net\"]}]}<\/script>\n<!-- \/ Yoast SEO plugin. -->","yoast_head_json":{"title":"Formaci\u00f3n familiar contra el acoso: \u201cLa Aventura de la Crianza\u201d - CIBERBULLYING","robots":{"index":"index","follow":"follow","max-snippet":"max-snippet:-1","max-image-preview":"max-image-preview:large","max-video-preview":"max-video-preview:-1"},"canonical":"https:\/\/www.ciberbullying.com\/cyberbullying\/2016\/03\/17\/formacion-familiar-contra-el-acoso-la-aventura-de-la-crianza\/","og_locale":"es_ES","og_type":"article","og_title":"Formaci\u00f3n familiar contra el acoso: \u201cLa Aventura de la Crianza\u201d - CIBERBULLYING","og_description":"Curso digital para madres y padres que buscan fortalecer y proteger a su familia \u00a0 Silencio, distancia, da\u00f1o Laura empieza a ser acosada en el patio del colegio. La molestan por su pelo corto que a algunas de sus compa\u00f1eras le parece muy masculino. Ella calla, no quiere que nadie m\u00e1s lo sepa. Pero el [&hellip;]","og_url":"https:\/\/www.ciberbullying.com\/cyberbullying\/2016\/03\/17\/formacion-familiar-contra-el-acoso-la-aventura-de-la-crianza\/","og_site_name":"CIBERBULLYING","article_published_time":"2016-03-17T10:35:15+00:00","og_image":[{"width":811,"height":392,"url":"https:\/\/www.ciberbullying.com\/cyberbullying\/wp-content\/uploads\/2016\/03\/Acoso_curso_edex_ciberacoso_formaci\u00f3n.png","type":"image\/png"}],"author":"PantallasAmigas","twitter_card":"summary_large_image","twitter_misc":{"Escrito por":"PantallasAmigas","Tiempo de lectura":"3 minutos"},"schema":{"@context":"https:\/\/schema.org","@graph":[{"@type":"Article","@id":"https:\/\/www.ciberbullying.com\/cyberbullying\/2016\/03\/17\/formacion-familiar-contra-el-acoso-la-aventura-de-la-crianza\/#article","isPartOf":{"@id":"https:\/\/www.ciberbullying.com\/cyberbullying\/2016\/03\/17\/formacion-familiar-contra-el-acoso-la-aventura-de-la-crianza\/"},"author":{"name":"PantallasAmigas","@id":"https:\/\/www.ciberbullying.com\/cyberbullying\/#\/schema\/person\/dff89bf66ee732b07375d9552d359416"},"headline":"Formaci\u00f3n familiar contra el acoso: \u201cLa Aventura de la Crianza\u201d","datePublished":"2016-03-17T10:35:15+00:00","mainEntityOfPage":{"@id":"https:\/\/www.ciberbullying.com\/cyberbullying\/2016\/03\/17\/formacion-familiar-contra-el-acoso-la-aventura-de-la-crianza\/"},"wordCount":524,"commentCount":2,"image":{"@id":"https:\/\/www.ciberbullying.com\/cyberbullying\/2016\/03\/17\/formacion-familiar-contra-el-acoso-la-aventura-de-la-crianza\/#primaryimage"},"thumbnailUrl":"https:\/\/www.ciberbullying.com\/cyberbullying\/wp-content\/uploads\/2016\/03\/Acoso_curso_edex_ciberacoso_formaci\u00f3n.png","keywords":["acoso","bullying","ciberacoso","ciberbullying","Edex","Escuela Iberoamericana de Habilidades para la vida","familias","formaci\u00f3n","fundaci\u00f3n edex","habilidades para la vida digital","la aventura de la vida","madres","ni\u00f1as","ni\u00f1os","padres","pantallasamigas","prevenci\u00f3n","seguridad"],"articleSection":["Ciberbullying","Estudios","Prevenci\u00f3n"],"inLanguage":"es","potentialAction":[{"@type":"CommentAction","name":"Comment","target":["https:\/\/www.ciberbullying.com\/cyberbullying\/2016\/03\/17\/formacion-familiar-contra-el-acoso-la-aventura-de-la-crianza\/#respond"]}]},{"@type":"WebPage","@id":"https:\/\/www.ciberbullying.com\/cyberbullying\/2016\/03\/17\/formacion-familiar-contra-el-acoso-la-aventura-de-la-crianza\/","url":"https:\/\/www.ciberbullying.com\/cyberbullying\/2016\/03\/17\/formacion-familiar-contra-el-acoso-la-aventura-de-la-crianza\/","name":"Formaci\u00f3n familiar contra el acoso: \u201cLa Aventura de la Crianza\u201d - CIBERBULLYING","isPartOf":{"@id":"https:\/\/www.ciberbullying.com\/cyberbullying\/#website"},"primaryImageOfPage":{"@id":"https:\/\/www.ciberbullying.com\/cyberbullying\/2016\/03\/17\/formacion-familiar-contra-el-acoso-la-aventura-de-la-crianza\/#primaryimage"},"image":{"@id":"https:\/\/www.ciberbullying.com\/cyberbullying\/2016\/03\/17\/formacion-familiar-contra-el-acoso-la-aventura-de-la-crianza\/#primaryimage"},"thumbnailUrl":"https:\/\/www.ciberbullying.com\/cyberbullying\/wp-content\/uploads\/2016\/03\/Acoso_curso_edex_ciberacoso_formaci\u00f3n.png","datePublished":"2016-03-17T10:35:15+00:00","author":{"@id":"https:\/\/www.ciberbullying.com\/cyberbullying\/#\/schema\/person\/dff89bf66ee732b07375d9552d359416"},"breadcrumb":{"@id":"https:\/\/www.ciberbullying.com\/cyberbullying\/2016\/03\/17\/formacion-familiar-contra-el-acoso-la-aventura-de-la-crianza\/#breadcrumb"},"inLanguage":"es","potentialAction":[{"@type":"ReadAction","target":["https:\/\/www.ciberbullying.com\/cyberbullying\/2016\/03\/17\/formacion-familiar-contra-el-acoso-la-aventura-de-la-crianza\/"]}]},{"@type":"ImageObject","inLanguage":"es","@id":"https:\/\/www.ciberbullying.com\/cyberbullying\/2016\/03\/17\/formacion-familiar-contra-el-acoso-la-aventura-de-la-crianza\/#primaryimage","url":"https:\/\/www.ciberbullying.com\/cyberbullying\/wp-content\/uploads\/2016\/03\/Acoso_curso_edex_ciberacoso_formaci\u00f3n.png","contentUrl":"https:\/\/www.ciberbullying.com\/cyberbullying\/wp-content\/uploads\/2016\/03\/Acoso_curso_edex_ciberacoso_formaci\u00f3n.png","width":811,"height":392},{"@type":"BreadcrumbList","@id":"https:\/\/www.ciberbullying.com\/cyberbullying\/2016\/03\/17\/formacion-familiar-contra-el-acoso-la-aventura-de-la-crianza\/#breadcrumb","itemListElement":[{"@type":"ListItem","position":1,"name":"Portada","item":"https:\/\/www.ciberbullying.com\/cyberbullying\/"},{"@type":"ListItem","position":2,"name":"Formaci\u00f3n familiar contra el acoso: \u201cLa Aventura de la Crianza\u201d"}]},{"@type":"WebSite","@id":"https:\/\/www.ciberbullying.com\/cyberbullying\/#website","url":"https:\/\/www.ciberbullying.com\/cyberbullying\/","name":"CIBERBULLYING","description":"Acoso escolar \u2013 Ciberacoso entre iguales","potentialAction":[{"@type":"SearchAction","target":{"@type":"EntryPoint","urlTemplate":"https:\/\/www.ciberbullying.com\/cyberbullying\/?s={search_term_string}"},"query-input":{"@type":"PropertyValueSpecification","valueRequired":true,"valueName":"search_term_string"}}],"inLanguage":"es"},{"@type":"Person","@id":"https:\/\/www.ciberbullying.com\/cyberbullying\/#\/schema\/person\/dff89bf66ee732b07375d9552d359416","name":"PantallasAmigas","image":{"@type":"ImageObject","inLanguage":"es","@id":"https:\/\/secure.gravatar.com\/avatar\/5eab05966ee30ba2d4bdbc7f83f1eb6c99c4e78cb319c02061c4bb4b7dd85bd8?s=96&d=mm&r=g","url":"https:\/\/secure.gravatar.com\/avatar\/5eab05966ee30ba2d4bdbc7f83f1eb6c99c4e78cb319c02061c4bb4b7dd85bd8?s=96&d=mm&r=g","contentUrl":"https:\/\/secure.gravatar.com\/avatar\/5eab05966ee30ba2d4bdbc7f83f1eb6c99c4e78cb319c02061c4bb4b7dd85bd8?s=96&d=mm&r=g","caption":"PantallasAmigas"},"description":"PantallasAmigas es una iniciativa fundada en 2004 cuya misi\u00f3n es promover el uso seguro y saludable de las nuevas tecnolog\u00edas as\u00ed como una ciudadan\u00eda digital responsable en la infancia y la adolescencia.","sameAs":["http:\/\/www.pantallasamigas.net"]}]}},"_links":{"self":[{"href":"https:\/\/www.ciberbullying.com\/cyberbullying\/wp-json\/wp\/v2\/posts\/1005","targetHints":{"allow":["GET"]}}],"collection":[{"href":"https:\/\/www.ciberbullying.com\/cyberbullying\/wp-json\/wp\/v2\/posts"}],"about":[{"href":"https:\/\/www.ciberbullying.com\/cyberbullying\/wp-json\/wp\/v2\/types\/post"}],"author":[{"embeddable":true,"href":"https:\/\/www.ciberbullying.com\/cyberbullying\/wp-json\/wp\/v2\/users\/1"}],"replies":[{"embeddable":true,"href":"https:\/\/www.ciberbullying.com\/cyberbullying\/wp-json\/wp\/v2\/comments?post=1005"}],"version-history":[{"count":1,"href":"https:\/\/www.ciberbullying.com\/cyberbullying\/wp-json\/wp\/v2\/posts\/1005\/revisions"}],"predecessor-version":[{"id":1007,"href":"https:\/\/www.ciberbullying.com\/cyberbullying\/wp-json\/wp\/v2\/posts\/1005\/revisions\/1007"}],"wp:featuredmedia":[{"embeddable":true,"href":"https:\/\/www.ciberbullying.com\/cyberbullying\/wp-json\/wp\/v2\/media\/1006"}],"wp:attachment":[{"href":"https:\/\/www.ciberbullying.com\/cyberbullying\/wp-json\/wp\/v2\/media?parent=1005"}],"wp:term":[{"taxonomy":"category","embeddable":true,"href":"https:\/\/www.ciberbullying.com\/cyberbullying\/wp-json\/wp\/v2\/categories?post=1005"},{"taxonomy":"post_tag","embeddable":true,"href":"https:\/\/www.ciberbullying.com\/cyberbullying\/wp-json\/wp\/v2\/tags?post=1005"}],"curies":[{"name":"wp","href":"https:\/\/api.w.org\/{rel}","templated":true}]}}